{"id":586454,"date":"2025-12-08T13:56:16","date_gmt":"2025-12-08T13:56:16","guid":{"rendered":"https:\/\/www.europesays.com\/fr\/586454\/"},"modified":"2025-12-08T13:56:16","modified_gmt":"2025-12-08T13:56:16","slug":"lue-denonce-la-nouvelle-strategie-de-securite-americaine-liberation","status":"publish","type":"post","link":"https:\/\/www.europesays.com\/fr\/586454\/","title":{"rendered":"l\u2019UE d\u00e9nonce la nouvelle strat\u00e9gie de s\u00e9curit\u00e9 am\u00e9ricaine \u2013 Lib\u00e9ration"},"content":{"rendered":"<p class=\"sc-cPiKLX AiZTS text-element\">Apr\u00e8s des premi\u00e8res r\u00e9actions <a href=\"https:\/\/www.liberation.fr\/international\/europe\/nous-devons-rester-unis-la-diplomatie-europeenne-choisit-la-desescalade-face-a-ladministration-trump-20251206_JBZCGCVY4NEXFMKWV4AT4KHI3E\/\" target=\"_blank\" rel=\"noreferrer noopener\" title=\"https:\/\/www.liberation.fr\/international\/europe\/nous-devons-rester-unis-la-diplomatie-europeenne-choisit-la-desescalade-face-a-ladministration-trump-20251206_JBZCGCVY4NEXFMKWV4AT4KHI3E\/\">cherchant plut\u00f4t l\u2019apaisement<\/a>, l\u2019Europe commence \u00e0 montrer (un peu) les dents. Antonio Costa, pr\u00e9sident du Conseil europ\u00e9en, qui repr\u00e9sente l\u2019ensemble des chefs d\u2019Etat de l\u2019UE et d\u00e9finit les grandes orientations de l\u2019Union, s\u2019en est pris ce lundi 8 d\u00e9cembre \u00e0 <a href=\"https:\/\/www.liberation.fr\/international\/amerique\/suprematie-americaine-a-restaurer-effacement-civilisationnel-de-leurope-washington-devoile-la-strategie-de-defense-nationale-de-trump-20251205_DREVBQ4VB5AS7FT2YIY2WSA5IU\/\" target=\"_blank\" rel=\"noreferrer noopener\" title=\"https:\/\/www.liberation.fr\/international\/amerique\/suprematie-americaine-a-restaurer-effacement-civilisationnel-de-leurope-washington-devoile-la-strategie-de-defense-nationale-de-trump-20251205_DREVBQ4VB5AS7FT2YIY2WSA5IU\/\">la nouvelle strat\u00e9gie de s\u00e9curit\u00e9 am\u00e9ricaine<\/a>. Pr\u00e9sent\u00e9 vendredi, ce document critique notamment les Europ\u00e9ens et leurs politiques qui, selon l\u2019administration Trump, \u00abcensurent la libert\u00e9 d\u2019expression et r\u00e9priment l\u2019opposition politique\u00bb.<\/p>\n<p class=\"sc-cPiKLX AiZTS text-element\">\u00abLes Etats-Unis ne peuvent pas remplacer les citoyens europ\u00e9ens pour choisir quels sont les bons partis et les mauvais partis. Ce qu\u2019on ne peut pas accepter, c\u2019est <a href=\"https:\/\/www.liberation.fr\/international\/europe\/de-rome-a-londres-en-passant-par-berlin-lingerence-permanente-delon-musk-20250111_XSFZ45EUSZHPVGFVD2GSKSUHRQ\/\" target=\"_blank\" rel=\"noreferrer noopener\" title=\"https:\/\/www.liberation.fr\/international\/europe\/de-rome-a-londres-en-passant-par-berlin-lingerence-permanente-delon-musk-20250111_XSFZ45EUSZHPVGFVD2GSKSUHRQ\/\">cette menace d\u2019interf\u00e9rence<\/a> dans la vie politique de l\u2019Europe\u00bb, a cingl\u00e9 Antonio Costa lors d\u2019une intervention \u00e0 l\u2019Institut Jacques Delors.<\/p>\n<p class=\"sc-cPiKLX AiZTS text-element\">\u00abOn a des diff\u00e9rences sur notre vision du monde, mais cela va au-del\u00e0 de \u00e7a. Cette strat\u00e9gie continue \u00e0 parler de l\u2019Europe en tant qu\u2019alli\u00e9e. C\u2019est bien, mais si on est des alli\u00e9s, on doit agir en tant qu\u2019alli\u00e9s [\u2026] <a href=\"https:\/\/www.liberation.fr\/economie\/economie-numerique\/ladministration-trump-fait-la-chasse-a-la-diversite-dans-les-entreprises-francaises-20250328_LMODLCLEABHRDDV3B2SPNPLZV4\/\" target=\"_blank\" rel=\"noreferrer noopener\" title=\"https:\/\/www.liberation.fr\/economie\/economie-numerique\/ladministration-trump-fait-la-chasse-a-la-diversite-dans-les-entreprises-francaises-20250328_LMODLCLEABHRDDV3B2SPNPLZV4\/\">On respecte la souverainet\u00e9 des uns et des autres<\/a>\u00bb, a martel\u00e9 le pr\u00e9sident du Conseil europ\u00e9en. Et celui-ci d\u2019ajouter : \u00abLes Etats-Unis restent un alli\u00e9 important, les Etats-Unis restent un partenaire \u00e9conomique important, mais notre Europe doit \u00eatre souveraine.\u00bb<\/p>\n<p class=\"sc-cPiKLX AiZTS text-element\"><a href=\"https:\/\/www.liberation.fr\/international\/amerique\/la-diplomatie-selon-trump-14-il-a-vide-la-politique-etrangere-americaine-de-son-cadre-ethique-et-moral-20250918_LC6ZPSNRDZCR5LCWIBAMP7BKBM\/\" target=\"_blank\" rel=\"noreferrer noopener\" title=\"https:\/\/www.liberation.fr\/international\/amerique\/la-diplomatie-selon-trump-14-il-a-vide-la-politique-etrangere-americaine-de-son-cadre-ethique-et-moral-20250918_LC6ZPSNRDZCR5LCWIBAMP7BKBM\/\">L\u2019administration Trump<\/a> a publi\u00e9 vendredi un document de 33 pages qui red\u00e9finit sa \u00abStrat\u00e9gie de s\u00e9curit\u00e9 nationale\u00bb. Ce texte, dont la publication \u00e9tait tr\u00e8s attendue, couche sur le papier l\u2019offensive lanc\u00e9e par Washington depuis des mois contre l\u2019Europe.<\/p>\n<p class=\"sc-cPiKLX AiZTS text-element\">Il cible, p\u00eale-m\u00eale, les instances europ\u00e9ennes \u00abqui sapent la libert\u00e9 politique et la souverainet\u00e9\u00bb, les politiques migratoires, \u00abla censure de la libert\u00e9 d\u2019expression et la r\u00e9pression de l\u2019opposition politique, l\u2019effondrement des taux de natalit\u00e9 et la perte des identit\u00e9s nationales et de la confiance en soi\u00bb en Europe, sugg\u00e9rant au passage que l\u2019UE \u00ababandonne son obsession infructueuse pour l\u2019asphyxie r\u00e9glementaire\u00bb.<\/p>\n<p class=\"sc-cPiKLX AiZTS text-element\">Dans le document, les Etats-Unis anticipent \u00e9galement <a href=\"https:\/\/www.liberation.fr\/international\/europe\/a-munich-les-etats-unis-evitent-le-sujet-ukrainien-mais-sermonnent-leurope-20250214_EGSWOQSZO5EPRPXYQS24XF6MGI\/\" target=\"_blank\" rel=\"noreferrer noopener\" title=\"https:\/\/www.liberation.fr\/international\/europe\/a-munich-les-etats-unis-evitent-le-sujet-ukrainien-mais-sermonnent-leurope-20250214_EGSWOQSZO5EPRPXYQS24XF6MGI\/\">l\u2019\u00abeffacement civilisationnel\u00bb de l\u2019Europe<\/a> et pr\u00f4nent la lutte contre les \u00abmigrations de masse\u00bb ainsi que la \u00absupr\u00e9matie am\u00e9ricaine\u00bb en Am\u00e9rique latine. \u00abSi les tendances actuelles se poursuivent, le continent [europ\u00e9en] sera m\u00e9connaissable dans 20 ans ou moins\u00bb, r\u00e9sume Donald Trump en pr\u00e9face du document.<\/p>\n<p class=\"sc-cPiKLX AiZTS text-element\">Le Kremlin a de son c\u00f4t\u00e9 salu\u00e9 un document promettant qu\u2019il n\u2019y aurait aucun <a href=\"https:\/\/www.liberation.fr\/idees-et-debats\/tribunes\/elargissement-de-lotan-il-ne-faut-pas-menager-vladimir-poutine-20220516_WSIGS7Q6CNCXZI7HK3Z2TRQ2B4\/\" target=\"_blank\" rel=\"noreferrer noopener\" title=\"https:\/\/www.liberation.fr\/idees-et-debats\/tribunes\/elargissement-de-lotan-il-ne-faut-pas-menager-vladimir-poutine-20220516_WSIGS7Q6CNCXZI7HK3Z2TRQ2B4\/\">\u00e9largissement de l\u2019Otan<\/a> et qui m\u00e9nage largement la Russie. \u00abLes ajustements que nous observons, je dirais, sont globalement conformes \u00e0 notre vision\u00bb, a ainsi d\u00e9clar\u00e9 dimanche le porte-parole du Kremlin, Dmitri Peskov, dans un entretien accord\u00e9 \u00e0 la t\u00e9l\u00e9vision publique russe Rossia.<\/p>\n<p class=\"sc-cPiKLX AiZTS text-element\">Les pr\u00e9sidents am\u00e9ricains publient g\u00e9n\u00e9ralement une pr\u00e9sentation strat\u00e9gique de ce type \u00e0 chaque mandat. La derni\u00e8re, publi\u00e9e par Joe Biden en 2022, avait mis l\u2019accent sur l\u2019acquisition d\u2019un avantage comp\u00e9titif sur la Chine tout en limitant une Russie jug\u00e9e \u00abdangereuse\u00bb.<\/p>\n","protected":false},"excerpt":{"rendered":"Apr\u00e8s des premi\u00e8res r\u00e9actions cherchant plut\u00f4t l\u2019apaisement, l\u2019Europe commence \u00e0 montrer (un peu) les dents. Antonio Costa, pr\u00e9sident&hellip;\n","protected":false},"author":2,"featured_media":586455,"comment_status":"","ping_status":"","sticky":false,"template":"","format":"standard","meta":{"footnotes":""},"categories":[2],"tags":[11,73,1011,27,12,25,364],"class_list":{"0":"post-586454","1":"post","2":"type-post","3":"status-publish","4":"format-standard","5":"has-post-thumbnail","7":"category-actualites","8":"tag-actualites","9":"tag-etats-unis","10":"tag-fr","11":"tag-france","12":"tag-news","13":"tag-republique-francaise","14":"tag-union-europeenne"},"share_on_mastodon":{"url":"https:\/\/pubeurope.com\/@fr\/115684296965486697","error":""},"_links":{"self":[{"href":"https:\/\/www.europesays.com\/fr\/wp-json\/wp\/v2\/posts\/586454","targetHints":{"allow":["GET"]}}],"collection":[{"href":"https:\/\/www.europesays.com\/fr\/wp-json\/wp\/v2\/posts"}],"about":[{"href":"https:\/\/www.europesays.com\/fr\/wp-json\/wp\/v2\/types\/post"}],"author":[{"embeddable":true,"href":"https:\/\/www.europesays.com\/fr\/wp-json\/wp\/v2\/users\/2"}],"replies":[{"embeddable":true,"href":"https:\/\/www.europesays.com\/fr\/wp-json\/wp\/v2\/comments?post=586454"}],"version-history":[{"count":0,"href":"https:\/\/www.europesays.com\/fr\/wp-json\/wp\/v2\/posts\/586454\/revisions"}],"wp:featuredmedia":[{"embeddable":true,"href":"https:\/\/www.europesays.com\/fr\/wp-json\/wp\/v2\/media\/586455"}],"wp:attachment":[{"href":"https:\/\/www.europesays.com\/fr\/wp-json\/wp\/v2\/media?parent=586454"}],"wp:term":[{"taxonomy":"category","embeddable":true,"href":"https:\/\/www.europesays.com\/fr\/wp-json\/wp\/v2\/categories?post=586454"},{"taxonomy":"post_tag","embeddable":true,"href":"https:\/\/www.europesays.com\/fr\/wp-json\/wp\/v2\/tags?post=586454"}],"curies":[{"name":"wp","href":"https:\/\/api.w.org\/{rel}","templated":true}]}}