{"id":586460,"date":"2025-12-08T14:00:18","date_gmt":"2025-12-08T14:00:18","guid":{"rendered":"https:\/\/www.europesays.com\/fr\/586460\/"},"modified":"2025-12-08T14:00:18","modified_gmt":"2025-12-08T14:00:18","slug":"exclu-midol-pro-d2-transferts-sadek-deghmache-provence-rugby-vers-un-arret-de-carriere-avec-effet-immediat","status":"publish","type":"post","link":"https:\/\/www.europesays.com\/fr\/586460\/","title":{"rendered":"Exclu Midol. Pro D2 \/ Transferts \u2013 Sadek Deghmache (Provence Rugby) vers un arr\u00eat de carri\u00e8re avec effet imm\u00e9diat"},"content":{"rendered":"<p>\n                Selon nos informations, le demi de m\u00eal\u00e9e de Provence Rugby serait proche de raccrocher les crampons pour raisons personnelles. Les dirigeants proven\u00e7aux ont de leur c\u00f4t\u00e9 d\u00e9j\u00e0 commenc\u00e9 \u00e0 plancher sur la question de son rempla\u00e7ant au poste.\n            <\/p>\n<p>C\u2019est une\u00a0mauvaise nouvelle qui se profile pour le club de Provence Rugby\u00a0: recrue majeure de l\u2019intersaison, Sadek Deghmache (30 ans) est en passe de tirer sa r\u00e9v\u00e9rence. Le Catalan d\u2019origine, qui n\u2019a \u00e9t\u00e9 titularis\u00e9 qu\u2019\u00e0 trois reprises cette saison, a \u00e9mis, dans le week-end, l\u2019envie de raccrocher les crampons\u00a0pour raisons personnelles.<\/p>\n<p>Selon nos informations, cette vell\u00e9it\u00e9 \u2013 qui ne s\u2019est pas infl\u00e9chie \u2013 risque fort d\u2019aboutir, en milieu de semaine, \u00e0 son d\u00e9part officiel de Provence Rugby et \u00e0 son arr\u00eat de carri\u00e8re avec effet imm\u00e9diat. Pass\u00e9\u00a0par Colomiers la saison derni\u00e8re, o\u00f9 il avait r\u00e9ussi \u00e0 rebondir brillamment au point de\u00a0convaincre\u00a0les recruteurs aixois de miser sur lui, Sadek Deghmache\u00a0aura avant tout\u00a0marqu\u00e9 de son empreinte l\u2019histoire de l\u2019Usap.<\/p>\n<p>Une convocation en 2023<\/p>\n<p>Entre ses d\u00e9buts en 2016 en Pro D2 et son d\u00e9part en janvier\u00a02025, l\u2019ancien espoir du C\u00e9ret Sportif a disput\u00e9 170 matchs avec son club de c\u0153ur, inscrivant dix-neuf essais au passage. Au terme d\u2019une belle saison 2022-2023, au cours de laquelle il avait \u00e9t\u00e9 un acteur cl\u00e9 du maintien catalan, il\u00a0avait m\u00eame re\u00e7u\u00a0une convocation au sein du groupe France pour un stage \u00e0 Marcoussis. Un accessit qui a marqu\u00e9 le sommet de son parcours.<\/p>\n<p>Devant l\u2019imminence de ce d\u00e9part, les d\u00e9cideurs proven\u00e7aux\u00a0se sont d\u00e9j\u00e0\u00a0mis \u00e0 la recherche d\u2019un rempla\u00e7ant pour\u00a0\u00e9pauler Arthur Coville et Joris Cazenave dans les prochaines semaines. Avec douze joueurs non-Jiff dans son effectif, il reste une possibilit\u00e9 aux Aixois d\u2019aller chercher un joueur \u00e9tranger.<\/p>\n","protected":false},"excerpt":{"rendered":"Selon nos informations, le demi de m\u00eal\u00e9e de Provence Rugby serait proche de raccrocher les crampons pour raisons&hellip;\n","protected":false},"author":2,"featured_media":586461,"comment_status":"","ping_status":"","sticky":false,"template":"","format":"standard","meta":{"footnotes":""},"categories":[1416],"tags":[1011,27,10421,479,1468,60],"class_list":{"0":"post-586460","1":"post","2":"type-post","3":"status-publish","4":"format-standard","5":"has-post-thumbnail","7":"category-rugby","8":"tag-fr","9":"tag-france","10":"tag-provence-rugby","11":"tag-rugby","12":"tag-rugby-football","13":"tag-sports"},"share_on_mastodon":{"url":"https:\/\/pubeurope.com\/@fr\/115684312568885239","error":""},"_links":{"self":[{"href":"https:\/\/www.europesays.com\/fr\/wp-json\/wp\/v2\/posts\/586460","targetHints":{"allow":["GET"]}}],"collection":[{"href":"https:\/\/www.europesays.com\/fr\/wp-json\/wp\/v2\/posts"}],"about":[{"href":"https:\/\/www.europesays.com\/fr\/wp-json\/wp\/v2\/types\/post"}],"author":[{"embeddable":true,"href":"https:\/\/www.europesays.com\/fr\/wp-json\/wp\/v2\/users\/2"}],"replies":[{"embeddable":true,"href":"https:\/\/www.europesays.com\/fr\/wp-json\/wp\/v2\/comments?post=586460"}],"version-history":[{"count":0,"href":"https:\/\/www.europesays.com\/fr\/wp-json\/wp\/v2\/posts\/586460\/revisions"}],"wp:featuredmedia":[{"embeddable":true,"href":"https:\/\/www.europesays.com\/fr\/wp-json\/wp\/v2\/media\/586461"}],"wp:attachment":[{"href":"https:\/\/www.europesays.com\/fr\/wp-json\/wp\/v2\/media?parent=586460"}],"wp:term":[{"taxonomy":"category","embeddable":true,"href":"https:\/\/www.europesays.com\/fr\/wp-json\/wp\/v2\/categories?post=586460"},{"taxonomy":"post_tag","embeddable":true,"href":"https:\/\/www.europesays.com\/fr\/wp-json\/wp\/v2\/tags?post=586460"}],"curies":[{"name":"wp","href":"https:\/\/api.w.org\/{rel}","templated":true}]}}