{"id":586464,"date":"2025-12-08T14:06:13","date_gmt":"2025-12-08T14:06:13","guid":{"rendered":"https:\/\/www.europesays.com\/fr\/586464\/"},"modified":"2025-12-08T14:06:13","modified_gmt":"2025-12-08T14:06:13","slug":"soudal-quick-step-devo-team-leffectif-2026-actualite","status":"publish","type":"post","link":"https:\/\/www.europesays.com\/fr\/586464\/","title":{"rendered":"Soudal Quick-Step Devo Team : L\u2019effectif 2026 &#8211; Actualit\u00e9"},"content":{"rendered":"<p style=\"text-align: justify;\">La\u00a0<strong><a href=\"https:\/\/www.directvelo.com\/equipe\/2455\/soudal-quick-step-devo-team\" target=\"_blank\" rel=\"noopener\">Soudal Quick-Step Devo Team<\/a><\/strong> poss\u00e8de un effectif de 16 coureurs pour la saison 2026. La Continentale belge compte quatre recrues dont les exp\u00e9riment\u00e9s C\u00e9riel Desal et Stan Van Tricht, ainsi que le Fran\u00e7ais Luc Royer qui sort des rangs Juniors. Cinq coureurs quittent l\u2019\u00e9quipe dont Jonathan Vervenne promu au sein de la WorldTeam <strong><a href=\"https:\/\/www.directvelo.com\/equipe\/1143\/soudal-quick-step\" target=\"_blank\" rel=\"noopener\">Soudal Quick-Step<\/a><\/strong>.<\/p>\n<p style=\"text-align: justify;\"><strong>L\u2019effectif 2026 de Soudal Quick-Step Devo Team :<\/strong><br \/>Jose Said Cisneros Diaz de Leon, 18 ans (A.R. Monex Pro Cycling Team U19)<br \/>Matthijs De Clercq, 19 ans<br \/>C\u00e9riel Desal, 26 ans (Wagner Bazin WB)<br \/>Hodei Munoz Gabina, 19 ans<br \/>Henrique Ribeiro Bravo, 19 ans<br \/>Luc Royer, 18 ans (VC Pays de Loud\u00e9ac Junior)<br \/>Federico Savino, 21 ans<br \/>Joeri Schaper, 19 ans<br \/>Jasper Schoofs, 19 ans<br \/>Gauthier Servranckx, 20 ans<br \/>Viktor Soenens, 20 ans<br \/>Erazem Valjavec, 19 ans<br \/>Matijs Van Strijthem, 19 ans<br \/>Stan Van Tricht, 26 ans (Alpecin-Premier Tech)<br \/>Lars Vanden Heede, 20 ans<br \/>Marc Zafra Coronellas, 19 ans<\/p>\n<p>Les d\u00e9parts : Renato Favero (Biesse-Carrera-Premac), Jelle Harteel (Tarteletto-Isorex), Senne Hulsmans (Volkerwessels Cycling Team), Thomas Pesenti (Team Polti VisitMalta) et Jonathan Vervenne (Soudal Quick-Step).<\/p>\n<p>\u00a0<\/p>\n","protected":false},"excerpt":{"rendered":"La\u00a0Soudal Quick-Step Devo Team poss\u00e8de un effectif de 16 coureurs pour la saison 2026. La Continentale belge compte&hellip;\n","protected":false},"author":2,"featured_media":586465,"comment_status":"","ping_status":"","sticky":false,"template":"","format":"standard","meta":{"footnotes":""},"categories":[1411],"tags":[834,828,836,829,837,827,83,826,824,823,1154,207,814,817,815,816,822,821,832,211,839,1011,27,820,818,819,835,831,830,833,838,60,212,208,825],"class_list":{"0":"post-586464","1":"post","2":"type-post","3":"status-publish","4":"format-standard","5":"has-post-thumbnail","7":"category-cyclisme","8":"tag-attaque","9":"tag-belgique","10":"tag-braquet","11":"tag-bretagne","12":"tag-chute","13":"tag-competition","14":"tag-coupe-de-france","15":"tag-coureur","16":"tag-course-cyclisme","17":"tag-course-cycliste","18":"tag-cycling","19":"tag-cyclisme","20":"tag-direct","21":"tag-direct-velo","22":"tag-directvelo","23":"tag-directvelo-com","24":"tag-epreuve","25":"tag-epreuve-cycliste","26":"tag-federation-francaise-de-cyclisme","27":"tag-ffc","28":"tag-flandres","29":"tag-fr","30":"tag-france","31":"tag-live","32":"tag-live-course","33":"tag-live-epreuve","34":"tag-peloton","35":"tag-radio-peloton","36":"tag-radio-tour","37":"tag-ravitaillement","38":"tag-relance","39":"tag-sports","40":"tag-uci","41":"tag-velo","42":"tag-velos"},"share_on_mastodon":{"url":"https:\/\/pubeurope.com\/@fr\/115684336422127457","error":""},"_links":{"self":[{"href":"https:\/\/www.europesays.com\/fr\/wp-json\/wp\/v2\/posts\/586464","targetHints":{"allow":["GET"]}}],"collection":[{"href":"https:\/\/www.europesays.com\/fr\/wp-json\/wp\/v2\/posts"}],"about":[{"href":"https:\/\/www.europesays.com\/fr\/wp-json\/wp\/v2\/types\/post"}],"author":[{"embeddable":true,"href":"https:\/\/www.europesays.com\/fr\/wp-json\/wp\/v2\/users\/2"}],"replies":[{"embeddable":true,"href":"https:\/\/www.europesays.com\/fr\/wp-json\/wp\/v2\/comments?post=586464"}],"version-history":[{"count":0,"href":"https:\/\/www.europesays.com\/fr\/wp-json\/wp\/v2\/posts\/586464\/revisions"}],"wp:featuredmedia":[{"embeddable":true,"href":"https:\/\/www.europesays.com\/fr\/wp-json\/wp\/v2\/media\/586465"}],"wp:attachment":[{"href":"https:\/\/www.europesays.com\/fr\/wp-json\/wp\/v2\/media?parent=586464"}],"wp:term":[{"taxonomy":"category","embeddable":true,"href":"https:\/\/www.europesays.com\/fr\/wp-json\/wp\/v2\/categories?post=586464"},{"taxonomy":"post_tag","embeddable":true,"href":"https:\/\/www.europesays.com\/fr\/wp-json\/wp\/v2\/tags?post=586464"}],"curies":[{"name":"wp","href":"https:\/\/api.w.org\/{rel}","templated":true}]}}