{"id":586468,"date":"2025-12-08T14:08:19","date_gmt":"2025-12-08T14:08:19","guid":{"rendered":"https:\/\/www.europesays.com\/fr\/586468\/"},"modified":"2025-12-08T14:08:19","modified_gmt":"2025-12-08T14:08:19","slug":"sa-maison-du-clos-saint-nicolas-en-normandie","status":"publish","type":"post","link":"https:\/\/www.europesays.com\/fr\/586468\/","title":{"rendered":"sa maison du Clos Saint-Nicolas en Normandie"},"content":{"rendered":"<p>En Normandie, \u00e0 quelques minutes d\u2019Honfleur, une discr\u00e8te<br \/>\ndemeure de briques rouges continue de nourrir la l\u00e9gende de France<br \/>\nGall. La chanteuse et Michel Berger l\u2019avaient achet\u00e9e dans les<br \/>\nann\u00e9es soixante-dix, en faisant non seulement leur refuge pr\u00e9f\u00e9r\u00e9<br \/>\nmais aussi un v\u00e9ritable laboratoire cr\u00e9atif. C\u2019est l\u00e0 qu\u2019ils<br \/>\nauraient, dit-on, compos\u00e9 R\u00e9siste, l\u2019un des titres les plus<br \/>\nembl\u00e9matiques de leur duo artistique. Sept ans apr\u00e8s la disparition<br \/>\nde France Gall, que reste-t-il de ce lieu si \u00e9troitement li\u00e9 \u00e0 leur<br \/>\nhistoire ?<\/p>\n<p>France Gall : une maison normande charg\u00e9e d\u2019inspiration<\/p>\n<p>Install\u00e9e dans la commune de Vasouy, non loin d\u2019Honfleur, la<br \/>\n<strong>maison du Clos Saint-Nicolas<\/strong> fut pour <a href=\"https:\/\/www.lejournaldelamaison.fr\/le-journal-de-la-maison\/reportages-maisons\/maisons-reportages-maisons\/michel-berger-villa-beausejour-dernier-repaire-parisien-chanteur-avec-france-gall-529716.html\" target=\"_blank\" rel=\"noopener\"><br \/>\nFrance Gall et Michel Berger<\/a> une seconde maison o\u00f9 l\u2019on venait<br \/>\nchercher la tranquillit\u00e9. La chanteuse \u00e9voquait en 1993, dans<br \/>\nFr\u00e9quence Star, \u00ab un endroit merveilleux pour se reposer<br \/>\n\u00bb, d\u00e9crivant d\u00e9j\u00e0 la place centrale qu\u2019y occupait ce refuge. Selon<br \/>\nG\u00e9rard Lust, ancien maire de la commune, la propri\u00e9t\u00e9 avait \u00e9t\u00e9<br \/>\nagrandie \u00e0 l\u2019\u00e9poque par le <strong>fr\u00e8re de Michel Berger<\/strong>,<br \/>\narchitecte. Une transformation qui avait renforc\u00e9 l\u2019attachement du<br \/>\ncouple \u00e0 ce lieu con\u00e7u sur mesure pour eux. Entre ces<br \/>\n<strong>murs<\/strong> aurait vu le jour R\u00e9siste, morceau devenu<br \/>\nsymbole de libert\u00e9 et de d\u00e9termination.<\/p>\n<p>La maison de France Gall en Normandie : un lieu de discr\u00e9tion<br \/>\net de r\u00e9confort<\/p>\n<p>France Gall appr\u00e9ciait la solitude bienveillante qu\u2019offrait la<br \/>\n<a href=\"https:\/\/www.lejournaldelamaison.fr\/le-journal-de-la-maison\/reportages-maisons\/maisons-bord-de-mer\/lou-doillon-normandie-528676.html\" target=\"_blank\" rel=\"noopener\"><br \/>\n<strong>maison de Normandie<\/strong><\/a>. R\u00e9serv\u00e9e, elle faisait<br \/>\ntout pour passer inaper\u00e7ue lorsqu\u2019elle sortait, lunettes oversized<br \/>\net chapeau en renfort, en vain, comme le racontent plusieurs<br \/>\nt\u00e9moins locaux. <strong>Claude Morel,<\/strong> maire d\u00e9l\u00e9gu\u00e9 de<br \/>\nVasouy, se souvient d\u2019une artiste attach\u00e9e \u00e0 la r\u00e9gion et \u00e0 cette<br \/>\npropri\u00e9t\u00e9 agrandie dans les ann\u00e9es soixante-dix. Elle y s\u00e9journait<br \/>\n<strong>pour souffler, loin du tumulte parisien et de la<br \/>\nsc\u00e8ne.<\/strong><\/p>\n<p>La <a href=\"https:\/\/www.lejournaldelamaison.fr\/le-journal-de-la-maison\/reportages-maisons\/maisons-campagne\/michel-audiard-reconstitue-atmosphere-parisienne-derniere-demeure-dourdan-allure-grande-maison-bourgeoise-529584.html\" target=\"_blank\" rel=\"noopener\"><br \/>\ndemeure<\/a> a aussi \u00e9t\u00e9 le refuge o\u00f9 elle s\u00a0\u00bbest sans doute retir\u00e9e<br \/>\napr\u00e8s des drames personnels, dont la disparition de <strong>Michel<br \/>\nBerger<\/strong> en 1992 puis celle de leur fille Pauline en 1997.<br \/>\nLe <strong>piano<\/strong> du compositeur y est toujours pr\u00e9sent,<br \/>\nt\u00e9moin silencieux de moments de cr\u00e9ation partag\u00e9s.<\/p>\n<blockquote class=\"instagram-media\" style=\"background: #ffffff;border: 0;margin: 1px;width: 100%;padding: 0;max-width: 500px;\" data-instgrm-permalink=\"https:\/\/www.instagram.com\/p\/DA6NiiEo7a2\/\" data-instgrm-version=\"14\"\/><p>\nFrance Gall : un lieu de m\u00e9moire devenu<br \/>\np\u00e8lerinage<\/p>\n<p>Longtemps tenue secr\u00e8te par la chanteuse, la <strong>maison du<br \/>\nClos Saint-Nicolas<\/strong> a finalement \u00e9t\u00e9 propuls\u00e9e dans la<br \/>\nlumi\u00e8re apr\u00e8s son d\u00e9c\u00e8s, le 7 janvier 2018. D\u00e8s le lendemain, des<br \/>\nhommages ont commenc\u00e9 \u00e0 fleurir devant la <a href=\"https:\/\/www.lejournaldelamaison.fr\/le-journal-de-la-maison\/reportages-maisons\/virginie-efira-maison-saint-maur-des-fosses-reve-520169.html\" target=\"_blank\" rel=\"noopener\"><br \/>\nfa\u00e7ade<\/a> : bouquets, messages, objets d\u00e9pos\u00e9s par des admirateurs<br \/>\net des riverains boulevers\u00e9s. Sans jamais avoir \u00e9t\u00e9 pens\u00e9e pour<br \/>\ncela, la demeure est devenue un lieu de recueillement, un point<br \/>\nd\u2019ancrage pour celles et ceux qui souhaitent saluer la m\u00e9moire de<br \/>\nl\u2019interpr\u00e8te de \u00c9videmment. Aujourd\u2019hui encore, <strong><a href=\"https:\/\/www.lejournaldelamaison.fr\/le-journal-de-la-maison\/reportages-maisons\/maisons-campagne\/evelyne-dheliat-batisse-normande-colombages-village-thomer-la-sogne-528967.html\" target=\"_blank\" rel=\"noopener\"><br \/>\nce havre normand<\/a><\/strong> pr\u00e9serve le souvenir d\u2019une artiste<br \/>\nprofond\u00e9ment attach\u00e9e aux lieux o\u00f9 elle vivait, et qui y a trouv\u00e9<br \/>\nune part essentielle de son \u00e9quilibre.<\/p>\n<p><script async src=\"\/\/www.instagram.com\/embed.js\"><\/script><\/p>\n","protected":false},"excerpt":{"rendered":"En Normandie, \u00e0 quelques minutes d\u2019Honfleur, une discr\u00e8te demeure de briques rouges continue de nourrir la l\u00e9gende de&hellip;\n","protected":false},"author":2,"featured_media":586469,"comment_status":"","ping_status":"","sticky":false,"template":"","format":"standard","meta":{"footnotes":""},"categories":[1359],"tags":[3396,69924,6692,58,3029,3026,69925,59,1011,27,51675,22291,2142,27036,3103,3957,5161,14992,973,471,16132,47483,10649,3213,16283,9066],"class_list":{"0":"post-586468","1":"post","2":"type-post","3":"status-publish","4":"format-standard","5":"has-post-thumbnail","7":"category-people","8":"tag-avec","9":"tag-berger","10":"tag-clos","11":"tag-divertissement","12":"tag-du","13":"tag-en","14":"tag-endroit","15":"tag-entertainment","16":"tag-fr","17":"tag-france","18":"tag-gall","19":"tag-intime","20":"tag-maison","21":"tag-merveilleux","22":"tag-michel","23":"tag-nicolas","24":"tag-normandie","25":"tag-partage","26":"tag-people","27":"tag-pour","28":"tag-refuge","29":"tag-reposer","30":"tag-sa","31":"tag-saint","32":"tag-se","33":"tag-un"},"share_on_mastodon":{"url":"https:\/\/pubeurope.com\/@fr\/115684344138291390","error":""},"_links":{"self":[{"href":"https:\/\/www.europesays.com\/fr\/wp-json\/wp\/v2\/posts\/586468","targetHints":{"allow":["GET"]}}],"collection":[{"href":"https:\/\/www.europesays.com\/fr\/wp-json\/wp\/v2\/posts"}],"about":[{"href":"https:\/\/www.europesays.com\/fr\/wp-json\/wp\/v2\/types\/post"}],"author":[{"embeddable":true,"href":"https:\/\/www.europesays.com\/fr\/wp-json\/wp\/v2\/users\/2"}],"replies":[{"embeddable":true,"href":"https:\/\/www.europesays.com\/fr\/wp-json\/wp\/v2\/comments?post=586468"}],"version-history":[{"count":0,"href":"https:\/\/www.europesays.com\/fr\/wp-json\/wp\/v2\/posts\/586468\/revisions"}],"wp:featuredmedia":[{"embeddable":true,"href":"https:\/\/www.europesays.com\/fr\/wp-json\/wp\/v2\/media\/586469"}],"wp:attachment":[{"href":"https:\/\/www.europesays.com\/fr\/wp-json\/wp\/v2\/media?parent=586468"}],"wp:term":[{"taxonomy":"category","embeddable":true,"href":"https:\/\/www.europesays.com\/fr\/wp-json\/wp\/v2\/categories?post=586468"},{"taxonomy":"post_tag","embeddable":true,"href":"https:\/\/www.europesays.com\/fr\/wp-json\/wp\/v2\/tags?post=586468"}],"curies":[{"name":"wp","href":"https:\/\/api.w.org\/{rel}","templated":true}]}}