{"id":586470,"date":"2025-12-08T14:09:16","date_gmt":"2025-12-08T14:09:16","guid":{"rendered":"https:\/\/www.europesays.com\/fr\/586470\/"},"modified":"2025-12-08T14:09:16","modified_gmt":"2025-12-08T14:09:16","slug":"a-francfort-la-celebre-sculpture-de-leuro-sauvee-de-la-disparition-08-12-2025-a-1417","status":"publish","type":"post","link":"https:\/\/www.europesays.com\/fr\/586470\/","title":{"rendered":"A Francfort, la c\u00e9l\u00e8bre sculpture de l&rsquo;euro sauv\u00e9e de la disparition &#8211; 08\/12\/2025 \u00e0 14:17"},"content":{"rendered":"<p>        <img decoding=\"async\" src=\"https:\/\/www.europesays.com\/fr\/wp-content\/uploads\/2025\/12\/9e3f0fe4efa77e74adcf6ae9279a3ba5-760x506.jpg\" alt=\"The sculpture depicting the Euro currency symbol in Frankfurt am Main ( AFP \/ ANDRE PAIN )\" loading=\"eager\" fetchpriority=\"high\" width=\"760\" height=\"506\" style=\"max-width: 100%!important; height: auto;\"\/><\/p>\n<p class=\"c-image-news__legend\">The sculpture depicting the Euro currency symbol in Frankfurt am Main ( AFP \/ ANDRE PAIN )<\/p>\n<p>\n A Francfort, l&rsquo;imposante sculpture bleue et jaune repr\u00e9sentant le symbole de l&rsquo;euro, \u00e9l\u00e9ment majeur de curiosit\u00e9 dans la ville abritant la BCE, a \u00e9t\u00e9 sauv\u00e9e d&rsquo;une possible disparition, selon un accord d\u00e9voil\u00e9 lundi par la municipalit\u00e9.\n<\/p>\n<p>\n Install\u00e9e au c\u0153ur de la ville au bord du Main, sur la Willy-Brandt Platz, l\u2019\u0153uvre \u00ab\u00a0sera pr\u00e9serv\u00e9e\u00a0\u00bb gr\u00e2ce \u00e0 l&rsquo;engagement conjoint de la ville de Francfort, de la Banque centrale europ\u00e9enne et de la branche francfortoise de l&rsquo;association proeurop\u00e9enne \u00ab\u00a0Europa Union\u00a0\u00bb (EUF), a d\u00e9clar\u00e9 Eileen O&rsquo;Sullivan, adjointe au maire, lors d&rsquo;une conf\u00e9rence de presse.\n<\/p>\n<p>\n Cette solution intervient apr\u00e8s \u00ab\u00a0des ann\u00e9es de discussions et un avenir devenu incertain\u00a0\u00bb, en raison de co\u00fbts d&rsquo;entretien \u00e9lev\u00e9s et du retrait de sponsors, a-t-elle ajout\u00e9.\n<\/p>\n<p>\n Un budget annuel de 50.000 euros a \u00e9t\u00e9 arr\u00eat\u00e9, financ\u00e9 pour 30.000 euros par la Ville et compl\u00e9t\u00e9 par la BCE, qui a \u00e9lu domicile dans la m\u00e9tropole financi\u00e8re depuis ses premiers d\u00e9buts en 1998.\n<\/p>\n<p>\n L&rsquo;imposante installation lumineuse, haute de 14 m\u00e8tres et pesant 50 tonnes, remonte \u00e0 fin 2001, juste avant la mise en circulation des billets et pi\u00e8ces en euro au 1\u1d49\u02b3 janvier 2002.\n<\/p>\n<p>\n Con\u00e7ue par l&rsquo;artiste allemand Ottmar H\u00f6rl, elle a \u00e9t\u00e9 \u00e9rig\u00e9e devant l&rsquo;ancien si\u00e8ge de la BCE, repr\u00e9sentant un euro entour\u00e9 de douze \u00e9toiles.\n<\/p>\n<p>\n Avec le temps, c&rsquo;est devenu l&rsquo;objet \u00ab\u00a0le plus photographi\u00e9 de la ville\u00a0\u00bb, assure Mme O&rsquo;Sullivan.\n<\/p>\n<p>\n \u00ab\u00a0C&rsquo;est beau, \u00e7a m&rsquo;impressionne\u00a0\u00bb, confie Nathalia, une jeune touriste venue du Pays basque avec un groupe d&rsquo;amies, rencontr\u00e9e devant le monument.\n<\/p>\n<p>\n L&rsquo;\u00e9clairage, mais aussi les r\u00e9parations suite \u00e0 des actes de vandalisme \u2014 jusqu&rsquo;\u00e0 15.000 euros pour une \u00e9toile d\u00e9truite \u00e0 coups de pied \u2014 sont les principales d\u00e9penses \u00e0 couvrir, \u00e0 c\u00f4t\u00e9 de l&rsquo;assurance et l&rsquo;inspection p\u00e9riodique de l&rsquo;organisme T\u00dcV.\n<\/p>\n<p>\n Ce dernier a derni\u00e8rement dress\u00e9 une liste d&rsquo;am\u00e9liorations \u00e0 effectuer \u00ab\u00a0pour 30.000 euros\u00a0\u00bb, a fait valoir Manfred Pohl, pr\u00e9sident du Frankfurter Kultur Komitee, l&rsquo;association locale qui d\u00e9tenait jusqu&rsquo;ici la sculpture avant de passer la main \u00e0 l&rsquo;EUF.\n<\/p>\n<p>\n Le d\u00e9m\u00e9nagement de la BCE en 2014 dans une tour flambant neuf \u00e0 l&rsquo;est de la ville avait d\u00e9j\u00e0 failli causer la disparition de l\u2019\u0153uvre.\n<\/p>\n<p>\n Sa derni\u00e8re grande r\u00e9novation, avec l&rsquo;installation de plus de 2.000 ampoules LED, remonte \u00e0 2015.<\/p>\n","protected":false},"excerpt":{"rendered":"The sculpture depicting the Euro currency symbol in Frankfurt am Main ( AFP \/ ANDRE PAIN ) A&hellip;\n","protected":false},"author":2,"featured_media":586471,"comment_status":"","ping_status":"","sticky":false,"template":"","format":"standard","meta":{"footnotes":""},"categories":[1358],"tags":[400,1348,1384,1385,398,408,405,1386,58,59,1011,27,403,402,399,404,401,406,407],"class_list":{"0":"post-586470","1":"post","2":"type-post","3":"status-publish","4":"format-standard","5":"has-post-thumbnail","7":"category-arts-et-design","8":"tag-action-cac-40","9":"tag-arts","10":"tag-arts-and-design","11":"tag-arts-et-design","12":"tag-bourse-de-paris","13":"tag-boursorama","14":"tag-cotations","15":"tag-design","16":"tag-divertissement","17":"tag-entertainment","18":"tag-fr","19":"tag-france","20":"tag-indices-devises","21":"tag-investir","22":"tag-investissement","23":"tag-marche-boursier","24":"tag-sicav","25":"tag-trackers","26":"tag-warrants"},"share_on_mastodon":{"url":"https:\/\/pubeurope.com\/@fr\/115684348741604377","error":""},"_links":{"self":[{"href":"https:\/\/www.europesays.com\/fr\/wp-json\/wp\/v2\/posts\/586470","targetHints":{"allow":["GET"]}}],"collection":[{"href":"https:\/\/www.europesays.com\/fr\/wp-json\/wp\/v2\/posts"}],"about":[{"href":"https:\/\/www.europesays.com\/fr\/wp-json\/wp\/v2\/types\/post"}],"author":[{"embeddable":true,"href":"https:\/\/www.europesays.com\/fr\/wp-json\/wp\/v2\/users\/2"}],"replies":[{"embeddable":true,"href":"https:\/\/www.europesays.com\/fr\/wp-json\/wp\/v2\/comments?post=586470"}],"version-history":[{"count":0,"href":"https:\/\/www.europesays.com\/fr\/wp-json\/wp\/v2\/posts\/586470\/revisions"}],"wp:featuredmedia":[{"embeddable":true,"href":"https:\/\/www.europesays.com\/fr\/wp-json\/wp\/v2\/media\/586471"}],"wp:attachment":[{"href":"https:\/\/www.europesays.com\/fr\/wp-json\/wp\/v2\/media?parent=586470"}],"wp:term":[{"taxonomy":"category","embeddable":true,"href":"https:\/\/www.europesays.com\/fr\/wp-json\/wp\/v2\/categories?post=586470"},{"taxonomy":"post_tag","embeddable":true,"href":"https:\/\/www.europesays.com\/fr\/wp-json\/wp\/v2\/tags?post=586470"}],"curies":[{"name":"wp","href":"https:\/\/api.w.org\/{rel}","templated":true}]}}