{"id":586474,"date":"2025-12-08T14:12:14","date_gmt":"2025-12-08T14:12:14","guid":{"rendered":"https:\/\/www.europesays.com\/fr\/586474\/"},"modified":"2025-12-08T14:12:14","modified_gmt":"2025-12-08T14:12:14","slug":"adrian-smith-explique-pourquoi-iron-maiden-a-troque-ses-decors-traditionnels-contre-des-ecrans-geants","status":"publish","type":"post","link":"https:\/\/www.europesays.com\/fr\/586474\/","title":{"rendered":"Adrian Smith explique pourquoi Iron Maiden a troqu\u00e9 ses d\u00e9cors traditionnels contre des \u00e9crans g\u00e9ants"},"content":{"rendered":"<p><strong>Alors qu\u2019<a href=\"https:\/\/www.metalzone.fr\/iron-maiden\/\" target=\"_blank\" rel=\"noopener\">Iron Maiden<\/a> f\u00eate ses 50 ans avec la tourn\u00e9e Run For Your Lives, Adrian Smith s\u2019est exprim\u00e9 sur le changement d\u2019esth\u00e9tique sc\u00e9nique du groupe, marqu\u00e9 par le passage des d\u00e9cors physiques aux \u00e9crans num\u00e9riques.<\/strong><\/p>\n<p>Un choix d\u00e9lib\u00e9r\u00e9 pour renouveler l\u2019image du groupe<\/p>\n<p>Dans une interview accord\u00e9e au m\u00e9dia espagnol <a href=\"https:\/\/www.youtube.com\/watch?v=rm5nxQndEvw\" target=\"_blank\" rel=\"noopener\">El Jevilongo<\/a>, Adrian Smith est revenu sur l\u2019\u00e9volution visuelle de la tourn\u00e9e anniversaire d\u2019Iron Maiden. Le groupe a en effet opt\u00e9 pour des \u00e9crans g\u00e9ants \u00e0 la place des traditionnelles toiles de fond peintes \u00e0 la main. Une d\u00e9cision assum\u00e9e, selon le guitariste : \u201cJe pense que c\u2019\u00e9tait une d\u00e9cision consciente, histoire de changer un peu les choses et d\u2019offrir un visuel diff\u00e9rent\u2026 Moi, j\u2019aime bien\u201d, d\u00e9clare-t-il.<\/p>\n<p>Smith rappelle que Maiden a longtemps privil\u00e9gi\u00e9 une approche th\u00e9\u00e2trale de la sc\u00e8ne : \u201cC\u2019\u00e9tait un peu comme aller au th\u00e9\u00e2tre. Rod [Smallwood, manager] a toujours une vision d\u2019ensemble, qu\u2019il partage avec Steve [Harris]. Bruce [Dickinson] s\u2019implique aussi de plus en plus dans les \u00e9l\u00e9ments visuels sur sc\u00e8ne\u201d.<\/p>\n<p>De son c\u00f4t\u00e9, Nicko McBrain s\u2019\u00e9tait montr\u00e9 plus r\u00e9serv\u00e9 face \u00e0 ce virage technologique. Lors d\u2019un concert avec son projet Titanium Tart, il confiait : \u201cJe suis de la vieille \u00e9cole. J\u2019aurais aim\u00e9 voir les rideaux et les \u00e9crans sur les c\u00f4t\u00e9s\u201d. Le batteur, d\u00e9sormais retrait\u00e9 des tourn\u00e9es, avait tent\u00e9 de convaincre Rod Smallwood de conserver l\u2019approche classique, avant de se heurter \u00e0 une volont\u00e9 affich\u00e9e de \u201crentrer dans le XXIe si\u00e8cle\u201d.<\/p>\n<p>Une tourn\u00e9e d\u2019envergure pour marquer l\u2019histoire<\/p>\n<p>Iron Maiden poursuit actuellement la tourn\u00e9e Run For Your Lives, centr\u00e9e sur les neuf premiers albums du groupe. Apr\u00e8s une premi\u00e8re s\u00e9rie de dates en Europe en 2025, la formation sillonnera l\u2019Am\u00e9rique du Nord \u00e0 l\u2019\u00e9t\u00e9 2026, avec <a href=\"https:\/\/www.metalzone.fr\/megadeth\/\" target=\"_blank\" rel=\"noopener\">Megadeth<\/a> ou <a href=\"https:\/\/www.metalzone.fr\/anthrax\/\" target=\"_blank\" rel=\"noopener\">Anthrax<\/a> selon les soirs. Des concerts sont \u00e9galement pr\u00e9vus \u00e0 Paris, Lyon et au <a href=\"https:\/\/www.metalzone.fr\/hellfest\/\" target=\"_blank\" rel=\"noopener\">Hellfest<\/a> en juin.<\/p>\n<p>Le groupe \u00e9volue d\u00e9sormais avec Simon Dawson \u00e0 la batterie, qui a remplac\u00e9 Nicko McBrain fin 2024 suite \u00e0 son AVC. Steve Harris, proche de ses 70 ans, continue d\u2019affirmer ne pas envisager la retraite et se produit toujours parall\u00e8lement avec <a href=\"https:\/\/www.metalzone.fr\/british-lion\/\" target=\"_blank\" rel=\"noopener\">British Lion<\/a>.<\/p>\n<p>Comme lors de la pr\u00e9c\u00e9dente tourn\u00e9e europ\u00e9enne, Maiden demande aux fans de limiter l\u2019usage des t\u00e9l\u00e9phones pendant les concerts afin de profiter pleinement de l\u2019exp\u00e9rience en direct.<\/p>\n","protected":false},"excerpt":{"rendered":"Alors qu\u2019Iron Maiden f\u00eate ses 50 ans avec la tourn\u00e9e Run For Your Lives, Adrian Smith s\u2019est exprim\u00e9&hellip;\n","protected":false},"author":2,"featured_media":482749,"comment_status":"","ping_status":"","sticky":false,"template":"","format":"standard","meta":{"footnotes":""},"categories":[1355],"tags":[58,59,1011,27,1361,873],"class_list":{"0":"post-586474","1":"post","2":"type-post","3":"status-publish","4":"format-standard","5":"has-post-thumbnail","7":"category-musique","8":"tag-divertissement","9":"tag-entertainment","10":"tag-fr","11":"tag-france","12":"tag-music","13":"tag-musique"},"share_on_mastodon":{"url":"https:\/\/pubeurope.com\/@fr\/115684360095613655","error":""},"_links":{"self":[{"href":"https:\/\/www.europesays.com\/fr\/wp-json\/wp\/v2\/posts\/586474","targetHints":{"allow":["GET"]}}],"collection":[{"href":"https:\/\/www.europesays.com\/fr\/wp-json\/wp\/v2\/posts"}],"about":[{"href":"https:\/\/www.europesays.com\/fr\/wp-json\/wp\/v2\/types\/post"}],"author":[{"embeddable":true,"href":"https:\/\/www.europesays.com\/fr\/wp-json\/wp\/v2\/users\/2"}],"replies":[{"embeddable":true,"href":"https:\/\/www.europesays.com\/fr\/wp-json\/wp\/v2\/comments?post=586474"}],"version-history":[{"count":0,"href":"https:\/\/www.europesays.com\/fr\/wp-json\/wp\/v2\/posts\/586474\/revisions"}],"wp:featuredmedia":[{"embeddable":true,"href":"https:\/\/www.europesays.com\/fr\/wp-json\/wp\/v2\/media\/482749"}],"wp:attachment":[{"href":"https:\/\/www.europesays.com\/fr\/wp-json\/wp\/v2\/media?parent=586474"}],"wp:term":[{"taxonomy":"category","embeddable":true,"href":"https:\/\/www.europesays.com\/fr\/wp-json\/wp\/v2\/categories?post=586474"},{"taxonomy":"post_tag","embeddable":true,"href":"https:\/\/www.europesays.com\/fr\/wp-json\/wp\/v2\/tags?post=586474"}],"curies":[{"name":"wp","href":"https:\/\/api.w.org\/{rel}","templated":true}]}}