{"id":586486,"date":"2025-12-08T14:19:16","date_gmt":"2025-12-08T14:19:16","guid":{"rendered":"https:\/\/www.europesays.com\/fr\/586486\/"},"modified":"2025-12-08T14:19:16","modified_gmt":"2025-12-08T14:19:16","slug":"un-coup-de-feu-tire-dans-un-centre-commercial-doslo","status":"publish","type":"post","link":"https:\/\/www.europesays.com\/fr\/586486\/","title":{"rendered":"un coup de feu tir\u00e9 dans un centre commercial d&rsquo;Oslo"},"content":{"rendered":"<p>\n    Le suspect de 19 ans a lui-m\u00eame appel\u00e9 la police avant de tirer un coup de feu dans le plafond du centre commercial Storo. Aucun bless\u00e9 n\u2019a \u00e9t\u00e9 recens\u00e9. Les lieux ont \u00e9t\u00e9 \u00e9vacu\u00e9s puis rapidement rouverts.<\/p>\n<p class=\"fig-paragraph\">La police norv\u00e9gienne a annonc\u00e9 avoir arr\u00eat\u00e9 un jeune homme de 19 ans suspect\u00e9 d&rsquo;avoir tir\u00e9 un peu plus t\u00f4t, en pleine p\u00e9riode d&rsquo;achats de No\u00ebl, un coup de feu \u00e0 l&rsquo;int\u00e9rieur d&rsquo;un grand centre commercial d&rsquo;<a href=\"http:\/\/www.lefigaro.fr\/flash-actu\/norvege-oslo-annonce-la-fermeture-de-l-ambassade-du-venezuela-trois-jours-apres-l-attribution-du-prix-nobel-de-la-paix-a-maria-corina-machado-20251013\" data-fig-type=\"NewsFlash\" data-gtm-custom-categorie=\"navigation\" data-gtm-custom-action=\"crossclick\" data-gtm-custom-label=\"Contextuel\" data-gtm-event=\"customEventSPE\" data-fig-domain=\"LEFIGARO\" target=\"_blank\" rel=\"noopener\">Oslo<\/a>, qui a \u00e9t\u00e9 bri\u00e8vement \u00e9vacu\u00e9. \u00abNous avons inspect\u00e9 quasiment tout le centre commercial et nous n&rsquo;avons pas trouv\u00e9 de bless\u00e9\u00bb, a indiqu\u00e9 la police d&rsquo;Oslo sur son registre public d&rsquo;\u00e9v\u00e9nements.<\/p>\n<p class=\"fig-paragraph\">L&rsquo;\u00e9pisode s&rsquo;est produit lundi 8 d\u00e9cembre dans la matin\u00e9e \u00e0 l\u2019int\u00e9rieur du centre commercial Storo, dans le nord d&rsquo;Oslo, alors que la saison des achats de No\u00ebl bat son plein. Selon la police, un seul\u00a0<a href=\"http:\/\/www.lefigaro.fr\/faits-divers\/narcotrafic-une-femme-tuee-et-une-autre-grievement-blessee-a-la-suite-d-un-echange-de-coups-de-feu-dans-la-drome-20251130\" data-fig-type=\"NewsFlash\" data-gtm-custom-categorie=\"navigation\" data-gtm-custom-action=\"crossclick\" data-gtm-custom-label=\"Contextuel\" data-gtm-event=\"customEventSPE\" data-fig-domain=\"LEFIGARO\" target=\"_blank\" rel=\"noopener\">coup de feu<\/a>\u00a0a \u00e9t\u00e9 tir\u00e9 dans un plafond avec un fusil. \u00abRien n&rsquo;indique qu&rsquo;il y ait eu une tentative de blesser quelqu&rsquo;un\u00bb, a d\u00e9clar\u00e9 \u00e0 la presse le chef des op\u00e9rations de la police, Tor Gr\u00f8ttum. \u00abL&rsquo;int\u00e9ress\u00e9 a appel\u00e9 lui-m\u00eame la police avant que le coup de feu soit tir\u00e9\u00bb, a-t-il ajout\u00e9.<\/p>\n<p>                                            <a class=\"fig-a11y-skip\" href=\"#fig-a11y-skip-main-inarticle\" data-module=\"a11y-skip\" data-context=\"was @visible\"><br \/>\n    Passer la publicit\u00e9<br \/>\n<\/a>            <\/p>\n<p class=\"fig-paragraph\">Une batte de base-ball et un couteau ont \u00e9galement \u00e9t\u00e9 retrouv\u00e9s sur place. D&rsquo;importantes forces de police et un h\u00e9licopt\u00e8re ont rapidement \u00e9t\u00e9 d\u00e9ploy\u00e9s. Selon Tor Gr\u00f8ttum, le suspect n&rsquo;a pas d&rsquo;ant\u00e9c\u00e9dents graves et semble avoir agi seul. Ni son identit\u00e9 ni ses motivations n&rsquo;ont \u00e9t\u00e9 r\u00e9v\u00e9l\u00e9es.<\/p>\n<p class=\"fig-paragraph\">Le centre commercial a pu rouvrir ses portes normalement en fin de matin\u00e9e. La police y a ferm\u00e9 un petit p\u00e9rim\u00e8tre et va y maintenir une pr\u00e9sence pour le moment.<\/p>\n","protected":false},"excerpt":{"rendered":"Le suspect de 19 ans a lui-m\u00eame appel\u00e9 la police avant de tirer un coup de feu dans&hellip;\n","protected":false},"author":2,"featured_media":586487,"comment_status":"","ping_status":"","sticky":false,"template":"","format":"standard","meta":{"footnotes":""},"categories":[5],"tags":[11,1011,27,3832,14,12,16909,28],"class_list":{"0":"post-586486","1":"post","2":"type-post","3":"status-publish","4":"format-standard","5":"has-post-thumbnail","7":"category-international","8":"tag-actualites","9":"tag-fr","10":"tag-france","11":"tag-fusillade","12":"tag-international","13":"tag-news","14":"tag-oslo","15":"tag-world"},"share_on_mastodon":{"url":"https:\/\/pubeurope.com\/@fr\/115684387476939056","error":""},"_links":{"self":[{"href":"https:\/\/www.europesays.com\/fr\/wp-json\/wp\/v2\/posts\/586486","targetHints":{"allow":["GET"]}}],"collection":[{"href":"https:\/\/www.europesays.com\/fr\/wp-json\/wp\/v2\/posts"}],"about":[{"href":"https:\/\/www.europesays.com\/fr\/wp-json\/wp\/v2\/types\/post"}],"author":[{"embeddable":true,"href":"https:\/\/www.europesays.com\/fr\/wp-json\/wp\/v2\/users\/2"}],"replies":[{"embeddable":true,"href":"https:\/\/www.europesays.com\/fr\/wp-json\/wp\/v2\/comments?post=586486"}],"version-history":[{"count":0,"href":"https:\/\/www.europesays.com\/fr\/wp-json\/wp\/v2\/posts\/586486\/revisions"}],"wp:featuredmedia":[{"embeddable":true,"href":"https:\/\/www.europesays.com\/fr\/wp-json\/wp\/v2\/media\/586487"}],"wp:attachment":[{"href":"https:\/\/www.europesays.com\/fr\/wp-json\/wp\/v2\/media?parent=586486"}],"wp:term":[{"taxonomy":"category","embeddable":true,"href":"https:\/\/www.europesays.com\/fr\/wp-json\/wp\/v2\/categories?post=586486"},{"taxonomy":"post_tag","embeddable":true,"href":"https:\/\/www.europesays.com\/fr\/wp-json\/wp\/v2\/tags?post=586486"}],"curies":[{"name":"wp","href":"https:\/\/api.w.org\/{rel}","templated":true}]}}