{"id":586488,"date":"2025-12-08T14:20:17","date_gmt":"2025-12-08T14:20:17","guid":{"rendered":"https:\/\/www.europesays.com\/fr\/586488\/"},"modified":"2025-12-08T14:20:17","modified_gmt":"2025-12-08T14:20:17","slug":"une-mere-frappe-violemment-son-fils-de-6-ans-dans-le-tgv-des-passagers-alertent-la-police","status":"publish","type":"post","link":"https:\/\/www.europesays.com\/fr\/586488\/","title":{"rendered":"une m\u00e8re frappe violemment son fils de 6 ans dans le TGV, des passagers alertent la police"},"content":{"rendered":"<p>                    Par<br \/>\n        <strong><br \/>\n            <a href=\"https:\/\/actu.fr\/auteur\/baptiste-ringeval02-actu-fr\" title=\"Consulter tous les articles de Baptiste Ringeval\" target=\"_blank\" rel=\"noopener\">Baptiste Ringeval<\/a><br \/>\n                    <\/strong><\/p>\n<p>        Publi\u00e9 le<\/p>\n<p>            8 d\u00e9c. 2025 \u00e0 13h05        <\/p>\n<p>Une <b>sc\u00e8ne violente<\/b> qui a pouss\u00e9 certains passagers du TGV reliant Lille (Nord) et N\u00eemes (Gard) \u00e0 faire un <b>signalement via le 3117,<\/b> num\u00e9ro permettant aux voyageurs de signaler des situations de violences dans les transports en commun de la SNCF et de la RATP.<\/p>\n<p class=\" wall-content\">En effet, samedi 6 d\u00e9cembre 2025, en d\u00e9but de soir\u00e9e, une m\u00e8re de 42 ans originaire de Polyn\u00e9sie fran\u00e7aise et domicili\u00e9e \u00e0 N\u00eemes, a \u00e9t\u00e9 interpell\u00e9e en gare de Marne-la-Vall\u00e9e-<a href=\"https:\/\/actu.fr\/ile-de-france\/chessy_77111\" target=\"_blank\" rel=\"noopener\">Chessy<\/a> par des agents de la s\u00fbret\u00e9 ferroviaire de la SNCF avant d\u2019\u00eatre <b>plac\u00e9e en garde \u00e0 vue <\/b>au sein du commissariat de Chessy-Lagny-sur-Marne.<\/p>\n<p>Pour une simple boisson<\/p>\n<p class=\" wall-content\">Selon les informations du <a href=\"https:\/\/www.leparisien.fr\/faits-divers\/une-femme-interpellee-pour-avoir-frappe-violemment-son-fils-de-6-ans-dans-le-tgv-07-12-2025-2GAGPRUFLNGXVDWQWN6OV3EI2A.php\" target=\"_blank\" rel=\"noopener\">Parisien<\/a>, confirm\u00e9es par le Parquet de Meaux, la mise en cause aurait saisi son fils, orphelin de p\u00e8re, par les cheveux pour le remonter sur son si\u00e8ge, avant de <b>lui claquer la t\u00eate contre la tablette \u00e0 trois reprises<\/b> au motif que le gar\u00e7on avait malencontreusement <b>renvers\u00e9 le contenu d\u2019une canette de soda<\/b> sur une passag\u00e8re. Elle lui aurait \u00e9galement <b>tir\u00e9 les cheveux avant de l\u2019\u00e9trangler.<\/b><\/p>\n<p class=\" wall-content\">Lundi 8\u00a0d\u00e9cembre au matin, la quarantenaire, sans ant\u00e9c\u00e9dent judiciaire, \u00e9tait <b>toujours en garde \u00e0 vue<\/b> pour des faits de \u00ab\u2009violences volontaires par ascendant sur mineur de 15\u00a0ans\u2009\u00bb.<\/p>\n<p class=\" wall-content\">L\u2019enfant a \u00e9t\u00e9 <b>confi\u00e9 \u00e0 l\u2019Aide Sociale \u00e0 l\u2019Enfance<\/b> du d\u00e9partement de Seine-et-Marne dans le cadre d\u2019un accueil dit \u00ab\u2009de 72\u00a0heures\u2009\u00bb, conclut le procureur de Meaux, Jean-Baptiste Bladier. Reste d\u00e9sormais aux enqu\u00eateurs de comprendre les raisons de cette violence et si elle est r\u00e9currente pour l\u2019enfant.<\/p>\n<p>Vid\u00e9os : en ce moment sur Actu<\/p>\n<p class=\" wall-content\">La haute-commissaire \u00e0 l\u2019Enfance, <b>Sarah El\u00a0Ha\u00efry<\/b>, s\u2019est f\u00e9licit\u00e9e sur X qu\u2019\u00ab\u2009\u00e0 bord d\u2019un TGV, des passagers ont refus\u00e9 de d\u00e9tourner le regard. [\u2026] <b>Gr\u00e2ce \u00e0 leur alerte, un enfant victime de violences a pu \u00eatre mis \u00e0 l\u2019abri<\/b>\u2009\u00bb, a-t-elle \u00e9crit, qualifiant l\u2019intervention des passagers de \u00ab\u2009r\u00e9flexe protecteur \u00e0 avoir\u2009\u00bb.<\/p>\n<p class=\" wall-content\">Personnalisez votre actualit\u00e9 en ajoutant vos villes et m\u00e9dias en favori avec <a href=\"https:\/\/moncompte.actu.fr\" title=\"D\u00e9couvez Mon Actu\" rel=\"nofollow noopener\" data-trk=\"{&quot;cta&quot;:{&quot;action&quot;:&quot;https:\\\/\\\/moncompte.actu.fr&quot;,&quot;category&quot;:&quot;mon compte&quot;,&quot;from&quot;:&quot;article footer&quot;,&quot;name&quot;:&quot;Mon actu&quot;,&quot;type&quot;:&quot;cta&quot;}}\" target=\"_blank\">Mon Actu<\/a>.<\/p>\n","protected":false},"excerpt":{"rendered":"Par Baptiste Ringeval Publi\u00e9 le 8 d\u00e9c. 2025 \u00e0 13h05 Une sc\u00e8ne violente qui a pouss\u00e9 certains passagers&hellip;\n","protected":false},"author":2,"featured_media":586489,"comment_status":"","ping_status":"","sticky":false,"template":"","format":"standard","meta":{"footnotes":""},"categories":[4],"tags":[11,118,1011,27,12,25,2214],"class_list":{"0":"post-586488","1":"post","2":"type-post","3":"status-publish","4":"format-standard","5":"has-post-thumbnail","7":"category-france","8":"tag-actualites","9":"tag-faits-divers","10":"tag-fr","11":"tag-france","12":"tag-news","13":"tag-republique-francaise","14":"tag-tgv"},"share_on_mastodon":{"url":"https:\/\/pubeurope.com\/@fr\/115684391378752941","error":""},"_links":{"self":[{"href":"https:\/\/www.europesays.com\/fr\/wp-json\/wp\/v2\/posts\/586488","targetHints":{"allow":["GET"]}}],"collection":[{"href":"https:\/\/www.europesays.com\/fr\/wp-json\/wp\/v2\/posts"}],"about":[{"href":"https:\/\/www.europesays.com\/fr\/wp-json\/wp\/v2\/types\/post"}],"author":[{"embeddable":true,"href":"https:\/\/www.europesays.com\/fr\/wp-json\/wp\/v2\/users\/2"}],"replies":[{"embeddable":true,"href":"https:\/\/www.europesays.com\/fr\/wp-json\/wp\/v2\/comments?post=586488"}],"version-history":[{"count":0,"href":"https:\/\/www.europesays.com\/fr\/wp-json\/wp\/v2\/posts\/586488\/revisions"}],"wp:featuredmedia":[{"embeddable":true,"href":"https:\/\/www.europesays.com\/fr\/wp-json\/wp\/v2\/media\/586489"}],"wp:attachment":[{"href":"https:\/\/www.europesays.com\/fr\/wp-json\/wp\/v2\/media?parent=586488"}],"wp:term":[{"taxonomy":"category","embeddable":true,"href":"https:\/\/www.europesays.com\/fr\/wp-json\/wp\/v2\/categories?post=586488"},{"taxonomy":"post_tag","embeddable":true,"href":"https:\/\/www.europesays.com\/fr\/wp-json\/wp\/v2\/tags?post=586488"}],"curies":[{"name":"wp","href":"https:\/\/api.w.org\/{rel}","templated":true}]}}