{"id":586490,"date":"2025-12-08T14:21:16","date_gmt":"2025-12-08T14:21:16","guid":{"rendered":"https:\/\/www.europesays.com\/fr\/586490\/"},"modified":"2025-12-08T14:21:16","modified_gmt":"2025-12-08T14:21:16","slug":"tarbes-gerard-tremege-ne-sera-plus-maire-il-a-ete-condamne-a-2-ans-de-prison-avec-sursis-et-2-ans-dineligibilite-avec-execution-provisoire","status":"publish","type":"post","link":"https:\/\/www.europesays.com\/fr\/586490\/","title":{"rendered":"Tarbes\u00a0: G\u00e9rard Tr\u00e9m\u00e8ge ne sera plus maire, il a \u00e9t\u00e9 condamn\u00e9 \u00e0\u00a02 ans de prison avec sursis et 2 ans d\u2019in\u00e9ligibilit\u00e9 avec ex\u00e9cution provisoire"},"content":{"rendered":"<p>\n                                                                    l&rsquo;essentiel<br \/>\n                                                                G\u00e9rard Tr\u00e9m\u00e8ge a \u00e9t\u00e9 condamn\u00e9 par le tribunal correctionnel de Pau \u00e0\u00a02 ans de prison avec sursis, privation des droits civils, civiques et de famille dont une peine de deux ans d\u2019in\u00e9ligibilit\u00e9 avec ex\u00e9cution provisoire pour favoritisme et prise ill\u00e9gale d\u2019int\u00e9r\u00eats dans l\u2019attribution de march\u00e9s publics et de biens de la ville de Tarbes.\n                            <\/p>\n<p>Il n\u2019a fallu qu\u2019une quinzaine de jours au tribunal correctionnel de Pau pour trancher dans le cadre de l\u2019affaire des march\u00e9s publics de la ville de Tarbes. G\u00e9rard Tr\u00e9m\u00e8ge, le maire de Tarbes, a \u00e9t\u00e9 condamn\u00e9 \u00e0 2 ans de prison avec sursis, privation des droits civils, civiques et de famille dont une peine de deux ans d\u2019in\u00e9ligibilit\u00e9 avec ex\u00e9cution provisoire.<\/p>\n<p>G\u00e9rard T\u00e9m\u00e8ge ne sera plus maire de Tarbes dans les prochains jours ou prochaines\u00a0semaines et ne pourra pas \u00eatre candidat aux prochaines \u00e9lections municipales. De m\u00eame, il ne sera plus pr\u00e9sident de la communaut\u00e9 d\u2019agglom\u00e9ration de Tarbes Lourdes Pyr\u00e9n\u00e9es. La municipalit\u00e9 tarbaise va devoir \u00e9lire un nouveau maire, la communaut\u00e9 d\u2019agglom\u00e9ration Tarbes Lourdes Pyr\u00e9n\u00e9es va devoir \u00e9lire un nouveau pr\u00e9sident.<\/p>\n<p>Michel Caillaud, ancien directeur g\u00e9n\u00e9ral des services est condamn\u00e9 \u00e0 9 mois de prison avec sursis et 20\u00a0000\u00a0\u20ac d\u2019amende. Michel Parra et Joris Ducastaing sont condamn\u00e9s \u00e0 6 mois de prison avec sursis et 40\u00a0000\u00a0\u20ac d\u2019amende.<\/p>\n<p>Pierre Vall\u00e9 d\u2019Efficass Metal\u00a0est condamn\u00e9 \u00e0 3 mois de prison avec sursis et 10\u00a0000\u00a0\u20ac d\u2019amende.<\/p>\n<p>MM. Lafforgue et Sanguinet sont relax\u00e9s.<\/p>\n<p>MM. Romain et Ducasse reconnus coupables des faits reproch\u00e9s mais dispens\u00e9s de peines. M.\u00a0Di Vita b\u00e9n\u00e9ficie d\u2019une relaxe partielle mais est reconnu coupable des autres faits. Il b\u00e9n\u00e9ficie d\u2019une dispense de peine.<\/p>\n<p>Du 17 au 21\u00a0novembre derniers, le maire de Tarbes G\u00e9rard Tr\u00e9m\u00e8ge et neuf autres pr\u00e9venus, ses anciens collaborateurs dont son directeur g\u00e9n\u00e9ral des services Michel Caillaud, et des entrepreneurs locaux, ont comparu devant le tribunal correctionnel de Pau, pour favoritisme et prise ill\u00e9gale d\u2019int\u00e9r\u00eats dans l\u2019attribution de march\u00e9s publics\u00a0et de biens de la ville de Tarbes.<\/p>\n<p>C\u2019est l\u2019aboutissement d\u2019un long feuilleton judiciaire qui a dur\u00e9 plus de dix ans.<\/p>\n<p>Les faits qui remontent entre janvier\u00a02009 et mars\u00a02015 concernent notamment l\u2019attribution du march\u00e9 de r\u00e9novation de la halle Brauhauban \u00e0 l\u2019architecte Joris Ducastaing en \u00e9change de \u00ab\u00a0cadeaux\u00a0\u00bb\u00a0: voyages en voilier, repas d\u2019anniversaire aux Pr\u00e9s d\u2019Eug\u00e9nie, caisses de champagne.<\/p>\n<p>Par ailleurs, la Justice s\u2019est int\u00e9ress\u00e9e aux conditions d\u2019attribution de march\u00e9s publics \u00e0 des entreprises dont le maire de Tarbes, ancien expert-comptable, \u00e9tait commissaire aux comptes ou \u00ab\u00a0proche\u00a0\u00bb\u00a0: Lafforgue, Sanguinet, Efficass Metal (codirig\u00e9e par Pierre Vall\u00e9), Lorenzi.<\/p>\n<p>G\u00e9rard Tr\u00e9m\u00e8ge\u00a0est aussi mis en cause sur un plan p\u00e9nal pour avoir vendu \u00ab\u00a0\u00e0 vil prix\u00a0\u00bb, c\u2019est-\u00e0-dire \u00e0 des prix inf\u00e9rieurs au march\u00e9\u00a0ou sous les estimations domaniales, plusieurs b\u00e2timents et parcelles du quartier de\u00a0l\u2019Arsenal, \u00e0 l\u2019\u00e9poque de sa reconstruction, \u00e0 l\u2019architecte Joris Ducastaing mais aussi \u00e0 l\u2019ancien responsable du service voirie Michel Parra-Trescazes consid\u00e9r\u00e9s comme \u00ab\u00a0ses amis\u00a0\u00bb.<\/p>\n<p>Plusieurs de ses anciens chefs de service (Jean-Louis Di Vita, Jean-Pierre Ducasse, Michel Parra-Trescazes et Ren\u00e9 Romain) dont son directeur g\u00e9n\u00e9ral des services Michel Caillaud, ont aussi d\u00fb r\u00e9pondre de leurs actes devant la Justice. L\u2019instruction a point\u00e9 \u00ab\u00a0des irr\u00e9gularit\u00e9s\u00a0\u00bb dans l\u2019attribution de certains\u00a0march\u00e9s publics, essentiellement l\u2019absence de documents (certifications, bilans comptables,\u00a0etc) dans les rapports d\u2019analyse des offres, tout cela \u00ab\u00a0dans un climat de peur et de pression\u00a0\u00bb.<\/p>\n<p>\u00ab\u00a0Jamais eu l\u2019intention de tricher\u00a0\u00bb<\/p>\n<p>\u00ab\u00a0Certes, j\u2019ai pu commettre des erreurs involontairement, mais jamais il n\u2019y a eu d\u2019intention de tricher\u00a0\u00bb s\u2019est d\u00e9fendu G\u00e9rard Tr\u00e9m\u00e8ge devant le tribunal, qui conteste presque tout des faits qui lui sont reproch\u00e9s. Tout en rappelant qu\u2019il a\u00a0toujours \u0153uvr\u00e9 \u00ab\u00a0pour l\u2019int\u00e9r\u00eat g\u00e9n\u00e9ral\u00a0\u00bb et le d\u00e9veloppement de sa ville.<\/p>\n<p>Accusant m\u00eame son ancien adversaire politique Jean Glavany d\u2019\u00eatre \u00e0 l\u2019origine de l\u2019affaire. Et d\u00e9clarant que lors du proc\u00e8s, ses anciens collaborateurs sont revenus sur des aveux qui \u00ab\u00a0leur avaient \u00e9t\u00e9 extorqu\u00e9s sous la menace\u00a0\u00bb par les gendarmes.<\/p>\n<p>Lors du proc\u00e8s, le 19\u00a0novembre dernier, de lourdes peines avaient \u00e9t\u00e9 requises par le parquet de Pau, dont trois ans de prison dont un an ferme am\u00e9nageable sous bracelet contre G\u00e9rard Tr\u00e9m\u00e8ge, une in\u00e9ligibilit\u00e9 de cinq\u00a0ans et la privation des droits civiques et de famille et 75\u00a0000\u00a0\u20ac d\u2019amende.<\/p>\n<p>Pour les anciens collaborateurs du maire, les peines requises allaient de 18 mois de prison dont huit mois ferme am\u00e9nageables sous bracelet \u00e9lectronique contre l\u2019ancien directeur g\u00e9n\u00e9ral des services Michel Caillaud, \u00e0 15 et 12 mois avec sursis pour ses coll\u00e8gues.<\/p>\n<p>Une peine de 9 mois avec sursis avait \u00e9t\u00e9 requise contre l\u2019architecte Ducastaing (assortie d\u2019une amende de 30\u00a0000\u00a0\u20ac) , les entrepreneurs Serge Sanguinet et Pierre Vall\u00e9, avec une amende de 10\u00a0000\u00a0\u20ac pour chacun.<\/p>\n","protected":false},"excerpt":{"rendered":"l&rsquo;essentiel G\u00e9rard Tr\u00e9m\u00e8ge a \u00e9t\u00e9 condamn\u00e9 par le tribunal correctionnel de Pau \u00e0\u00a02 ans de prison avec sursis,&hellip;\n","protected":false},"author":2,"featured_media":586491,"comment_status":"","ping_status":"","sticky":false,"template":"","format":"standard","meta":{"footnotes":""},"categories":[2],"tags":[11,1011,27,329,4973,303,12,33484],"class_list":{"0":"post-586490","1":"post","2":"type-post","3":"status-publish","4":"format-standard","5":"has-post-thumbnail","7":"category-actualites","8":"tag-actualites","9":"tag-fr","10":"tag-france","11":"tag-france-monde","12":"tag-hautes-pyrenees","13":"tag-justice","14":"tag-news","15":"tag-tarbes"},"share_on_mastodon":{"url":"https:\/\/pubeurope.com\/@fr\/115684395293975126","error":""},"_links":{"self":[{"href":"https:\/\/www.europesays.com\/fr\/wp-json\/wp\/v2\/posts\/586490","targetHints":{"allow":["GET"]}}],"collection":[{"href":"https:\/\/www.europesays.com\/fr\/wp-json\/wp\/v2\/posts"}],"about":[{"href":"https:\/\/www.europesays.com\/fr\/wp-json\/wp\/v2\/types\/post"}],"author":[{"embeddable":true,"href":"https:\/\/www.europesays.com\/fr\/wp-json\/wp\/v2\/users\/2"}],"replies":[{"embeddable":true,"href":"https:\/\/www.europesays.com\/fr\/wp-json\/wp\/v2\/comments?post=586490"}],"version-history":[{"count":0,"href":"https:\/\/www.europesays.com\/fr\/wp-json\/wp\/v2\/posts\/586490\/revisions"}],"wp:featuredmedia":[{"embeddable":true,"href":"https:\/\/www.europesays.com\/fr\/wp-json\/wp\/v2\/media\/586491"}],"wp:attachment":[{"href":"https:\/\/www.europesays.com\/fr\/wp-json\/wp\/v2\/media?parent=586490"}],"wp:term":[{"taxonomy":"category","embeddable":true,"href":"https:\/\/www.europesays.com\/fr\/wp-json\/wp\/v2\/categories?post=586490"},{"taxonomy":"post_tag","embeddable":true,"href":"https:\/\/www.europesays.com\/fr\/wp-json\/wp\/v2\/tags?post=586490"}],"curies":[{"name":"wp","href":"https:\/\/api.w.org\/{rel}","templated":true}]}}