{"id":586492,"date":"2025-12-08T14:22:22","date_gmt":"2025-12-08T14:22:22","guid":{"rendered":"https:\/\/www.europesays.com\/fr\/586492\/"},"modified":"2025-12-08T14:22:22","modified_gmt":"2025-12-08T14:22:22","slug":"saint-just-malmont-trotwood-en-concert-dimanche-au-cercle-quand-un-pongiste-devient-musicien","status":"publish","type":"post","link":"https:\/\/www.europesays.com\/fr\/586492\/","title":{"rendered":"Saint-Just-Malmont : Trotwood en concert dimanche au Cercle, quand un pongiste devient musicien"},"content":{"rendered":"<p>\t\t\t\t\t\t\t\t\t\t\t\t\t\t\t\t\t\t\t\t\t\t\t\t\t\t\t\t\t\t\t\t\t\t\t\t\t\t\t\t\t\t\t\t\t\t\t\t\t\t\t\t\t\t\t\t\t\t\t\t\t\t\t<a href=\"https:\/\/www.lacommere43.fr\/component\/banners\/click\/1862.html\" target=\"_blank\" title=\"Tence Rural Master d\u00e9cembre 2025\" rel=\"noopener\"><br \/>\n\t\t\t\t\t\t\t<img decoding=\"async\" loading=\"lazy\" src=\"https:\/\/www.europesays.com\/fr\/wp-content\/uploads\/2025\/12\/rural2025-6.gif\" alt=\"Tence Rural Master d\u00e9cembre 2025\"\/><br \/>\n\t\t\t\t\t\t<\/a><\/p>\n<p><strong>Le Tennis de Table Saint-Just-Malmont propose un concert dimanche 14 d\u00e9cembre.<\/strong><\/p>\n<p>C&rsquo;est un \u00e9v\u00e9nement qui illustre l&rsquo;esprit associatif, festif et convivial du club. Un concert pas comme les autres car un des joueurs comp\u00e9titeurs du club, Victor Petiet, montera sur sc\u00e8ne avec son groupe Trotwood pour un concert m\u00ealant \u00e9nergie, passion et bonne humeur.<\/p>\n<p>Ce sera dimanche 14 d\u00e9cembre \u00e0 15 h 30 \u00e0 la salle du Cercle.<\/p>\n<p>Le groupe Trotwood se compose des membres d&rsquo;une m\u00eame famille. Trois g\u00e9n\u00e9rations avec Jean-Christophe, Sarah, Victor et Ana\u00efs. Ils sont chanteurs, instrumentistes et au gr\u00e9 des prestations, se partagent violon, accord\u00e9on diatonique, fl\u00fbte traversi\u00e8re en bois, tin whistles, harmonica, banjo, harpe irlandaise, guitares, violoncelle, piano, percussions diverses et parfois m\u00eame une cornemuse irlandaise.<\/p>\n<p>V\u00e9ritable com\u00e9die musicale, au cours de laquelle les rythmes am\u00e9ricains du banjo, les Barber Shop Quartets, les gigues endiabl\u00e9es des violons et accord\u00e9ons, les ballades nostalgiques vous transportent en un \u00e9clair l\u00e0 o\u00f9 le temps ne compte plus\u2026<\/p>\n<p>R\u00e9servation des places\u00a0le mardi et jeudi \u00e0 partir de 19 heures au gymnase n\u00b02 de Saint-Just-Malmont ou sur place le jour J<\/p>\n<p>Tarif entr\u00e9e : 10 \u20ac<\/p>\n<p>Moins de 10 ans : 7 \u20ac<\/p>\n","protected":false},"excerpt":{"rendered":"Le Tennis de Table Saint-Just-Malmont propose un concert dimanche 14 d\u00e9cembre. C&rsquo;est un \u00e9v\u00e9nement qui illustre l&rsquo;esprit associatif,&hellip;\n","protected":false},"author":2,"featured_media":586493,"comment_status":"","ping_status":"","sticky":false,"template":"","format":"standard","meta":{"footnotes":""},"categories":[9653],"tags":[1111,2281,11,2430,1777,674,2282,1011,27,2280,2284,2285,2283,12,25,4001],"class_list":{"0":"post-586492","1":"post","2":"type-post","3":"status-publish","4":"format-standard","5":"has-post-thumbnail","7":"category-saint-etienne","8":"tag-actu","9":"tag-actualite-43","10":"tag-actualites","11":"tag-auvergne-rhone-alpes","12":"tag-eu","13":"tag-europe","14":"tag-faits-divers-auvergne","15":"tag-fr","16":"tag-france","17":"tag-information-haute-loire","18":"tag-infos-43","19":"tag-journal-haute-loire","20":"tag-la-commere-43","21":"tag-news","22":"tag-republique-francaise","23":"tag-saint-etienne"},"share_on_mastodon":{"url":"https:\/\/pubeurope.com\/@fr\/115684400221698555","error":""},"_links":{"self":[{"href":"https:\/\/www.europesays.com\/fr\/wp-json\/wp\/v2\/posts\/586492","targetHints":{"allow":["GET"]}}],"collection":[{"href":"https:\/\/www.europesays.com\/fr\/wp-json\/wp\/v2\/posts"}],"about":[{"href":"https:\/\/www.europesays.com\/fr\/wp-json\/wp\/v2\/types\/post"}],"author":[{"embeddable":true,"href":"https:\/\/www.europesays.com\/fr\/wp-json\/wp\/v2\/users\/2"}],"replies":[{"embeddable":true,"href":"https:\/\/www.europesays.com\/fr\/wp-json\/wp\/v2\/comments?post=586492"}],"version-history":[{"count":0,"href":"https:\/\/www.europesays.com\/fr\/wp-json\/wp\/v2\/posts\/586492\/revisions"}],"wp:featuredmedia":[{"embeddable":true,"href":"https:\/\/www.europesays.com\/fr\/wp-json\/wp\/v2\/media\/586493"}],"wp:attachment":[{"href":"https:\/\/www.europesays.com\/fr\/wp-json\/wp\/v2\/media?parent=586492"}],"wp:term":[{"taxonomy":"category","embeddable":true,"href":"https:\/\/www.europesays.com\/fr\/wp-json\/wp\/v2\/categories?post=586492"},{"taxonomy":"post_tag","embeddable":true,"href":"https:\/\/www.europesays.com\/fr\/wp-json\/wp\/v2\/tags?post=586492"}],"curies":[{"name":"wp","href":"https:\/\/api.w.org\/{rel}","templated":true}]}}