{"id":586517,"date":"2025-12-08T14:36:13","date_gmt":"2025-12-08T14:36:13","guid":{"rendered":"https:\/\/www.europesays.com\/fr\/586517\/"},"modified":"2025-12-08T14:36:13","modified_gmt":"2025-12-08T14:36:13","slug":"un-appel-a-temoins-lance-10","status":"publish","type":"post","link":"https:\/\/www.europesays.com\/fr\/586517\/","title":{"rendered":"un appel \u00e0 t\u00e9moins lanc\u00e9"},"content":{"rendered":"<p>                    Par<br \/>\n        <strong><br \/>\n            <a href=\"https:\/\/actu.fr\/auteur\/ivan-capecchi\" title=\"Consulter tous les articles de Ivan CAPECCHI\" target=\"_blank\" rel=\"noopener\">Ivan CAPECCHI<\/a><br \/>\n                    <\/strong><\/p>\n<p>        Publi\u00e9 le<\/p>\n<p>            8 d\u00e9c. 2025 \u00e0 15h26        <\/p>\n<p>La police nationale lance un <a href=\"https:\/\/actu.fr\/tag\/appel-a-temoins\" target=\"_blank\" rel=\"noopener\">appel \u00e0 t\u00e9moins<\/a> apr\u00e8s la prise en charge d\u2019un <strong>homme gri\u00e8vement bless\u00e9<\/strong>, samedi 29\u00a0novembre 2025 vers 22h, dans le secteur de la <strong>rue Alfred Kastler<\/strong> \u00e0 <strong>Strasbourg<\/strong>. La victime pr\u00e9sentait une <strong>plaie saignante au visage<\/strong> lorsque les secours l\u2019ont trouv\u00e9e.<\/p>\n<p>L\u2019origine des blessures est inconnue<\/p>\n<p class=\" wall-content\">D\u2019apr\u00e8s les premiers \u00e9l\u00e9ments, l\u2019homme marchait avenue du Rhin, \u00e0 proximit\u00e9 de <strong>l\u2019espace \u00e9ducatif Le Vaisseau<\/strong>, au moment o\u00f9 il a \u00e9t\u00e9 secouru.<\/p>\n<p class=\" wall-content\"><strong>L\u2019origine de ses blessures demeure inconnue<\/strong>.<\/p>\n<p>En cas d\u2019information, contactez la police<\/p>\n<p class=\" wall-content\">La <a href=\"https:\/\/actu.fr\/tag\/police\" target=\"_blank\" rel=\"noopener\">police<\/a> cherche donc \u00ab\u2009des <strong>t\u00e9moins<\/strong> et <strong>tout \u00e9l\u00e9ment utile \u00e0 l\u2019enqu\u00eate<\/strong>\u2009\u00bb.<\/p>\n<p class=\" wall-content\">Si vous disposez d\u2019une information, composez le\u00a0<strong>03\u200990\u200923\u200916\u200970<\/strong> ou le <strong>03\u200990\u200923\u200914\u200930<\/strong>.<\/p>\n<p class=\" wall-content\">Personnalisez votre actualit\u00e9 en ajoutant vos villes et m\u00e9dias en favori avec <a href=\"https:\/\/moncompte.actu.fr\" title=\"D\u00e9couvez Mon Actu\" rel=\"nofollow noopener\" data-trk=\"{&quot;cta&quot;:{&quot;action&quot;:&quot;https:\\\/\\\/moncompte.actu.fr&quot;,&quot;category&quot;:&quot;mon compte&quot;,&quot;from&quot;:&quot;article footer&quot;,&quot;name&quot;:&quot;Mon actu&quot;,&quot;type&quot;:&quot;cta&quot;}}\" target=\"_blank\">Mon Actu<\/a>.<\/p>\n","protected":false},"excerpt":{"rendered":"Par Ivan CAPECCHI Publi\u00e9 le 8 d\u00e9c. 2025 \u00e0 15h26 La police nationale lance un appel \u00e0 t\u00e9moins&hellip;\n","protected":false},"author":2,"featured_media":581837,"comment_status":"","ping_status":"","sticky":false,"template":"","format":"standard","meta":{"footnotes":""},"categories":[2820],"tags":[1111,11,4260,1777,674,118,1011,27,775,12,1072,25,640],"class_list":{"0":"post-586517","1":"post","2":"type-post","3":"status-publish","4":"format-standard","5":"has-post-thumbnail","7":"category-strasbourg","8":"tag-actu","9":"tag-actualites","10":"tag-appel-a-temoins","11":"tag-eu","12":"tag-europe","13":"tag-faits-divers","14":"tag-fr","15":"tag-france","16":"tag-grand-est","17":"tag-news","18":"tag-police","19":"tag-republique-francaise","20":"tag-strasbourg"},"share_on_mastodon":{"url":"https:\/\/pubeurope.com\/@fr\/115684454226995200","error":""},"_links":{"self":[{"href":"https:\/\/www.europesays.com\/fr\/wp-json\/wp\/v2\/posts\/586517","targetHints":{"allow":["GET"]}}],"collection":[{"href":"https:\/\/www.europesays.com\/fr\/wp-json\/wp\/v2\/posts"}],"about":[{"href":"https:\/\/www.europesays.com\/fr\/wp-json\/wp\/v2\/types\/post"}],"author":[{"embeddable":true,"href":"https:\/\/www.europesays.com\/fr\/wp-json\/wp\/v2\/users\/2"}],"replies":[{"embeddable":true,"href":"https:\/\/www.europesays.com\/fr\/wp-json\/wp\/v2\/comments?post=586517"}],"version-history":[{"count":0,"href":"https:\/\/www.europesays.com\/fr\/wp-json\/wp\/v2\/posts\/586517\/revisions"}],"wp:featuredmedia":[{"embeddable":true,"href":"https:\/\/www.europesays.com\/fr\/wp-json\/wp\/v2\/media\/581837"}],"wp:attachment":[{"href":"https:\/\/www.europesays.com\/fr\/wp-json\/wp\/v2\/media?parent=586517"}],"wp:term":[{"taxonomy":"category","embeddable":true,"href":"https:\/\/www.europesays.com\/fr\/wp-json\/wp\/v2\/categories?post=586517"},{"taxonomy":"post_tag","embeddable":true,"href":"https:\/\/www.europesays.com\/fr\/wp-json\/wp\/v2\/tags?post=586517"}],"curies":[{"name":"wp","href":"https:\/\/api.w.org\/{rel}","templated":true}]}}