{"id":586534,"date":"2025-12-08T14:45:15","date_gmt":"2025-12-08T14:45:15","guid":{"rendered":"https:\/\/www.europesays.com\/fr\/586534\/"},"modified":"2025-12-08T14:45:15","modified_gmt":"2025-12-08T14:45:15","slug":"top-14-laudience-de-toulouse-a-debute-dans-laffaire-melvyn-jaminet","status":"publish","type":"post","link":"https:\/\/www.europesays.com\/fr\/586534\/","title":{"rendered":"Top 14 \u2013 L\u2019audience de Toulouse a d\u00e9but\u00e9 dans l\u2019affaire Melvyn Jaminet"},"content":{"rendered":"<p>\n                Dans le cadre de l\u2019affaire dite \u00ab\u00a0Jaminet\u00a0\u00bb, le Stade toulousain est actuellement entendu par le conseil de discipline du rugby fran\u00e7ais \u00e0 Paris. Son pr\u00e9sident Didier Lacroix n\u2019est pas pr\u00e9sent physiquement mais en visioconf\u00e9rence.\n            <\/p>\n<p>Ce lundi, le Stade toulousain \u00e9tait attendu au si\u00e8ge de la LNR pour r\u00e9pondre \u00e0 une convocation devant le\u00a0conseil de discipline du rugby fran\u00e7ais dans le cadre de l\u2019affaire dite \u00ab\u00a0Jaminet\u00a0\u00bb, qui a d\u00e9j\u00e0 contraint le club de la Ville rose \u00e0 payer une amende de 1,3\u00a0million d\u2019euros. Les deux avocats des champions de France en titre, Ma\u00eetre Bruno Cavali\u00e9, accompagn\u00e9 de Ma\u00eetre Luca Pozzo, sont donc arriv\u00e9s rue Descombes dans le XVIIe arrondissement de Paris \u00e0 14h15. \u00ab\u00a0Nous sommes tous absolument stup\u00e9faits de constater que cette audience aura lieu \u00e0 huis clos, ce que rien ne semble justifier \u00e0 nos yeux, a d\u00e9clar\u00e9 Ma\u00eetre Cavali\u00e9. Pour le reste, on vous dira peut-\u00eatre quelques mots \u00e0 l\u2019issue de l\u2019audience, \u00e7a d\u00e9pendra beaucoup de la fa\u00e7on dont elle s\u2019est d\u00e9roul\u00e9e.\u00a0\u00bb<\/p>\n<p class=\"std-elt__inline\">\n        <strong>\u00c0 lire aussi :<\/strong><br \/>\n        <a href=\"https:\/\/www.rugbyrama.fr\/2025\/12\/07\/champions-cup-ugo-mola-reagit-a-la-convocation-de-toulouse-pour-laffaire-melvyn-jaminet-crier-avant-davoir-mal-na-pas-dinteret-13096890.php\" target=\"_blank\" rel=\"noopener\">Champions Cup \u2013 Ugo Mola r\u00e9agit \u00e0 la convocation de Toulouse pour l\u2019affaire Melvyn Jaminet\u00a0: \u00ab\u00a0Crier avant d\u2019avoir mal n\u2019a pas d\u2019int\u00e9r\u00eat\u00a0\u00bb<\/a>\n    <\/p>\n<p>Une d\u00e9claration aussi lapidaire que prudente. Selon une source, le Stade toulousain avait demand\u00e9 il y a une huitaine de jours la possibilit\u00e9 que l\u2019audience soit ouverte au public. \u00ab\u00a0La r\u00e9ponse de la LNR est bizarrement arriv\u00e9e tard hier soir (dimanche), explique un proche du dossier. Et \u00e7a nous a surpris qu\u2019elle refuse.\u00a0\u00bb\u00a0Pourtant, il est de coutume que ces audiences se d\u00e9roulent toujours \u00e0 huis clos.<\/p>\n<p class=\"std-elt__inline\">\n        <strong>\u00c0 lire aussi :<\/strong><br \/>\n        <a href=\"https:\/\/www.rugbyrama.fr\/2025\/12\/07\/top-14-commission-de-discipline-et-de-regulation-rendez-vous-decisif-pour-toulouse-et-trois-clubs-de-pro-d2-13097050.php\" target=\"_blank\" rel=\"noopener\">Top 14 \u2013 Commission de discipline et de r\u00e9gulation\u00a0: rendez-vous d\u00e9cisif pour Toulouse et trois clubs de Pro D2<\/a>\n    <\/p>\n<p>La d\u00e9cision probablement en fin de semaine<\/p>\n<p>Le Stade toulousain compara\u00eet donc depuis 14h30 devant le conseil de discipline et de r\u00e9gulation du rugby fran\u00e7ais. Si le club est repr\u00e9sent\u00e9 par ses avocats, le pr\u00e9sident Didier Lacroix est lui pr\u00e9sent en visioconf\u00e9rence. Ensemble, ils vont devoir s\u2019expliquer sur les mouvements de fonds qui ont transit\u00e9 entre le club et la soci\u00e9t\u00e9 Pacific Heart dans le cadre d\u2019un stage et d\u2019un match amical pr\u00e9vus aux Fidji. Les d\u00e9bats s\u2019annoncent longs et la d\u00e9cision de la commission de discipline ne devrait pas \u00eatre connue avant la fin de semaine. En cas de sanction, le Stade toulousain pourra interjeter appel devant la commission d\u2019appel de la FFR (ce qui ne serait pas suspensif), puis \u00e9ventuellement saisir le CNOSF et, en dernier recours, le Tribunal arbitral du sport.<\/p>\n","protected":false},"excerpt":{"rendered":"Dans le cadre de l\u2019affaire dite \u00ab\u00a0Jaminet\u00a0\u00bb, le Stade toulousain est actuellement entendu par le conseil de discipline&hellip;\n","protected":false},"author":2,"featured_media":586535,"comment_status":"","ping_status":"","sticky":false,"template":"","format":"standard","meta":{"footnotes":""},"categories":[2816],"tags":[1111,11,1777,674,1011,27,12,2680,25,476,2312],"class_list":{"0":"post-586534","1":"post","2":"type-post","3":"status-publish","4":"format-standard","5":"has-post-thumbnail","7":"category-toulouse","8":"tag-actu","9":"tag-actualites","10":"tag-eu","11":"tag-europe","12":"tag-fr","13":"tag-france","14":"tag-news","15":"tag-occitanie","16":"tag-republique-francaise","17":"tag-stade-toulousain","18":"tag-toulouse"},"share_on_mastodon":{"url":"","error":""},"_links":{"self":[{"href":"https:\/\/www.europesays.com\/fr\/wp-json\/wp\/v2\/posts\/586534","targetHints":{"allow":["GET"]}}],"collection":[{"href":"https:\/\/www.europesays.com\/fr\/wp-json\/wp\/v2\/posts"}],"about":[{"href":"https:\/\/www.europesays.com\/fr\/wp-json\/wp\/v2\/types\/post"}],"author":[{"embeddable":true,"href":"https:\/\/www.europesays.com\/fr\/wp-json\/wp\/v2\/users\/2"}],"replies":[{"embeddable":true,"href":"https:\/\/www.europesays.com\/fr\/wp-json\/wp\/v2\/comments?post=586534"}],"version-history":[{"count":0,"href":"https:\/\/www.europesays.com\/fr\/wp-json\/wp\/v2\/posts\/586534\/revisions"}],"wp:featuredmedia":[{"embeddable":true,"href":"https:\/\/www.europesays.com\/fr\/wp-json\/wp\/v2\/media\/586535"}],"wp:attachment":[{"href":"https:\/\/www.europesays.com\/fr\/wp-json\/wp\/v2\/media?parent=586534"}],"wp:term":[{"taxonomy":"category","embeddable":true,"href":"https:\/\/www.europesays.com\/fr\/wp-json\/wp\/v2\/categories?post=586534"},{"taxonomy":"post_tag","embeddable":true,"href":"https:\/\/www.europesays.com\/fr\/wp-json\/wp\/v2\/tags?post=586534"}],"curies":[{"name":"wp","href":"https:\/\/api.w.org\/{rel}","templated":true}]}}