{"id":586536,"date":"2025-12-08T14:47:12","date_gmt":"2025-12-08T14:47:12","guid":{"rendered":"https:\/\/www.europesays.com\/fr\/586536\/"},"modified":"2025-12-08T14:47:12","modified_gmt":"2025-12-08T14:47:12","slug":"lille-quelques-jours-apres-le-viol-dune-coureuse-de-31-ans-dans-un-parc-public-un-homme-de-25-ans-ecroue","status":"publish","type":"post","link":"https:\/\/www.europesays.com\/fr\/586536\/","title":{"rendered":"Lille. Quelques jours apr\u00e8s le viol d\u2019une coureuse de 31 ans dans un parc public, un homme de 25 ans \u00e9crou\u00e9"},"content":{"rendered":"<p>                    Par<br \/>\n        <strong><br \/>\n            <a href=\"https:\/\/actu.fr\/auteur\/amandine-vachez\" title=\"Consulter tous les articles de Amandine Vachez\" target=\"_blank\" rel=\"noopener\">Amandine Vachez<\/a><br \/>\n                    <\/strong><\/p>\n<p>        Publi\u00e9 le<\/p>\n<p>            8 d\u00e9c. 2025 \u00e0 15h42        <\/p>\n<p>C\u2019est une affaire qui fait froid dans le dos. D\u2019autant que cela attise <a href=\"https:\/\/actu.fr\/societe\/je-voulais-juste-courir-tranquille-insultees-suivies-elles-racontent-leur-footing-la-peur-au-ventre_62540317.html\" target=\"_blank\" rel=\"noopener\">une peur omnipr\u00e9sente chez les femmes<\/a>\u2009: celle de se faire<b> agresser en allant courir.<\/b> Un dimanche de novembre, une femme a \u00e9t\u00e9 <b>viol\u00e9e dans un parc public<\/b> \u00e0 <a href=\"https:\/\/actu.fr\/hauts-de-france\/lille_59350\" target=\"_blank\" rel=\"noopener\">Lille<\/a> (Nord), alors qu\u2019elle faisait un<b> footing en pleine journ\u00e9e<\/b>. Quelques jours plus tard, un <b>homme de 25\u00a0ans<\/b> a \u00e9t\u00e9 <b>arr\u00eat\u00e9 et \u00e9crou\u00e9<\/b>, suite \u00e0 l\u2019<b>agression d\u2019une autre femme<\/b> \u00e0 Lille-Sud. Retour sur les faits.<\/p>\n<p>Un viol, une agression, et l\u2019ADN faisant le lien<\/p>\n<p class=\" wall-content\">Le<b> <\/b>dimanche 23\u00a0novembre 2025, alors qu\u2019elle faisait son footing, une<b> femme de 31 ans a \u00e9t\u00e9 viol\u00e9e<\/b> au Jardin des plantes \u00e0 <a href=\"https:\/\/actu.fr\/lille\/\" target=\"_blank\" rel=\"noopener\">Lille<\/a> (Nord), a r\u00e9v\u00e9l\u00e9 le quotidien <a href=\"https:\/\/www.lavoixdunord.fr\/1653464\/article\/2025-12-05\/lille-une-joggeuse-de-31-ans-violee-au-jardin-des-plantes-un-suspect-de-25-ans\" target=\"_blank\" rel=\"noopener\">La Voix du Nord<\/a>, vendredi 5\u00a0d\u00e9cembre 2025. Ceci en plein jour. Quelques jours plus tard, un<b> nouveau signalement \u00e0 Lille-Sud<\/b> a entra\u00een\u00e9 l\u2019arrestation d\u2019un homme de 25\u00a0ans, confirme ce lundi 8\u00a0d\u00e9cembre le parquet de Lille.<\/p>\n<p class=\" wall-content\">Le mis en cause a \u00e9t\u00e9 interpell\u00e9 le 1er\u00a0d\u00e9cembre, \u00ab\u2009apr\u00e8s avoir tent\u00e9 d\u2019agresser une jeune femme\u2009\u00bb, relate le parquet, pr\u00e9cisant que<b> \u00ab\u2009les analyses ADN ont permis de faire un rapprochement\u2009\u00bb<\/b> entre cet individu et l\u2019enqu\u00eate ouverte pour le viol du 23\u00a0novembre dernier.<\/p>\n<p class=\" wall-content\">D\u00e9f\u00e9r\u00e9 le mercredi 3\u00a0d\u00e9cembre dernier, l\u2019homme a \u00e9t\u00e9<b> mis en examen et plac\u00e9 en d\u00e9tention provisoire<\/b> le m\u00eame jour.<\/p>\n<p class=\" wall-content\">Personnalisez votre actualit\u00e9 en ajoutant vos villes et m\u00e9dias en favori avec <a href=\"https:\/\/moncompte.actu.fr\" title=\"D\u00e9couvez Mon Actu\" rel=\"nofollow noopener\" data-trk=\"{&quot;cta&quot;:{&quot;action&quot;:&quot;https:\\\/\\\/moncompte.actu.fr&quot;,&quot;category&quot;:&quot;mon compte&quot;,&quot;from&quot;:&quot;article footer&quot;,&quot;name&quot;:&quot;Mon actu&quot;,&quot;type&quot;:&quot;cta&quot;}}\" target=\"_blank\">Mon Actu<\/a>.<\/p>\n","protected":false},"excerpt":{"rendered":"Par Amandine Vachez Publi\u00e9 le 8 d\u00e9c. 2025 \u00e0 15h42 C\u2019est une affaire qui fait froid dans le&hellip;\n","protected":false},"author":2,"featured_media":586537,"comment_status":"","ping_status":"","sticky":false,"template":"","format":"standard","meta":{"footnotes":""},"categories":[2815],"tags":[1111,11,1777,674,118,1011,27,811,1307,12,25,799],"class_list":{"0":"post-586536","1":"post","2":"type-post","3":"status-publish","4":"format-standard","5":"has-post-thumbnail","7":"category-lille","8":"tag-actu","9":"tag-actualites","10":"tag-eu","11":"tag-europe","12":"tag-faits-divers","13":"tag-fr","14":"tag-france","15":"tag-hauts-de-france","16":"tag-lille","17":"tag-news","18":"tag-republique-francaise","19":"tag-violences-sexuelles"},"share_on_mastodon":{"url":"https:\/\/pubeurope.com\/@fr\/115684497499505530","error":""},"_links":{"self":[{"href":"https:\/\/www.europesays.com\/fr\/wp-json\/wp\/v2\/posts\/586536","targetHints":{"allow":["GET"]}}],"collection":[{"href":"https:\/\/www.europesays.com\/fr\/wp-json\/wp\/v2\/posts"}],"about":[{"href":"https:\/\/www.europesays.com\/fr\/wp-json\/wp\/v2\/types\/post"}],"author":[{"embeddable":true,"href":"https:\/\/www.europesays.com\/fr\/wp-json\/wp\/v2\/users\/2"}],"replies":[{"embeddable":true,"href":"https:\/\/www.europesays.com\/fr\/wp-json\/wp\/v2\/comments?post=586536"}],"version-history":[{"count":0,"href":"https:\/\/www.europesays.com\/fr\/wp-json\/wp\/v2\/posts\/586536\/revisions"}],"wp:featuredmedia":[{"embeddable":true,"href":"https:\/\/www.europesays.com\/fr\/wp-json\/wp\/v2\/media\/586537"}],"wp:attachment":[{"href":"https:\/\/www.europesays.com\/fr\/wp-json\/wp\/v2\/media?parent=586536"}],"wp:term":[{"taxonomy":"category","embeddable":true,"href":"https:\/\/www.europesays.com\/fr\/wp-json\/wp\/v2\/categories?post=586536"},{"taxonomy":"post_tag","embeddable":true,"href":"https:\/\/www.europesays.com\/fr\/wp-json\/wp\/v2\/tags?post=586536"}],"curies":[{"name":"wp","href":"https:\/\/api.w.org\/{rel}","templated":true}]}}