{"id":586542,"date":"2025-12-08T14:51:20","date_gmt":"2025-12-08T14:51:20","guid":{"rendered":"https:\/\/www.europesays.com\/fr\/586542\/"},"modified":"2025-12-08T14:51:20","modified_gmt":"2025-12-08T14:51:20","slug":"lyon-part-dieu-un-evenement-pour-les-entrepreneurs-du-monde-le-10-decembre","status":"publish","type":"post","link":"https:\/\/www.europesays.com\/fr\/586542\/","title":{"rendered":"Lyon Part-Dieu. Un \u00e9v\u00e9nement pour les Entrepreneurs du monde le 10 d\u00e9cembre"},"content":{"rendered":"<p><img loading=\"lazy\" decoding=\"async\" alt=\"\u00a9 Jacques Donnay - Candice B\u00e9juit, directrice et relation grands donateurs de l'association Entrepreneurs du monde et Armelle Renaudin, co-fondatrice de l'association.\" data-zoom-src=\"https:\/\/www.europesays.com\/fr\/wp-content\/uploads\/2025\/12\/initial-candice-bejuit-et-armelle-renaudin-entrepreneurs-du-monde-lyon-credit-jacques-donnay.jpg\" data-zoomable=\"\" height=\"702\" src=\"https:\/\/www.europesays.com\/fr\/wp-content\/uploads\/2025\/12\/initial-candice-bejuit-et-armelle-renaudin-entrepreneurs-du-monde-lyon-credit-jacques-donnay.jpg\" width=\"1248\"\/>  <\/p>\n<p class=\"article-desc\">\u00a9 Jacques Donnay &#8211; Candice B\u00e9juit, directrice et relation grands donateurs de l&rsquo;association Entrepreneurs du monde et Armelle Renaudin, co-fondatrice de l&rsquo;association. <\/p>\n<p>Confront\u00e9s \u00e0 des d\u00e9fis budg\u00e9taires, les \u00e9tats ont fait le choix depuis deux ans de r\u00e9duire le montant de <strong>l\u2019aide publique au d\u00e9veloppement<\/strong>. La France n\u2019\u00e9chappe pas au ph\u00e9nom\u00e8ne et les associations engag\u00e9es dans ce <strong>combat contre la pauvret\u00e9 <\/strong>en mesurent les effets. Ainsi l\u2019association lyonnaise <strong>Entrepreneurs du monde<\/strong>, qui soutient des dirigeants (84 % de femmes) <strong><a href=\"https:\/\/mesinfos.fr\/69000-lyon\/comment-entrepreneurs-du-monde-soutient-des-dirigeants-vulnerables-depuis-lyon-213690.html\" target=\"_blank\" rel=\"noopener\">sur des territoires en difficult\u00e9 et en France<\/a><\/strong>, voit fondre dangereusement la part des financements publics qui lui permettent d\u2019intervenir aujourd\u2019hui encore dans <strong>12 pays<\/strong> (Afrique de l\u2019Ouest, Asie du Sud-Est, Ha\u00efti). <\/p>\n<p>Entrepreneurs du monde organise un Pitch&amp;Give \u00e0 Lyon Part-Dieu <\/p>\n<p>\u00ab\u00a0Notre budget, qui s\u2019\u00e9tablissait \u00e0 6,2 millions d\u2019euros en 2024, avec 51 % issus de l\u2019aide publique au d\u00e9veloppement, va atterrir entre 5,5 et 6 millions d\u2019euros cette ann\u00e9e. Et la chute devrait \u00eatre encore plus importante en 2026\u00a0\u00bb, indique<strong> Armelle Renaudin<\/strong>, cofondatrice de l\u2019association. Avec pour cons\u00e9quence imm\u00e9diate la remise en question de certains programmes et des<strong> licenciements<\/strong> sur le terrain. <\/p>\n<p>\u00ab\u00a0C\u2019est une r\u00e9alit\u00e9 que vivent toutes les associations, pr\u00e9cise-t-elle. Environ 10 000 emplois ont \u00e9t\u00e9 perdus par les seules ONG fran\u00e7aises en deux ans. Pour nous, les cons\u00e9quences en termes de ressources humaines sur le terrain ne sont pas encore d\u00e9termin\u00e9es exactement, mais d\u2019ores et d\u00e9j\u00e0 11 de nos 21 programmes en cours devraient \u00eatre impact\u00e9s.\u00a0\u00bb <\/p>\n<p>Pour faire face \u00e0 ce recul historique, les associations multiplient les initiatives en se tournant vers les <strong>donateurs priv\u00e9s<\/strong>. Ainsi Entrepreneurs du monde organise <strong>mercredi 10 d\u00e9cembre \u00e0 la Part-Dieu<\/strong>, dans les locaux de la Caisse d\u2019\u00e9pargne Auvergne Rh\u00f4ne-Alpes, une op\u00e9ration baptis\u00e9e <strong>Pitch&amp;Give<\/strong>.<\/p>\n<p> Des projets pour augmenter les financements priv\u00e9s <\/p>\n<p>\u00ab\u00a0Nous avons lanc\u00e9 ce programme Pitch&amp;Give \u00e0 Paris en 2019. Nous le reconduisons tous les ans et pour la premi\u00e8re fois nous organisons une \u00e9dition \u00e0 Lyon, apr\u00e8s l\u2019\u00e9dition parisienne du printemps\u00a0\u00bb, explique Armelle Renaudin. Une centaine de donateurs potentiels sont attendus. \u00ab\u00a0Pour l\u2019heure nous avons 80 participants annonc\u00e9s, donc il est encore possible de venir en s\u2019inscrivant \u00e0 partir de notre <a href=\"https:\/\/www.entrepreneursdumonde.org\/\" rel=\"noopener\" target=\"_blank\">site internet<\/a>\u00ab\u00a0, ajoute-t-elle. <\/p>\n<p>La soir\u00e9e s\u2019articulera autour de la pr\u00e9sentation de <strong>trois projets<\/strong> lanc\u00e9s au <strong>Togo<\/strong>, au <strong>Burkina Faso<\/strong> et\u2026 \u00e0 <strong>Lyon<\/strong>. Apr\u00e8s un pitch de pr\u00e9sentation de chaque projet, les participants pourront s\u2019engager \u00e0 soutenir l\u2019un, ou l\u2019autre, voire les trois. \u00ab\u00a0Nous avons d\u00e9cid\u00e9 de dupliquer l\u2019op\u00e9ration Pitch&amp;Give \u00e0 Lyon pour augmenter notre notori\u00e9t\u00e9, notre visibilit\u00e9 et pour cr\u00e9er une relation physique plus \u00e9troite avec nos donateurs locaux\u00a0\u00bb, compl\u00e8te Armelle Renaudin. Avant de rappeler qu\u2019un premier pas a d\u00e9j\u00e0 \u00e9t\u00e9 fait cette ann\u00e9e, avec la cr\u00e9ation d\u2019un<strong> comit\u00e9 de soutien lyonnais<\/strong> r\u00e9unissant 10 personnalit\u00e9s.<\/p>\n","protected":false},"excerpt":{"rendered":"\u00a9 Jacques Donnay &#8211; Candice B\u00e9juit, directrice et relation grands donateurs de l&rsquo;association Entrepreneurs du monde et Armelle&hellip;\n","protected":false},"author":2,"featured_media":586543,"comment_status":"","ping_status":"","sticky":false,"template":"","format":"standard","meta":{"footnotes":""},"categories":[1889],"tags":[1111,11,2430,15714,15271,1777,674,1011,27,2428,12,25],"class_list":{"0":"post-586542","1":"post","2":"type-post","3":"status-publish","4":"format-standard","5":"has-post-thumbnail","7":"category-lyon","8":"tag-actu","9":"tag-actualites","10":"tag-auvergne-rhone-alpes","11":"tag-dons","12":"tag-entrepreneurs","13":"tag-eu","14":"tag-europe","15":"tag-fr","16":"tag-france","17":"tag-lyon","18":"tag-news","19":"tag-republique-francaise"},"share_on_mastodon":{"url":"https:\/\/pubeurope.com\/@fr\/115684513818095445","error":""},"_links":{"self":[{"href":"https:\/\/www.europesays.com\/fr\/wp-json\/wp\/v2\/posts\/586542","targetHints":{"allow":["GET"]}}],"collection":[{"href":"https:\/\/www.europesays.com\/fr\/wp-json\/wp\/v2\/posts"}],"about":[{"href":"https:\/\/www.europesays.com\/fr\/wp-json\/wp\/v2\/types\/post"}],"author":[{"embeddable":true,"href":"https:\/\/www.europesays.com\/fr\/wp-json\/wp\/v2\/users\/2"}],"replies":[{"embeddable":true,"href":"https:\/\/www.europesays.com\/fr\/wp-json\/wp\/v2\/comments?post=586542"}],"version-history":[{"count":0,"href":"https:\/\/www.europesays.com\/fr\/wp-json\/wp\/v2\/posts\/586542\/revisions"}],"wp:featuredmedia":[{"embeddable":true,"href":"https:\/\/www.europesays.com\/fr\/wp-json\/wp\/v2\/media\/586543"}],"wp:attachment":[{"href":"https:\/\/www.europesays.com\/fr\/wp-json\/wp\/v2\/media?parent=586542"}],"wp:term":[{"taxonomy":"category","embeddable":true,"href":"https:\/\/www.europesays.com\/fr\/wp-json\/wp\/v2\/categories?post=586542"},{"taxonomy":"post_tag","embeddable":true,"href":"https:\/\/www.europesays.com\/fr\/wp-json\/wp\/v2\/tags?post=586542"}],"curies":[{"name":"wp","href":"https:\/\/api.w.org\/{rel}","templated":true}]}}