{"id":586546,"date":"2025-12-08T14:54:12","date_gmt":"2025-12-08T14:54:12","guid":{"rendered":"https:\/\/www.europesays.com\/fr\/586546\/"},"modified":"2025-12-08T14:54:12","modified_gmt":"2025-12-08T14:54:12","slug":"paris-fc-je-ne-suis-pas-decu-par-notre-debut-de-saison-affirme-antoine-arnault","status":"publish","type":"post","link":"https:\/\/www.europesays.com\/fr\/586546\/","title":{"rendered":"Paris FC\u00a0: \u00ab\u00a0Je ne suis pas d\u00e9\u00e7u par notre d\u00e9but de saison\u00a0\u00bb, affirme Antoine Arnault"},"content":{"rendered":"<p class=\"paragraph text_align_left lp-f-body-02\">Lors de la conf\u00e9rence de presse ce lundi pour d\u00e9tailler le projet d\u2019extension du centre d\u2019entra\u00eenement d\u2019Orly, le propri\u00e9taire du <a href=\"https:\/\/www.leparisien.fr\/sports\/football\/paris-fc\/\" target=\"_self\" rel=\"noopener\">Paris FC<\/a>, Antoine Arnault, est aussi revenu sur le d\u00e9but de saison de son \u00e9quipe. Le promu qui n\u2019a plus gagn\u00e9 depuis 8 matchs est 14e apr\u00e8s son nul dimanche <a href=\"https:\/\/www.leparisien.fr\/sports\/football\/ligue-1\/on-se-repete-mais-on-nest-pas-assez-tueurs-pourquoi-le-paris-fc-continue-davancer-a-tout-petits-pas-07-12-2025-QNORICRWOVCVBNZMCDJTETI34Q.php\" target=\"_self\" rel=\"noopener\">au Havre (0-0).<\/a><\/p>\n<p class=\"paragraph text_align_left lp-f-body-02\">\u00ab Je ne suis pas du tout d\u00e9\u00e7u par notre d\u00e9but de saison, souligne Antoine Arnault. Le championnat de Ligue 1 est compliqu\u00e9. L\u2019\u00e9quipe est belle \u00e0 voir jouer. C\u2019est vrai qu\u2019on m\u00e9riterait d\u2019avoir, \u00e0 mon avis, quelques points de plus. Il faut aller chercher les points les uns apr\u00e8s les autres. <a href=\"https:\/\/www.leparisien.fr\/sports\/football\/paris-fc\/le-havreparis-fc-0-0-paris-se-fait-peur-mais-sauve-un-point-en-normandie-07-12-2025-IE7WSFESGZD7BGU6L66EXBQW3I.php\" target=\"_self\" rel=\"noopener\">Dimanche au Havre<\/a> (0-0), on en a pris d\u00e9j\u00e0 un. On a ce p\u00e9nalty contre nous \u00e0 dix minutes de la fin, on a aussi l\u2019occasion de marquer deux ou trois fois et de rentrer avec les trois points, mais \u00e7a n\u2019a pas \u00e9t\u00e9 le cas. On va prendre les matchs un par un, le prochain c\u2019est Toulouse, ensuite, on a la Coupe de France et apr\u00e8s il y aura ce fameux derby. \u00bb<\/p>\n<p>\u00ab Le Paris FC est inject\u00e9 \u00e0 100 % dans mon ADN \u00bb<\/p>\n<p class=\"paragraph text_align_left lp-f-body-02\">Antoine Arnault n\u2019a jamais cach\u00e9 qu\u2019il est supporter du PSG et un habitu\u00e9 du Parc des Princes depuis longtemps. Le premier match de 2026, le 4 janvier au Parc des Princes, aura une belle saveur. \u00ab Pour moi, ce derby est un peu particulier car j\u2019ai \u00e9t\u00e9 supporter du PSG pendant de tr\u00e8s nombreuses ann\u00e9es, reconna\u00eet-il. D\u00e9sormais, je suis supporter du Paris FC et m\u00eame plus que supporter. Car maintenant, \u00e7a y est, le Paris FC est inject\u00e9 \u00e0 100 % dans mon ADN. Et j\u2019ai toujours dit d\u2019ailleurs que pour ce match-l\u00e0, bien \u00e9videmment, je serais plus qu\u2019en faveur du Paris FC et je supporterais \u00e0 fond notre club. Il n\u2019y a m\u00eame pas de doute mais effectivement, il aura une saveur particuli\u00e8re. J\u2019ai \u00e9t\u00e9 dans la corbeille pr\u00e9sidentielle des centaines de fois, mais y \u00eatre en tant qu\u2019actionnaire et repr\u00e9sentant du club de l\u2019\u00e9quipe adverse, \u00e7a va \u00eatre en effet un peu sp\u00e9cial. \u00bb<\/p>\n<p class=\"paragraph text_align_left lp-f-body-02\">Ce lundi, l\u2019actionnaire principal du Paris FC qui repr\u00e9sente la holding familiale Agache, s\u2019est aussi exprim\u00e9 longuement dans <a href=\"https:\/\/www.lequipe.fr\/Football\/Article\/Grand-recit-antoine-arnault-detaille-son-projet-pour-le-paris-fc-ne-pas-se-prendre-pour-un-autre\/1615332\" target=\"_self\" rel=\"noopener\">L\u2019\u00c9quipe<\/a>, r\u00e9affirmant sa confiance \u00e0 l\u2019entra\u00eeneur St\u00e9phane Gilli.<\/p>\n<p class=\"paragraph text_align_left lp-f-body-02\">\u00ab Le groupe est derri\u00e8re le coach et je le dis clairement : le d\u00e9part de St\u00e9phane Gilli n\u2019a jamais \u00e9t\u00e9 envisag\u00e9. Nous comptons sur lui \u00bb, a-t-il d\u00e9clar\u00e9 tout en insistant une nouvelle fois sur la philosophie du projet, bas\u00e9 sur le temps long.<\/p>\n<p class=\"paragraph text_align_left lp-f-body-02\">\u00ab Il faut avoir l\u2019humilit\u00e9 de ne pas en vouloir trop d\u00e8s la premi\u00e8re ann\u00e9e. Je comprends que certains voudraient tout de suite nous voir accrocher l\u2019Europe mais \u00e7a n\u2019est tout simplement pas possible. Et ils peuvent le dire autant de fois qu\u2019ils le veulent, je leur r\u00e9pondrai toujours la m\u00eame chose : \u00e9tape apr\u00e8s \u00e9tape, pierre par pierre. Il n\u2019y a que comme \u00e7a que nous arriverons \u00e0 construire quelque chose de solide. \u00bb<\/p>\n<p>\u00ab Cela ne s\u2019est pas jou\u00e9 \u00e0 grand-chose pour l\u2019arriv\u00e9e de N\u2019Golo Kant\u00e9 \u00bb<\/p>\n<p class=\"paragraph text_align_left lp-f-body-02\">Toujours dans les colonnes de L\u2019\u00c9quipe, il a \u00e9galement confirm\u00e9 que le Paris FC sera actif lors du mercato de janvier pour \u00ab avoir une \u00e9quipe mieux \u00e9quilibr\u00e9e qui performera et qui nous permettra de regarder devant au classement \u00bb. Deux \u00e0 quatre joueurs sont attendus avec en priorit\u00e9 un avant-centre et un milieu athl\u00e9tique. Mais Antoine Arnault a aussi voulu passer un message : \u00ab Ma famille n\u2019est pas venue au Paris FC pour faire n\u2019importe quoi. Il n\u2019est donc pas question que nous servions \u00e0 alimenter le march\u00e9 des transferts et \u00e0 cr\u00e9er une bulle. \u00bb<\/p>\n<p class=\"paragraph text_align_left lp-f-body-02\">Enfin, il a confirm\u00e9 dans cet entretien que <a href=\"https:\/\/www.leparisien.fr\/sports\/football\/ligue-1\/on-sait-jamais-paris-fc-ligue-1-lenigmatique-reponse-de-ngolo-kante-sur-son-avenir-15-11-2025-WQYEX7LU5ZEQVA3WKQNMM7DBGI.php\" target=\"_self\" rel=\"noopener\">N\u2019Golo Kant\u00e9<\/a> avait bien \u00e9t\u00e9 tout proche de signer au Paris FC mois d\u2019ao\u00fbt, comme nous l\u2019avions annonc\u00e9 \u00e0 l\u2019\u00e9poque. Antoine Arnault avait men\u00e9 les n\u00e9gociations avec Red Bull. \u00ab Cela ne s\u2019est jou\u00e9 \u00e0 pas grand-chose. C\u2019est dommage et j\u2019\u00e9tais triste qu\u2019il ne vienne pas. Je crois que lui aussi voulait venir mais son club (Al-Ittihad, Arabie saoudite) ne l\u2019a pas laiss\u00e9 partir. Nous respectons cela. C\u2019est dommage parce qu\u2019avec N\u2019Golo dans cette \u00e9quipe, cela aurait cr\u00e9\u00e9 une dynamique suppl\u00e9mentaire et peut-\u00eatre bien 5 points de plus au classement. Bref, ce n\u2019est plus d\u2019actualit\u00e9. \u00bb<\/p>\n","protected":false},"excerpt":{"rendered":"Lors de la conf\u00e9rence de presse ce lundi pour d\u00e9tailler le projet d\u2019extension du centre d\u2019entra\u00eenement d\u2019Orly, le&hellip;\n","protected":false},"author":2,"featured_media":586547,"comment_status":"","ping_status":"","sticky":false,"template":"","format":"standard","meta":{"footnotes":""},"categories":[1888],"tags":[1111,1928,11,1927,1777,674,63,1011,27,12,1926,626,445,1925,25,60],"class_list":{"0":"post-586546","1":"post","2":"type-post","3":"status-publish","4":"format-standard","5":"has-post-thumbnail","7":"category-paris","8":"tag-actu","9":"tag-actu-paris","10":"tag-actualites","11":"tag-actualites-paris","12":"tag-eu","13":"tag-europe","14":"tag-football","15":"tag-fr","16":"tag-france","17":"tag-news","18":"tag-news-paris","19":"tag-paris","20":"tag-paris-fc","21":"tag-paris-news","22":"tag-republique-francaise","23":"tag-sports"},"share_on_mastodon":{"url":"https:\/\/pubeurope.com\/@fr\/115684525029134310","error":""},"_links":{"self":[{"href":"https:\/\/www.europesays.com\/fr\/wp-json\/wp\/v2\/posts\/586546","targetHints":{"allow":["GET"]}}],"collection":[{"href":"https:\/\/www.europesays.com\/fr\/wp-json\/wp\/v2\/posts"}],"about":[{"href":"https:\/\/www.europesays.com\/fr\/wp-json\/wp\/v2\/types\/post"}],"author":[{"embeddable":true,"href":"https:\/\/www.europesays.com\/fr\/wp-json\/wp\/v2\/users\/2"}],"replies":[{"embeddable":true,"href":"https:\/\/www.europesays.com\/fr\/wp-json\/wp\/v2\/comments?post=586546"}],"version-history":[{"count":0,"href":"https:\/\/www.europesays.com\/fr\/wp-json\/wp\/v2\/posts\/586546\/revisions"}],"wp:featuredmedia":[{"embeddable":true,"href":"https:\/\/www.europesays.com\/fr\/wp-json\/wp\/v2\/media\/586547"}],"wp:attachment":[{"href":"https:\/\/www.europesays.com\/fr\/wp-json\/wp\/v2\/media?parent=586546"}],"wp:term":[{"taxonomy":"category","embeddable":true,"href":"https:\/\/www.europesays.com\/fr\/wp-json\/wp\/v2\/categories?post=586546"},{"taxonomy":"post_tag","embeddable":true,"href":"https:\/\/www.europesays.com\/fr\/wp-json\/wp\/v2\/tags?post=586546"}],"curies":[{"name":"wp","href":"https:\/\/api.w.org\/{rel}","templated":true}]}}