{"id":586556,"date":"2025-12-08T14:59:18","date_gmt":"2025-12-08T14:59:18","guid":{"rendered":"https:\/\/www.europesays.com\/fr\/586556\/"},"modified":"2025-12-08T14:59:18","modified_gmt":"2025-12-08T14:59:18","slug":"pourquoi-leurope-risque-de-lacher-lukraine","status":"publish","type":"post","link":"https:\/\/www.europesays.com\/fr\/586556\/","title":{"rendered":"Pourquoi l\u2019Europe risque de l\u00e2cher l\u2019Ukraine"},"content":{"rendered":"<p>INTERVIEW. Selon le g\u00e9n\u00e9ral Olivier Kempf, expert de la Fondation pour la recherche strat\u00e9gique, la situation est de plus en plus d\u00e9favorable \u00e0 l\u2019Ukraine sur le terrain. Tr\u00e8s fragilis\u00e9, le pr\u00e9sident Zelensky, qui rencontre \u00e0 nouveau ses soutiens europ\u00e9ens ce lundi, risque d\u2019\u00eatre contraint de signer le plan am\u00e9ricain. Dans ce rapport de force d\u00e9favorable, l\u2019Europe ne p\u00e8se pas lourd et n\u2019a ni les moyens, ni la r\u00e9elle volont\u00e9 de sauver l\u2019Ukraine.<\/p>\n","protected":false},"excerpt":{"rendered":"INTERVIEW. Selon le g\u00e9n\u00e9ral Olivier Kempf, expert de la Fondation pour la recherche strat\u00e9gique, la situation est de&hellip;\n","protected":false},"author":2,"featured_media":586557,"comment_status":"","ping_status":"","sticky":false,"template":"","format":"standard","meta":{"footnotes":""},"categories":[1590],"tags":[11,1777,674,12,132,220,135,134],"class_list":{"0":"post-586556","1":"post","2":"type-post","3":"status-publish","4":"format-standard","5":"has-post-thumbnail","7":"category-ukraine","8":"tag-actualites","9":"tag-eu","10":"tag-europe","11":"tag-news","12":"tag-russie","13":"tag-ukraine","14":"tag-vladimir-poutine","15":"tag-volodymyr-zelensky"},"share_on_mastodon":{"url":"https:\/\/pubeurope.com\/@fr\/115684544783898923","error":""},"_links":{"self":[{"href":"https:\/\/www.europesays.com\/fr\/wp-json\/wp\/v2\/posts\/586556","targetHints":{"allow":["GET"]}}],"collection":[{"href":"https:\/\/www.europesays.com\/fr\/wp-json\/wp\/v2\/posts"}],"about":[{"href":"https:\/\/www.europesays.com\/fr\/wp-json\/wp\/v2\/types\/post"}],"author":[{"embeddable":true,"href":"https:\/\/www.europesays.com\/fr\/wp-json\/wp\/v2\/users\/2"}],"replies":[{"embeddable":true,"href":"https:\/\/www.europesays.com\/fr\/wp-json\/wp\/v2\/comments?post=586556"}],"version-history":[{"count":0,"href":"https:\/\/www.europesays.com\/fr\/wp-json\/wp\/v2\/posts\/586556\/revisions"}],"wp:featuredmedia":[{"embeddable":true,"href":"https:\/\/www.europesays.com\/fr\/wp-json\/wp\/v2\/media\/586557"}],"wp:attachment":[{"href":"https:\/\/www.europesays.com\/fr\/wp-json\/wp\/v2\/media?parent=586556"}],"wp:term":[{"taxonomy":"category","embeddable":true,"href":"https:\/\/www.europesays.com\/fr\/wp-json\/wp\/v2\/categories?post=586556"},{"taxonomy":"post_tag","embeddable":true,"href":"https:\/\/www.europesays.com\/fr\/wp-json\/wp\/v2\/tags?post=586556"}],"curies":[{"name":"wp","href":"https:\/\/api.w.org\/{rel}","templated":true}]}}