{"id":586560,"date":"2025-12-08T15:02:16","date_gmt":"2025-12-08T15:02:16","guid":{"rendered":"https:\/\/www.europesays.com\/fr\/586560\/"},"modified":"2025-12-08T15:02:16","modified_gmt":"2025-12-08T15:02:16","slug":"un-organe-de-lonu-exhorte-le-royaume-uni-et-maurice-a-ne-pas-ratifier-laccord-sur-les-chagos","status":"publish","type":"post","link":"https:\/\/www.europesays.com\/fr\/586560\/","title":{"rendered":"Un organe de l&rsquo;ONU exhorte le Royaume-Uni et Maurice \u00e0 ne pas ratifier l&rsquo;accord sur les Chagos"},"content":{"rendered":"<p>Un comit\u00e9 des Nations unies a appel\u00e9 lundi le Royaume-Uni et Maurice \u00e0 ne pas ratifier un accord visant \u00e0 r\u00e9gler l&rsquo;avenir des \u00eeles Chagos dans l&rsquo;oc\u00e9an Indien, estimant qu&rsquo;il risquait de perp\u00e9tuer les violations de longue date des droits des Chagossiens.<\/p>\n<p>L&rsquo;accord, conclu en mai apr\u00e8s des ann\u00e9es de n\u00e9gociations, pr\u00e9voit le transfert de la souverainet\u00e9 des \u00eeles \u00e0 Maurice, tout en permettant au Royaume-Uni de conserver le contr\u00f4le de la base a\u00e9rienne am\u00e9ricano-britannique strat\u00e9giquement importante sur la plus grande \u00eele, Diego Garcia, via un bail de longue dur\u00e9e.<\/p>\n<p>Jusqu&rsquo;\u00e0 2\u00a0000 Chagossiens ont \u00e9t\u00e9 expuls\u00e9s de force de l&rsquo;archipel dans les ann\u00e9es 1960 et 1970. Beaucoup ont trouv\u00e9 refuge au Royaume-Uni, et certains ont revendiqu\u00e9 le droit de retourner sur leurs terres d&rsquo;origine.<\/p>\n<p>Le Comit\u00e9 pour l&rsquo;\u00e9limination de la discrimination raciale des Nations unies, r\u00e9uni ce mois-ci \u00e0 Gen\u00e8ve, s&rsquo;est dit pr\u00e9occup\u00e9 par le fait que l&rsquo;accord \u00ab\u00a0emp\u00eache explicitement le retour du peuple chagossien sur ses terres ancestrales de l&rsquo;\u00eele Diego Garcia\u00a0\u00bb.<\/p>\n<p>Le comit\u00e9 a \u00e9galement exprim\u00e9 son inqui\u00e9tude quant au fait que l&rsquo;accord ne reconna\u00eet pas formellement les injustices pass\u00e9es, n&rsquo;offre pas de r\u00e9paration compl\u00e8te pour les pr\u00e9judices subis, et ne garantit pas la pr\u00e9servation du patrimoine culturel distinct des \u00eeles.<\/p>\n<p>Le Royaume-Uni et Maurice, ainsi qu&rsquo;environ 180 autres \u00c9tats, sont parties \u00e0 la Convention de 1965 sur l&rsquo;\u00e9limination de toutes les formes de discrimination raciale, juridiquement contraignante et plac\u00e9e sous la supervision du comit\u00e9 onusien. Leurs missions diplomatiques \u00e0 Gen\u00e8ve n&rsquo;ont pas r\u00e9agi imm\u00e9diatement \u00e0 une demande de commentaire.<\/p>\n<p>La Cour internationale de Justice avait exhort\u00e9 Londres en 2019 \u00e0 restituer les \u00eeles \u00e0 Maurice. Depuis, le Royaume-Uni a reconnu que l&rsquo;expulsion des Chagossiens \u00e9tait \u00ab\u00a0profond\u00e9ment injuste et regrettable\u00a0\u00bb.<\/p>\n<p>La d\u00e9cision du comit\u00e9 a \u00e9t\u00e9 rendue dans le cadre de son syst\u00e8me d&rsquo;alerte pr\u00e9coce, qui examine les questions urgentes afin de limiter les violations des trait\u00e9s et d&#8217;emp\u00eacher qu&rsquo;elles ne d\u00e9g\u00e9n\u00e8rent en conflits.<\/p>\n<p>Le comit\u00e9 exhorte les parties \u00e0 \u00ab\u00a0poursuivre leur coop\u00e9ration afin de mettre fin aux pr\u00e9judices subis par le peuple chagossien et aux violations de ses droits\u00a0\u00bb.<\/p>\n","protected":false},"excerpt":{"rendered":"Un comit\u00e9 des Nations unies a appel\u00e9 lundi le Royaume-Uni et Maurice \u00e0 ne pas ratifier un accord&hellip;\n","protected":false},"author":2,"featured_media":586561,"comment_status":"","ping_status":"","sticky":false,"template":"","format":"standard","meta":{"footnotes":""},"categories":[1588],"tags":[11,340,1777,674,12,473,1853,1851,1850,1852],"class_list":{"0":"post-586560","1":"post","2":"type-post","3":"status-publish","4":"format-standard","5":"has-post-thumbnail","7":"category-royaume-uni","8":"tag-actualites","9":"tag-bourse","10":"tag-eu","11":"tag-europe","12":"tag-news","13":"tag-royaume-uni","14":"tag-royaume-uni-de-grande-bretagne-et-dirlande-du-nord","15":"tag-uk","16":"tag-united-kingdom","17":"tag-united-kingdom-of-great-britain-and-northern-ireland"},"share_on_mastodon":{"url":"https:\/\/pubeurope.com\/@fr\/115684556412914289","error":""},"_links":{"self":[{"href":"https:\/\/www.europesays.com\/fr\/wp-json\/wp\/v2\/posts\/586560","targetHints":{"allow":["GET"]}}],"collection":[{"href":"https:\/\/www.europesays.com\/fr\/wp-json\/wp\/v2\/posts"}],"about":[{"href":"https:\/\/www.europesays.com\/fr\/wp-json\/wp\/v2\/types\/post"}],"author":[{"embeddable":true,"href":"https:\/\/www.europesays.com\/fr\/wp-json\/wp\/v2\/users\/2"}],"replies":[{"embeddable":true,"href":"https:\/\/www.europesays.com\/fr\/wp-json\/wp\/v2\/comments?post=586560"}],"version-history":[{"count":0,"href":"https:\/\/www.europesays.com\/fr\/wp-json\/wp\/v2\/posts\/586560\/revisions"}],"wp:featuredmedia":[{"embeddable":true,"href":"https:\/\/www.europesays.com\/fr\/wp-json\/wp\/v2\/media\/586561"}],"wp:attachment":[{"href":"https:\/\/www.europesays.com\/fr\/wp-json\/wp\/v2\/media?parent=586560"}],"wp:term":[{"taxonomy":"category","embeddable":true,"href":"https:\/\/www.europesays.com\/fr\/wp-json\/wp\/v2\/categories?post=586560"},{"taxonomy":"post_tag","embeddable":true,"href":"https:\/\/www.europesays.com\/fr\/wp-json\/wp\/v2\/tags?post=586560"}],"curies":[{"name":"wp","href":"https:\/\/api.w.org\/{rel}","templated":true}]}}