{"id":586562,"date":"2025-12-08T15:03:16","date_gmt":"2025-12-08T15:03:16","guid":{"rendered":"https:\/\/www.europesays.com\/fr\/586562\/"},"modified":"2025-12-08T15:03:16","modified_gmt":"2025-12-08T15:03:16","slug":"football-la-suisse-contre-lallemagne-et-la-norvege-en-mars","status":"publish","type":"post","link":"https:\/\/www.europesays.com\/fr\/586562\/","title":{"rendered":"Football. La Suisse contre l&rsquo;Allemagne et la Norv\u00e8ge en mars"},"content":{"rendered":"<p class=\"paragraph-1-base\">La Suisse d\u00e9fiera d&rsquo;abord l&rsquo;Allemagne au Parc Saint-Jacques le vendredi 27 mars. Les deux \u00e9quipes ne se sont plus rencontr\u00e9es depuis la phase de groupes de l&rsquo;Euro 2024, lors de laquelle elles s&rsquo;\u00e9taient quitt\u00e9es sur un match nul 1-1.<\/p>\n<p>Une premi\u00e8re depuis 2013<\/p>\n<p class=\"paragraph-1-base\">Elle se d\u00e9placera ensuite \u00e0 Oslo le mardi 31 mars pour y d\u00e9fier la Norv\u00e8ge, une nation qui a fortement impressionn\u00e9 lors des qualifications. La derni\u00e8re rencontre face aux Scandinaves remonte au 10 septembre 2013, lors des \u00e9liminatoires de la Coupe du monde 2014. La Suisse s&rsquo;\u00e9tait impos\u00e9e 2-0 dans la capitale norv\u00e9gienne gr\u00e2ce \u00e0 un doubl\u00e9 de Fabian Sch\u00e4r.<\/p>\n<p class=\"paragraph-1-base after:text-primary after:heading-2-xl after:relative after:top-[2px] after:pl-1 after:!leading-[18px] after:text-primary-300 after:content-[&quot;\u00bb&quot;] dark:after:text-primary-300\">Pour rappel, la s\u00e9lection de Murat Yakin affrontera le Canada, le Qatar et un barragiste europ\u00e9en (Italie, Pays de Galles, Irlande du Nord ou Bosnie-Herz\u00e9govine) \u00e0 la Coupe du monde. L&rsquo;ASF communiquera d\u00e9but 2026 \u00e0 propos du programme de la pr\u00e9paration.<\/p>\n","protected":false},"excerpt":{"rendered":"La Suisse d\u00e9fiera d&rsquo;abord l&rsquo;Allemagne au Parc Saint-Jacques le vendredi 27 mars. Les deux \u00e9quipes ne se sont&hellip;\n","protected":false},"author":2,"featured_media":586563,"comment_status":"","ping_status":"","sticky":false,"template":"","format":"standard","meta":{"footnotes":""},"categories":[1587],"tags":[11,672,69977,7447,1804,574,1805,1803,1777,674,63,1801,452,12,1802,3067],"class_list":{"0":"post-586562","1":"post","2":"type-post","3":"status-publish","4":"format-standard","5":"has-post-thumbnail","7":"category-allemagne","8":"tag-actualites","9":"tag-allemagne","10":"tag-asf","11":"tag-bale","12":"tag-bundesrepublik-deutschland","13":"tag-canada","14":"tag-de","15":"tag-deutschland","16":"tag-eu","17":"tag-europe","18":"tag-football","19":"tag-germany","20":"tag-italie","21":"tag-news","22":"tag-republique-federale-dallemagne","23":"tag-suisse"},"share_on_mastodon":{"url":"https:\/\/pubeurope.com\/@fr\/115684560438627358","error":""},"_links":{"self":[{"href":"https:\/\/www.europesays.com\/fr\/wp-json\/wp\/v2\/posts\/586562","targetHints":{"allow":["GET"]}}],"collection":[{"href":"https:\/\/www.europesays.com\/fr\/wp-json\/wp\/v2\/posts"}],"about":[{"href":"https:\/\/www.europesays.com\/fr\/wp-json\/wp\/v2\/types\/post"}],"author":[{"embeddable":true,"href":"https:\/\/www.europesays.com\/fr\/wp-json\/wp\/v2\/users\/2"}],"replies":[{"embeddable":true,"href":"https:\/\/www.europesays.com\/fr\/wp-json\/wp\/v2\/comments?post=586562"}],"version-history":[{"count":0,"href":"https:\/\/www.europesays.com\/fr\/wp-json\/wp\/v2\/posts\/586562\/revisions"}],"wp:featuredmedia":[{"embeddable":true,"href":"https:\/\/www.europesays.com\/fr\/wp-json\/wp\/v2\/media\/586563"}],"wp:attachment":[{"href":"https:\/\/www.europesays.com\/fr\/wp-json\/wp\/v2\/media?parent=586562"}],"wp:term":[{"taxonomy":"category","embeddable":true,"href":"https:\/\/www.europesays.com\/fr\/wp-json\/wp\/v2\/categories?post=586562"},{"taxonomy":"post_tag","embeddable":true,"href":"https:\/\/www.europesays.com\/fr\/wp-json\/wp\/v2\/tags?post=586562"}],"curies":[{"name":"wp","href":"https:\/\/api.w.org\/{rel}","templated":true}]}}