{"id":586564,"date":"2025-12-08T15:04:22","date_gmt":"2025-12-08T15:04:22","guid":{"rendered":"https:\/\/www.europesays.com\/fr\/586564\/"},"modified":"2025-12-08T15:04:22","modified_gmt":"2025-12-08T15:04:22","slug":"il-est-j-1-pour-leurope-democratique-menacee-par-lamerique-de-trump","status":"publish","type":"post","link":"https:\/\/www.europesays.com\/fr\/586564\/","title":{"rendered":"Il est J-1 pour l\u2019Europe d\u00e9mocratique, menac\u00e9e par l\u2019Am\u00e9rique de Trump"},"content":{"rendered":"\n<p>L\u2019Europe d\u00e9mocratique et l\u2019Union europ\u00e9enne ne sont plus les alli\u00e9es des \u00c9tats-Unis\u00a0: elles sont d\u00e9sormais un continent \u00e0 \u201ccorriger\u201d, aussi de l\u2019int\u00e9rieur. Pour ceux et celles qui doutaient du revirement total de l\u2019Am\u00e9rique de Trump et de sa volont\u00e9 de mettre fin aux liens transatlantiques n\u00e9s de la Seconde Guerre mondiale, un document officiel l\u2019affiche d\u00e9sormais noir sur blanc [le texte de 33\u00a0pages red\u00e9finissant la \u201cstrat\u00e9gie de s\u00e9curit\u00e9 nationale\u201d a \u00e9t\u00e9 publi\u00e9 dans la nuit du 4\u00a0au 5\u00a0d\u00e9cembre]. Il n\u2019y avait ce week-end que la cheffe de la diplomatie europ\u00e9enne, Kaja Kallas, pour se voiler la face dans une r\u00e9action d\u2019une extr\u00eame faiblesse. Si c\u2019est cela, la r\u00e9action de l\u2019Union, alors oui, les d\u00e9mocraties europ\u00e9ennes et \u201cBruxelles\u201d peuvent trembler.<\/p>\n<p>Dans leur \u201cstrat\u00e9gie de s\u00e9curit\u00e9 nationale\u201d, Donald Trump et ses id\u00e9ologues exposent leur intention d\u2019intervenir sur le continent europ\u00e9en pour lutter en fait activement contre les gouvernements \u00e9lus, en soutenant \u201cles partis patriotiques europ\u00e9ens\u201d. L\u2019objectif\u00a0? \u201cAider l\u2019Europe \u00e0 corriger sa trajectoire actuelle\u201d via la promotion du \u201crenouveau spirituel\u201d, de \u201cl\u2019essor\u201d des partis patriotiques, de \u201cla d\u00e9mocratie authentique, la libert\u00e9 d\u2019expression et la c\u00e9l\u00e9bration sans complexe du caract\u00e8re et de l\u2019histoire propres \u00e0 chaque nation e<\/p>\n<p>  Offres sp\u00e9ciales  Pour lire la suite de cet article, abonnez-vous <\/p>\n<p class=\"paywall-text\">Acc\u00e9dez \u00e0\u00a0l\u2019int\u00e9gralit\u00e9 de\u00a0nos contenus sur le\u00a0site et\u00a0l\u2019application en\u00a0vous abonnant \u00e0\u00a0<strong>l\u2019offre sp\u00e9ciale.<\/strong><\/p>\n<p class=\"price\">D\u00e8s <strong>2,99\u00a0\u20ac<\/strong>\/mois<\/p>\n<p> Sans engagement \u2022 R\u00e9siliable en ligne                             Offres sp\u00e9ciales  <\/p>\n<p class=\"popin-title\"> <strong>Profitez d\u2019un acc\u00e8s illimit\u00e9 (-57%)<\/strong> <\/p>\n<p>    <img loading=\"lazy\" decoding=\"async\" class=\"popin-img\" src=\"https:\/\/www.europesays.com\/fr\/wp-content\/uploads\/2025\/12\/fe6cca3_upload-1-y50fm5af5abj-pop-in.png\"  alt=\"Image d'illustration pour l'abonnement\" width=\"300\" height=\"250\"\/>    <\/p>\n<p class=\"price\"> 2,99 \u20ac par mois <\/p>\n<p class=\"popin-engagement\">au lieu de 6,99 \u20ac, r\u00e9siliable \u00e0 tout moment<\/p>\n<p>  <a class=\"ithal-element\" href=\"https:\/\/macommande.courrierinternational.com\/account\/create\/CWADIMENS299PRIO\/CW365N3600ADD1FPRIO?marketing=RCWSITEDISPLAY01\" data-model=\"button\" data-ithal=\"popin_offre_speciale\" data-ithalc=\"[cta_abo]\" id=\"click_popin_offre_speciale\" target=\"_blank\" rel=\"noopener\">J\u2019en profite<\/a>                                                                   <\/p>\n<p>Source de l\u2019article<\/p>\n<p>   <img decoding=\"async\" class=\"source-logo\" src=\"https:\/\/www.europesays.com\/fr\/wp-content\/uploads\/2025\/12\/6d50242_1643653828545-le-soir.jpg\"  alt=\"Logo\" loading=\"lazy\" width=\"32\" height=\"32\"\/>  Le Soir  (Bruxelles)       <\/p>\n<p>Lanc\u00e9 en 1887, Le Soir est, avec La Libre Belgique, l\u2019un des deux quotidiens de r\u00e9f\u00e9rence en Belgique francophone. Riche en suppl\u00e9ments et pionnier sur le web, il a n\u00e9anmoins vu ses ventes s\u2019\u00e9roder fortement au fil des ann\u00e9es.<\/p>\n<p>Le quotidien g\u00e9n\u00e9raliste se positionne comme politiquement neutre \u2013\u00a0m\u00eame s\u2019il est le d\u00e9fenseur naturel des francophones \u00e9tablis dans la p\u00e9riph\u00e9rie bruxelloise flamande.<\/p>\n<p>Le Soir\u00a0est \u00e9dit\u00e9 par le groupe Rossel qui, fond\u00e9 par \u00c9mile Rossel, appartient toujours \u00e0 ses h\u00e9ritiers, la famille Hurbain. Rossel d\u00e9tient plusieurs titres r\u00e9gionaux en Wallonie (r\u00e9unis sous la banni\u00e8re de Sudpresse) ainsi qu\u2019une participation majoritaire dans les titres du groupe\u00a0La Voix du Nord, dans le nord de la France.<\/p>\n<p>Depuis juillet 1996, on trouve sur le site du Soir l\u2019\u00e9dition du jour ainsi qu\u2019une partie substantielle des archives du journal. Tr\u00e8s r\u00e9actif sur l\u2019actualit\u00e9, le site dispose d\u2019un important espace abonn\u00e9s.<\/p>\n<p>\u00a0<\/p>\n<p>\u00a0<\/p>\n<p>\u00a0\u00a0\u00a0<\/p>\n<p>      <a href=\"https:\/\/www.courrierinternational.com\/notule-source\/le-soir\" class=\"source-link\" target=\"_blank\" rel=\"noopener\">Lire la suite<\/a>                 <\/p>\n<p>Nos services<\/p>\n","protected":false},"excerpt":{"rendered":"L\u2019Europe d\u00e9mocratique et l\u2019Union europ\u00e9enne ne sont plus les alli\u00e9es des \u00c9tats-Unis\u00a0: elles sont d\u00e9sormais un continent \u00e0&hellip;\n","protected":false},"author":2,"featured_media":586565,"comment_status":"","ping_status":"","sticky":false,"template":"","format":"standard","meta":{"footnotes":""},"categories":[1586],"tags":[11,3822,75,1777,674,1011,27,1892,12,136,25,770,2475],"class_list":{"0":"post-586564","1":"post","2":"type-post","3":"status-publish","4":"format-standard","5":"has-post-thumbnail","7":"category-europe","8":"tag-actualites","9":"tag-amu00e9riques","10":"tag-donald-trump","11":"tag-eu","12":"tag-europe","13":"tag-fr","14":"tag-france","15":"tag-gu00e9opolitique","16":"tag-news","17":"tag-otan","18":"tag-republique-francaise","19":"tag-u00e9tats-unis","20":"tag-union-europu00e9enne"},"share_on_mastodon":{"url":"https:\/\/pubeurope.com\/@fr\/115684565056601337","error":""},"_links":{"self":[{"href":"https:\/\/www.europesays.com\/fr\/wp-json\/wp\/v2\/posts\/586564","targetHints":{"allow":["GET"]}}],"collection":[{"href":"https:\/\/www.europesays.com\/fr\/wp-json\/wp\/v2\/posts"}],"about":[{"href":"https:\/\/www.europesays.com\/fr\/wp-json\/wp\/v2\/types\/post"}],"author":[{"embeddable":true,"href":"https:\/\/www.europesays.com\/fr\/wp-json\/wp\/v2\/users\/2"}],"replies":[{"embeddable":true,"href":"https:\/\/www.europesays.com\/fr\/wp-json\/wp\/v2\/comments?post=586564"}],"version-history":[{"count":0,"href":"https:\/\/www.europesays.com\/fr\/wp-json\/wp\/v2\/posts\/586564\/revisions"}],"wp:featuredmedia":[{"embeddable":true,"href":"https:\/\/www.europesays.com\/fr\/wp-json\/wp\/v2\/media\/586565"}],"wp:attachment":[{"href":"https:\/\/www.europesays.com\/fr\/wp-json\/wp\/v2\/media?parent=586564"}],"wp:term":[{"taxonomy":"category","embeddable":true,"href":"https:\/\/www.europesays.com\/fr\/wp-json\/wp\/v2\/categories?post=586564"},{"taxonomy":"post_tag","embeddable":true,"href":"https:\/\/www.europesays.com\/fr\/wp-json\/wp\/v2\/tags?post=586564"}],"curies":[{"name":"wp","href":"https:\/\/api.w.org\/{rel}","templated":true}]}}