{"id":586566,"date":"2025-12-08T15:05:42","date_gmt":"2025-12-08T15:05:42","guid":{"rendered":"https:\/\/www.europesays.com\/fr\/586566\/"},"modified":"2025-12-08T15:05:42","modified_gmt":"2025-12-08T15:05:42","slug":"les-pays-de-lue-approuvent-un-durcissement-de-la-politique-migratoire","status":"publish","type":"post","link":"https:\/\/www.europesays.com\/fr\/586566\/","title":{"rendered":"Les pays de l&rsquo;UE approuvent un durcissement de la politique migratoire"},"content":{"rendered":"<p>Sous pression de la droite et de l&rsquo;extr\u00eame droite, les 27 pays de l&rsquo;Union europ\u00e9enne ont ent\u00e9rin\u00e9 lundi un net durcissement de leur politique migratoire. Ils ont notamment ouvert la voie \u00e0 l&rsquo;envoi de migrants dans des centres situ\u00e9s hors des fronti\u00e8res de l&rsquo;UE.<\/p>\n<p>R\u00e9unis \u00e0 Bruxelles, les ministres de l&rsquo;Int\u00e9rieur des Etats membres de l&rsquo;UE ont donn\u00e9 leur premier feu vert \u00e0 trois textes pr\u00e9sent\u00e9s cette ann\u00e9e par la Commission europ\u00e9enne afin d&rsquo;encadrer plus strictement les arriv\u00e9es et les renvois d&rsquo;exil\u00e9s.<\/p>\n<p>Ces mesures permettraient notamment d&rsquo;ouvrir des centres en dehors des fronti\u00e8res de l&rsquo;UE pour y envoyer les migrants dont la demande d&rsquo;asile aurait \u00e9t\u00e9 rejet\u00e9e, les fameux \u00ab\u00a0hubs de retour\u00a0\u00bb. Mais aussi de sanctionner plus durement ceux qui refusent de quitter le territoire europ\u00e9en, via des p\u00e9riodes de d\u00e9tention plus longues.<\/p>\n<p><strong class=\"inline-title\">&gt;&gt; A lire aussi\u00a0: <\/strong><a href=\"https:\/\/www.rts.ch\/info\/suisse\/2025\/article\/le-pacte-migratoire-europeen-auquel-la-suisse-va-adherer-ne-convainc-ni-la-gauche-ni-l-udc-28832635.html\" data-item-id=\"richtext_link\" target=\"_blank\" rel=\"noopener\">Le Pacte migratoire europ\u00e9en, auquel la Suisse veut adh\u00e9rer, ne convainc ni la gauche ni l&rsquo;UDC<\/a><\/p>\n<p>Elles permettraient finalement de renvoyer des demandeurs d&rsquo;asile vers des pays dont ils ne sont pas originaires mais que l&rsquo;Europe consid\u00e8re comme \u00ab\u00a0s\u00fbrs\u00a0\u00bb.<\/p>\n<p>Garder la ma\u00eetrise<\/p>\n<p>La baisse des arriv\u00e9es &#8211; environ 20% d&rsquo;entr\u00e9es irr\u00e9guli\u00e8res en moins par rapport \u00e0 l&rsquo;an dernier &#8211; n&rsquo;a pas fait retomber la pression sur les responsables politiques du Vieux continent. Bien au contraire. \u00ab\u00a0Il est vraiment important que nous donnions aux citoyens le sentiment que nous ma\u00eetrisons ce qui se passe\u00a0\u00bb, a martel\u00e9 le commissaire europ\u00e9en Magnus Brunner, architecte de ce tour de vis migratoire.<\/p>\n<p>Ses id\u00e9es font bondir la gauche et les associations de protection des exil\u00e9s, qui d\u00e9noncent des mesures violant les droits humains. \u00ab\u00a0Au lieu d&rsquo;investir dans la s\u00e9curit\u00e9, la protection et l&rsquo;inclusion, l&rsquo;UE choisit des politiques qui plongeront davantage de personnes dans le danger et l&rsquo;ins\u00e9curit\u00e9 juridique\u00a0\u00bb, alerte Silvia Carta de PICUM, une ONG de protection des sans-papiers.<\/p>\n<p>La France et l&rsquo;Espagne sceptiques<\/p>\n<p>Sous l&rsquo;impulsion du Danemark, qui assure la pr\u00e9sidence tournante de l&rsquo;Union europ\u00e9enne et d\u00e9fend de longue date ce durcissement migratoire, les Etats membres ont avanc\u00e9 au pas de charge dans leur examen des mesures.<\/p>\n<p>Il existe de fait une \u00ab\u00a0volont\u00e9 politique largement partag\u00e9e\u00a0\u00bb parmi les Vingt-Sept pour valider ces propositions, affirme un diplomate. Parmi les rares sceptiques: la France, qui s&rsquo;interroge sur la l\u00e9galit\u00e9 et l&rsquo;efficacit\u00e9 de certaines de ces mesures, et l&rsquo;Espagne, pas convaincue par les \u00ab\u00a0hubs de retour\u00a0\u00bb, d\u00e9j\u00e0 exp\u00e9riment\u00e9s par plusieurs pays mais sans r\u00e9el succ\u00e8s.<\/p>\n<p>Cette position est toutefois de plus en plus \u00ab\u00a0difficile \u00e0 tenir\u00a0\u00bb tant la pression exerc\u00e9e par certains pays pour les adopter est forte, assure le ministre espagnol de l&rsquo;Int\u00e9rieur Fernando Grande-Marlaska.<\/p>\n<p>Ces mesures b\u00e9n\u00e9ficient aussi du net soutien de la droite et de l&rsquo;extr\u00eame droite qui se sont alli\u00e9es au Parlement europ\u00e9en la semaine derni\u00e8re pour leur accorder de premiers feux verts. L\u00e0 encore, l&rsquo;id\u00e9e est d&rsquo;avancer vite, de nombreux eurod\u00e9put\u00e9s et dirigeants plaidant pour leur adoption finale en d\u00e9but d&rsquo;ann\u00e9e prochaine.<\/p>\n<p>Contenu externe<\/p>\n<p> Ce contenu externe ne peut pas \u00eatre affich\u00e9 car il est susceptible de collecter des donn\u00e9es personnelles. Pour voir ce contenu vous devez autoriser la cat\u00e9gorie <strong>Services Tiers<\/strong>. <\/p>\n<p> Accepter Plus d&rsquo;info <\/p>\n<p class=\"sources\">eso avec les agences<\/p>\n","protected":false},"excerpt":{"rendered":"Sous pression de la droite et de l&rsquo;extr\u00eame droite, les 27 pays de l&rsquo;Union europ\u00e9enne ont ent\u00e9rin\u00e9 lundi&hellip;\n","protected":false},"author":2,"featured_media":586567,"comment_status":"","ping_status":"","sticky":false,"template":"","format":"standard","meta":{"footnotes":""},"categories":[1586],"tags":[11,65622,69978,1777,674,1779,1076,1011,27,20705,1061,10090,74,12,316,4144,4846,2495,2543,25,104,3067,1778,364],"class_list":{"0":"post-586566","1":"post","2":"type-post","3":"status-publish","4":"format-standard","5":"has-post-thumbnail","7":"category-europe","8":"tag-actualites","9":"tag-demandeur-dasile","10":"tag-etat-membre","11":"tag-eu","12":"tag-europe","13":"tag-european-union","14":"tag-extreme-droite","15":"tag-fr","16":"tag-france","17":"tag-frontiere","18":"tag-immigration","19":"tag-migrations","20":"tag-monde","21":"tag-news","22":"tag-politique","23":"tag-politique-du-gouvernement","24":"tag-protection","25":"tag-refugies","26":"tag-relations-internationales","27":"tag-republique-francaise","28":"tag-societe","29":"tag-suisse","30":"tag-ue","31":"tag-union-europeenne"},"share_on_mastodon":{"url":"https:\/\/pubeurope.com\/@fr\/115684568359769504","error":""},"_links":{"self":[{"href":"https:\/\/www.europesays.com\/fr\/wp-json\/wp\/v2\/posts\/586566","targetHints":{"allow":["GET"]}}],"collection":[{"href":"https:\/\/www.europesays.com\/fr\/wp-json\/wp\/v2\/posts"}],"about":[{"href":"https:\/\/www.europesays.com\/fr\/wp-json\/wp\/v2\/types\/post"}],"author":[{"embeddable":true,"href":"https:\/\/www.europesays.com\/fr\/wp-json\/wp\/v2\/users\/2"}],"replies":[{"embeddable":true,"href":"https:\/\/www.europesays.com\/fr\/wp-json\/wp\/v2\/comments?post=586566"}],"version-history":[{"count":0,"href":"https:\/\/www.europesays.com\/fr\/wp-json\/wp\/v2\/posts\/586566\/revisions"}],"wp:featuredmedia":[{"embeddable":true,"href":"https:\/\/www.europesays.com\/fr\/wp-json\/wp\/v2\/media\/586567"}],"wp:attachment":[{"href":"https:\/\/www.europesays.com\/fr\/wp-json\/wp\/v2\/media?parent=586566"}],"wp:term":[{"taxonomy":"category","embeddable":true,"href":"https:\/\/www.europesays.com\/fr\/wp-json\/wp\/v2\/categories?post=586566"},{"taxonomy":"post_tag","embeddable":true,"href":"https:\/\/www.europesays.com\/fr\/wp-json\/wp\/v2\/tags?post=586566"}],"curies":[{"name":"wp","href":"https:\/\/api.w.org\/{rel}","templated":true}]}}