{"id":586586,"date":"2025-12-08T15:19:14","date_gmt":"2025-12-08T15:19:14","guid":{"rendered":"https:\/\/www.europesays.com\/fr\/586586\/"},"modified":"2025-12-08T15:19:14","modified_gmt":"2025-12-08T15:19:14","slug":"lobsolescence-des-batiments-contemporains-en-question","status":"publish","type":"post","link":"https:\/\/www.europesays.com\/fr\/586586\/","title":{"rendered":"L&rsquo;obsolescence des b\u00e2timents contemporains en question"},"content":{"rendered":"<p class=\"PopSlotParagraph qg-tx2 qg-xtra-lh svelte-1r0pyek\">Le Centre Pompidou a d\u00e9finitivement ferm\u00e9 ses portes au public pour entamer de lourds travaux de r\u00e9novation qui vont durer jusqu&rsquo;en 2030 et qui sont estim\u00e9s \u00e0 plus de 450 millions d&rsquo;euros. D&rsquo;ici quelques ann\u00e9es d&rsquo;autres grands b\u00e2timents modernes vont devoir eux-aussi fermer pour cause de travaux. La Tour Montparnasse doit \u00eatre r\u00e9habilit\u00e9e prochainement pour un co\u00fbt d\u00e9passant les 600 millions d&rsquo;euros, l&rsquo;Op\u00e9ra Bastille pour plus de 200 millions d&rsquo;euros, et la Cit\u00e9 des Sciences et de l&rsquo;industrie pour plus d&rsquo;un milliard d&rsquo;euros. Des chiffres vertigineux pour des b\u00e2timents construits, il y a \u00e0 peine un demi-si\u00e8cle et qui am\u00e8nent n\u00e9cessairement \u00e0 se demander si l&rsquo;architecture contemporaine est plus fragile que l&rsquo;architecture ancienne\u00a0? Pourtant, comme l&rsquo;explique l&rsquo;architecte Matthias Gervais de Lafond, cette impression d&rsquo;obsolescence acc\u00e9l\u00e9r\u00e9e des b\u00e2timents modernes doit \u00eatre nuanc\u00e9e\u00a0:<\/p>\n<p class=\"PopSlotParagraph qg-tx2 qg-xtra-lh svelte-1r0pyek\">\u00ab\u00a0En fait, l&rsquo;obsolescence est plurielle et concerne \u00e0 la fois des facteurs technologiques\u00a0mais aussi culturels. L&rsquo;obsolescence technique et technologique concerne ainsi la nature m\u00eame de ces grands \u00e9quipements, que ce soit la Cit\u00e9 des sciences ou Beaubourg, par exemple car ce sont des b\u00e2timents pour lesquels on a privil\u00e9gi\u00e9 des choix constructifs complexes qui concernent notamment leur enveloppe, c&rsquo;est-\u00e0-dire leurs mat\u00e9riaux de structure, comme le verre, qui sont effectivement moins tol\u00e9rants \u00e0 l&rsquo;usure que la pierre massive, par exemple, et qui rendent leur maintenance intrins\u00e8quement plus complexe. (&#8230;) Mais l&rsquo;obscollence peut-\u00eatre aussi normative ou culturelle\u00a0: le cadre dans lequel on a construit ces b\u00e2timents \u00e9tait beaucoup plus souple que les performances qu&rsquo;ils devaient atteindre. Or aujourd&rsquo;hui, on a consid\u00e9rablement r\u00e9\u00e9valu\u00e9 les objectifs normatifs de ces b\u00e2timents. C&rsquo;est donc une obscollence plus normative et soci\u00e9tale que physique.\u00a0\u00bb<\/p>\n<p> Les br\u00e8ves du jour:<\/p>\n<ul>\n<li><strong>Les probl\u00e8mes s\u2019accumulent pour le Louvre o\u00f9 une fuite d\u2019eau a endommag\u00e9 des centaines d\u2019ouvrages\u00a0:<\/strong> Apr\u00e8s le cambriolage du 19 octobre dernier, apr\u00e8s la\u00a0fermeture\u00a0pr\u00e9ventive de la galerie Campana \u00e0 cause de la\u00a0fragilit\u00e9\u00a0du plancher, le Louvre a subi il y a quelques jours\u00a0une fuite d\u2019eau dans la biblioth\u00e8que des Antiquit\u00e9s \u00e9gyptiennes. Selon les estimations du mus\u00e9e, il y aurait entre 300 et 400 ouvrages endommag\u00e9s et il s\u2019agirait de revues d\u2019\u00e9gyptologie et de documentation scientifique datant de la fin du\u00a019\u1d49 et du d\u00e9but du 20\u1d49 si\u00e8cle. Le Louvre a pr\u00e9cis\u00e9 que les ouvrages allaient \u00eatre\u00a0facilement\u00a0restaur\u00e9s.\u00a0Cette fuite li\u00e9e \u00e0 une erreur humaine concerne le r\u00e9seau hydraulique\u00a0alimentant\u00a0le chauffage de la biblioth\u00e8que. Jug\u00e9 compl\u00e8tement obsol\u00e8te, ce r\u00e9seau doit \u00eatre remplac\u00e9 en septembre 2026. Les syndicats du Louvre ont annonc\u00e9 qu&rsquo;ils allaient d\u00e9poser un pr\u00e9avis de gr\u00e8ve reconductible \u00e0 partir du 15 d\u00e9cembre afin de protester contre le manque d\u2019action de la direction face \u00e0 la d\u00e9gradation du b\u00e2timent.<\/li>\n<\/ul>\n<ul>\n<li><strong>\u00c0 Versailles, un carnet d&rsquo;esquisses du peintre Jacques-Louis David a \u00e9t\u00e9 vol\u00e9 par les\u00a0Allemands\u00a0pendant l\u2019Occupation\u00a0:<\/strong>\u00a0<a href=\"https:\/\/www.radiofrance.fr\/franceinter\/podcasts\/l-info-de-france-inter\/l-info-de-france-inter-7428000\" class=\"\" data-testid=\"link\" target=\"_blank\" rel=\"noopener\">R\u00e9v\u00e9l\u00e9e par la cellule d\u2019investigation de Radio France<\/a>, cette affaire t\u00e9moigne du travail n\u00e9cessaire\u00a0<a href=\"https:\/\/www.radiofrance.fr\/franceculture\/podcasts\/le-point-culture\/chercheur-de-provenances-biographe-des-objets-spolies-2144911\" class=\"\" data-testid=\"link\" target=\"_blank\" rel=\"noopener\">concernant la recherche de provenances<\/a>\u00a0des biens\u00a0spoli\u00e9s\u00a0pendant la Seconde Guerre mondiale. Il s\u2019agit\u00a0ici\u00a0d\u2019un carnet de croquis utilis\u00e9 par le peintre David pour pr\u00e9parer sa toile du \u201cSerment du Jeu de paume\u201d. Dans les collections du ch\u00e2teau de Versailles depuis plusieurs d\u00e9cennies, sa provenance\u00a0n\u2019avait jamais \u00e9t\u00e9 v\u00e9rifi\u00e9e. Apr\u00e8s une alerte d\u2019un des descendants, la cellule d\u2019investigation a retrac\u00e9 l\u2019origine de ce carnet.\u00a0Vol\u00e9\u00a0en 1940, il fut vendu aux ench\u00e8res \u00e0 Munich en 1943, avant d\u2019\u00eatre achet\u00e9 en 1951 par le ch\u00e2teau de Versailles \u00e0 un marchand allemand r\u00e9put\u00e9. L&rsquo;une des filles du propri\u00e9taire avait pourtant pr\u00e9venu d\u00e8s 1945 l&rsquo;organisme charg\u00e9 des restitutions des biens vol\u00e9s de cette disparition. Quatre-vingts ans plus tard, elle obtient enfin r\u00e9paration du pr\u00e9judice subi par sa famille.<\/li>\n<\/ul>\n<ul>\n<li><strong>Le roman d\u2019une Fran\u00e7aise figure dans la liste du New York Times des 100 livres remarquables de 2025 :<\/strong>\u00a0<a href=\"https:\/\/www.gallimard.fr\/catalogue\/le-fruit-le-plus-rare-ou-la-vie-d-edmond-albius\/9782073029898\" target=\"_blank\" rel=\"noopener noreferrer\" class=\"\" data-testid=\"link\">Le Fruit le plus rare ou la Vie d\u2019Edmond Albius<\/a>\u00a0paru\u00a0chez\u00a0Gallimard en 2023 et sorti en Poche cette ann\u00e9e est le deuxi\u00e8me roman de l\u2019\u00e9crivaine\u00a0r\u00e9unionnaise\u00a0Ga\u00eblle B\u00e9lem. L&rsquo;ouvrage narre la vie d\u2019Edmond Albius, un ancien\u00a0esclave\u00a0qui a d\u00e9couvert au XVI\u1d49\u00a0si\u00e8cle comment produire la gousse de vanille. Pass\u00e9 plut\u00f4t\u00a0inaper\u00e7u\u00a0en France, le livre a \u00e9t\u00e9 traduit il y a\u00a0quelques\u00a0mois en anglais.\u00a0Interrog\u00e9e\u00a0par la cha\u00eene Premi\u00e8re,\u00a0Ga\u00eblle\u00a0B\u00e9lem a r\u00e9agi \u00e0 cette\u00a0distinction en\u00a0citant Aim\u00e9 C\u00e9saire: \u00ab\u00a0Ma bouche sera la bouche des malheurs de ceux qui n\u2019ont point de bouche\u00a0\u00bb.<\/li>\n<\/ul>\n","protected":false},"excerpt":{"rendered":"Le Centre Pompidou a d\u00e9finitivement ferm\u00e9 ses portes au public pour entamer de lourds travaux de r\u00e9novation qui&hellip;\n","protected":false},"author":2,"featured_media":586587,"comment_status":"","ping_status":"","sticky":false,"template":"","format":"standard","meta":{"footnotes":""},"categories":[1358],"tags":[1348,1384,1385,1386,58,59,1011,27],"class_list":{"0":"post-586586","1":"post","2":"type-post","3":"status-publish","4":"format-standard","5":"has-post-thumbnail","7":"category-arts-et-design","8":"tag-arts","9":"tag-arts-and-design","10":"tag-arts-et-design","11":"tag-design","12":"tag-divertissement","13":"tag-entertainment","14":"tag-fr","15":"tag-france"},"share_on_mastodon":{"url":"https:\/\/pubeurope.com\/@fr\/115684623216425123","error":""},"_links":{"self":[{"href":"https:\/\/www.europesays.com\/fr\/wp-json\/wp\/v2\/posts\/586586","targetHints":{"allow":["GET"]}}],"collection":[{"href":"https:\/\/www.europesays.com\/fr\/wp-json\/wp\/v2\/posts"}],"about":[{"href":"https:\/\/www.europesays.com\/fr\/wp-json\/wp\/v2\/types\/post"}],"author":[{"embeddable":true,"href":"https:\/\/www.europesays.com\/fr\/wp-json\/wp\/v2\/users\/2"}],"replies":[{"embeddable":true,"href":"https:\/\/www.europesays.com\/fr\/wp-json\/wp\/v2\/comments?post=586586"}],"version-history":[{"count":0,"href":"https:\/\/www.europesays.com\/fr\/wp-json\/wp\/v2\/posts\/586586\/revisions"}],"wp:featuredmedia":[{"embeddable":true,"href":"https:\/\/www.europesays.com\/fr\/wp-json\/wp\/v2\/media\/586587"}],"wp:attachment":[{"href":"https:\/\/www.europesays.com\/fr\/wp-json\/wp\/v2\/media?parent=586586"}],"wp:term":[{"taxonomy":"category","embeddable":true,"href":"https:\/\/www.europesays.com\/fr\/wp-json\/wp\/v2\/categories?post=586586"},{"taxonomy":"post_tag","embeddable":true,"href":"https:\/\/www.europesays.com\/fr\/wp-json\/wp\/v2\/tags?post=586586"}],"curies":[{"name":"wp","href":"https:\/\/api.w.org\/{rel}","templated":true}]}}