{"id":586588,"date":"2025-12-08T15:21:15","date_gmt":"2025-12-08T15:21:15","guid":{"rendered":"https:\/\/www.europesays.com\/fr\/586588\/"},"modified":"2025-12-08T15:21:15","modified_gmt":"2025-12-08T15:21:15","slug":"la-commission-denquete-sur-laudiovisuel-public-interesse-peu-laudiovisuel-public","status":"publish","type":"post","link":"https:\/\/www.europesays.com\/fr\/586588\/","title":{"rendered":"\u00abLa Commission d\u2019enqu\u00eate sur l\u2019audiovisuel public int\u00e9resse peu&#8230; l\u2019audiovisuel public\u00bb"},"content":{"rendered":"<p>\n    <strong>FIGAROVOX\/CHRONIQUE &#8211;<\/strong> Les travaux de la Commission parlementaire sur l\u2019audiovisuel public mettent en lumi\u00e8re d\u00e9rives \u00e9thiques et gabegie financi\u00e8re, mais certains m\u00e9dias du service public rechignent \u00e0 en parler, pointe notre chroniqueur.<\/p>\n<p class=\"fig-paragraph\">Gilles-William Goldnadel est avocat et essayiste. Chaque semaine, il d\u00e9crypte l\u2019actualit\u00e9 pour FigaroVox. Il vient de publier Vol au-dessus d\u2019un nid de cocus (Fayard, 2025). Il est \u00e9galement pr\u00e9sident d\u2019Avocats sans fronti\u00e8res.<\/p>\n<p class=\"fig-paragraph\">Les comptes rendus de\u00a0France Inter\u00a0au sujet des travaux de la\u00a0<a href=\"http:\/\/www.lefigaro.fr\/vox\/societe\/goldnadel-la-commission-d-enquete-sur-l-audiovisuel-public-a-du-pain-sur-la-planche-20251201\" data-fig-type=\"Article\" data-gtm-custom-categorie=\"navigation\" data-gtm-custom-action=\"crossclick\" data-gtm-custom-label=\"Contextuel\" data-gtm-event=\"customEventSPE\" data-fig-domain=\"LEFIGARO\" target=\"_blank\" rel=\"noopener\">commission d\u2019enqu\u00eate\u00a0<\/a>sur la neutralit\u00e9, le fonctionnement et le financement de l\u2019audiovisuel public \u00e9tant inexistants, je vais me charger de les rapporter \u00e0 destination premi\u00e8re de ses auditeurs que comptent mes lecteurs. \u00c9trange d\u2019ailleurs cette discr\u00e9tion de la part d\u2019une radio ordinairement friande de telles informations. Serait-ce parce que ceux-ci ont \u00e9t\u00e9 accablants pour l\u2019objet de son attention\u00a0? L\u2019auteur de cette chronique n\u2019a pas l\u2019esprit suffisamment suspicieux pour le soup\u00e7onner.<\/p>\n<p>                                            <a class=\"fig-a11y-skip\" href=\"#fig-a11y-skip-main-inarticle\" data-module=\"a11y-skip\" data-context=\"was @visible\"><br \/>\n    Passer la publicit\u00e9<br \/>\n<\/a>            <\/p>\n<p class=\"fig-paragraph\">Il faut dire que le rapporteur de cette commission, le d\u00e9put\u00e9 UDR de l\u2019H\u00e9rault\u00a0<a href=\"http:\/\/www.lefigaro.fr\/politique\/charles-alloncle-le-depute-ciottiste-qui-se-frotte-a-l-audiovisuel-public-20251125\" data-fig-type=\"Article\" data-gtm-custom-categorie=\"navigation\" data-gtm-custom-action=\"crossclick\" data-gtm-custom-label=\"Contextuel\" data-gtm-event=\"customEventSPE\" data-fig-domain=\"LEFIGARO\" target=\"_blank\" rel=\"noopener\">Charles Alloncle<\/a>, a su allier s\u00e9rieux sur le fond de ses questions et une urbanit\u00e9 rigoureuse dans la forme du questionnement qui le rendent redoutable. Depuis l\u2019ouverture des d\u00e9bats le 26 novembre, voici ci-apr\u00e8s ce que les auditeurs de France Inter auraient pu avec profit apprendre et qui n\u2019est gu\u00e8re contestable.<\/p>\n<p class=\"fig-paragraph\">Tout d\u2019abord, quant \u00e0 l\u2019Arcom\u00a0: en 12 ans, l\u2019organisme de contr\u00f4le de l\u2019audiovisuel n\u2019aura, tr\u00e8s paradoxalement, condamn\u00e9 les cha\u00eenes publiques \u00e0 aucune amende p\u00e9cuniaire malgr\u00e9 leur obligation particuli\u00e8re de neutralit\u00e9 objective tandis que les cha\u00eenes priv\u00e9es C8 et CNews se voyaient infliger des sanctions pour plus de 8 millions d\u2019euros en quelques ann\u00e9es. L\u2019auteur de l\u2019article n\u2019est pas le plus mal plac\u00e9 pour l\u2019avoir \u00e9prouv\u00e9\u00a0: les diverses d\u00e9cisions obtenues par lui pour le compte d\u2019Avocats Sans Fronti\u00e8res contre l\u2019audiovisuel public concernant les manquements \u00e0 la pr\u00e9somption d\u2019innocence des gendarmes dans l\u2019affaire Adama Traor\u00e9, ou encore la diffusion de bilans du Hamas non sourc\u00e9s (d\u00e9nonc\u00e9e par le d\u00e9put\u00e9-rapporteur), ou encore des informations erron\u00e9es sur le\u00a0<a href=\"http:\/\/www.lefigaro.fr\/actualite-france\/le-college-de-france-annule-un-colloque-sur-la-palestine-co-organise-avec-un-institut-finance-par-le-qatar-20251109\" target=\"_blank\" data-fig-type=\"NewsFlash\" rel=\"noopener\" data-gtm-custom-categorie=\"navigation\" data-gtm-custom-action=\"crossclick\" data-gtm-custom-label=\"Contextuel\" data-gtm-event=\"customEventSPE\" data-fig-domain=\"LEFIGARO\">conflit palestinien<\/a>, n\u2019ayant donn\u00e9 lieu qu\u2019\u00e0 des mises en garde sans frais et par cons\u00e9quent sans cons\u00e9quence dissuasive aucune.<\/p>\n<p class=\"fig-paragraph\">S\u2019agissant du pr\u00e9sident de l\u2019Arcom, il aura \u00e9t\u00e9 relev\u00e9 que celui-ci aura omis de signaler \u00e0 la Commission son passage dans quatre cabinets minist\u00e9riels, tous socialistes. Interrog\u00e9 par le rapporteur, l\u2019int\u00e9ress\u00e9 a affirm\u00e9 ignorer les prises de position pourtant publiques de M. Foued Barahou, nomm\u00e9 \u00e0 l\u2019Arcom le 25 juillet dernier, alors m\u00eame que celui-ci avait quelques mois plus t\u00f4t appel\u00e9 \u00e0 une mobilisation \u00ab antifasciste et indig\u00e9niste contre l\u2019empire Bollor\u00e9\u00a0\u00bb. Un avocat \u00e0 l\u2019esprit chagrin de l\u2019institution imp\u00e9riale mise en cause pourrait ressentir l\u2019obligation imp\u00e9rieuse de soulever la question de l\u2019impartialit\u00e9 d\u2019un organisme de contr\u00f4le ainsi compos\u00e9.<\/p>\n<p class=\"fig-paragraph\">A ensuite \u00e9t\u00e9 interrog\u00e9e Madame Christine Albanel \u00e8s qualit\u00e9s de pr\u00e9sidente du comit\u00e9 d\u2019\u00e9thique de France T\u00e9l\u00e9visions. Questionn\u00e9e sur un bandeau de la cha\u00eene France Info qualifiant des terroristes palestiniens d\u2019 \u00ab otages\u00a0\u00bb, Madame Albanel a reconnu que cette faute aurait d\u00fb \u00eatre sanctionn\u00e9e mais ne l\u2019a pas \u00e9t\u00e9. La responsable de l\u2019\u00e9thique de l\u2019organisme m\u00e9diatique public a \u00e9galement reconnu avoir rendu son avis (indulgent) sur l\u2019affaire\u00a0<a href=\"http:\/\/www.lefigaro.fr\/medias\/affaire-patrick-cohen-thomas-legrand-les-dirigeantes-de-radio-france-et-france-televisions-seront-auditionnes-par-l-arcom-20250911\" data-fig-type=\"NewsFlash\" data-gtm-custom-categorie=\"navigation\" data-gtm-custom-action=\"crossclick\" data-gtm-custom-label=\"Contextuel\" data-gtm-event=\"customEventSPE\" data-fig-domain=\"LEFIGARO\" target=\"_blank\" rel=\"noopener\">Patrick Cohen &#8211; Thomas Legrand<\/a>\u00a0dans l\u2019urgence pr\u00e9cipit\u00e9e du moment, sans acc\u00e8s \u00e0 l\u2019int\u00e9gralit\u00e9 de la s\u00e9quence, sans l\u2019avoir demand\u00e9e et avant m\u00eame l\u2019expertise de l\u2019huissier qui a confirm\u00e9 que les vid\u00e9os n\u2019avaient pas \u00e9t\u00e9 tronqu\u00e9es au rebours des accusations des mis en cause.<\/p>\n<p class=\"fig-paragraph\">De mani\u00e8re g\u00e9n\u00e9rale, Christine Albanel a reconnu l\u2019existence d\u2019entorses r\u00e9p\u00e9t\u00e9es commises sur les antennes publiques mais, faute d\u2019effectifs et de moyens, le comit\u00e9 d\u2019\u00e9thique serait incapable de pouvoir les traiter. C\u2019est l\u00e0 o\u00f9 l\u2019observateur attentif des travaux de cette commission parlementaire ne peut que s\u2019\u00e9tonner au regard des constatations d\u2019une invraisemblable gabegie des deniers publics et de l\u2019\u00e9tat de faillite virtuelle qui en est la cons\u00e9quence. Commen\u00e7ons par la gabegie. L\u2019audition du pr\u00e9sident de la 3e chambre de la Cour des comptes aura \u00e9t\u00e9 pleine d\u2019enseignements \u00e0 beaucoup d\u2019\u00e9gards, jusqu\u2019\u00e0 rendre hagard.<\/p>\n<p>                                            La moyenne des salaires chez France T\u00e9l\u00e9visions atteint 71 490 euros par an, pla\u00e7ant ainsi ses heureux pr\u00e9pos\u00e9s parmi les 9 % des Fran\u00e7ais les plus riches.<br \/>\n                                            <a class=\"fig-a11y-skip\" href=\"#fig-a11y-skip-main-inarticle_mtf\" data-module=\"a11y-skip\" data-context=\"was @visible\"><br \/>\n    Passer la publicit\u00e9<br \/>\n<\/a>            <\/p>\n<p class=\"fig-paragraph\">En 2020, en pleine crise du\u00a0<a href=\"http:\/\/sante.lefigaro.fr\/social\/sante-publique\/vaccins-covid-pres-de-28-millions-de-francais-suivis-et-aucune-hausse-de-mortalite-detectee-20251204\" target=\"_blank\" data-fig-type=\"Article\" rel=\"noopener\" data-gtm-custom-categorie=\"navigation\" data-gtm-custom-action=\"crossclick\" data-gtm-custom-label=\"Contextuel\" data-gtm-event=\"customEventSPE\" data-fig-domain=\"SANTE\">Covid<\/a>\u00a0peu propice aux contacts festifs, France T\u00e9l\u00e9visions aura d\u00e9pens\u00e9 un million et demi d\u2019euros en frais de r\u00e9ceptions et cocktails. En 2023, la pr\u00e9sidente de la t\u00e9l\u00e9vision publique et plusieurs membres de sa suite auraient profit\u00e9 pendant une dizaine de jours de chambres d\u2019h\u00f4tel \u00e0 1700 \u20ac la nuit lors du Festival de Cannes. Elle devrait pouvoir s\u2019en expliquer le 10 d\u00e9cembre prochain. Le pr\u00e9sident de la Cour des comptes a expliqu\u00e9 lors de son audition que ces suites auraient \u00e9t\u00e9 r\u00e9gl\u00e9es par des soci\u00e9t\u00e9s de production priv\u00e9es.<\/p>\n<p class=\"fig-paragraph\">Le rapporteur a cru devoir faire observer que le fait qu\u2019une dirigeante d\u2019un groupe audiovisuel s\u2019autorise des s\u00e9jours valant plusieurs dizaines de milliers d\u2019euros, offerts par des entreprises priv\u00e9es d\u00e9pendantes de ses d\u00e9cisions, interroge gravement l\u2019\u00e9thique et l\u2019ind\u00e9pendance de celui-ci. Sans rapport \u00e9videmment avec ce qui pr\u00e9c\u00e8de, il a \u00e9t\u00e9 not\u00e9 que la production des programmes de t\u00e9l\u00e9vision co\u00fbtait \u00e0 la cha\u00eene un milliard d\u2019euros par an. Mediawan, le groupe d\u00e9tenu notamment par Mathieu Pigasse, est le premier \u00e0 en profiter. Ce dernier revendique ouvertement un agenda politique dans le cadre d\u2019un combat \u00e0 mener contre \u00ab l\u2019extr\u00eame-droite\u00a0\u00bb. Y compris donc sur l\u2019antenne publique. L\u2019influence id\u00e9ologique pouvant encore plus ais\u00e9ment passer par la fiction.<\/p>\n<p class=\"fig-paragraph\">Sur la 5 de service public, au micro de Caroline Roux, M. Pigasse a d\u2019ailleurs expliqu\u00e9 dans le cadre d\u2019un entretien non contradictoire de vingt minutes que le Rassemblement national \u00e9tait un parti qui \u00ab pourchasse les homosexuels\u00a0\u00bb&#8230; Au regard du nombre de d\u00e9put\u00e9s de ce parti qui assument publiquement cette orientation sexuelle, il n\u2019est pas interdit de questionner fortement cette assertion. Il a \u00e9t\u00e9 d\u2019autre part observ\u00e9 que la moyenne des salaires chez\u00a0<a href=\"http:\/\/www.lefigaro.fr\/medias\/a-france-televisions-des-economies-possibles-il-y-en-a-par-centaines-de-millions-d-euros-20250923\" target=\"_blank\" data-fig-type=\"Article\" rel=\"noopener\" data-gtm-custom-categorie=\"navigation\" data-gtm-custom-action=\"crossclick\" data-gtm-custom-label=\"Contextuel\" data-gtm-event=\"customEventSPE\" data-fig-domain=\"LEFIGARO\">France T\u00e9l\u00e9visions<\/a>\u00a0atteignait 71 490 euros par an, pla\u00e7ant ainsi ses heureux pr\u00e9pos\u00e9s parmi les 9 % des Fran\u00e7ais les plus riches. \u00c0 cela s\u2019ajoutent 12 semaines de cong\u00e9s pay\u00e9s et jusqu\u2019\u00e0 14 semaines pour les journalistes de Radio France.<\/p>\n<p class=\"fig-body-link\">\n            \u00c0 lire aussi<br \/>\n        <a class=\"fig-body-link__link\" href=\"http:\/\/www.lefigaro.fr\/vox\/politique\/goldnadel-les-medias-de-gauche-preferent-soutenir-harvard-contre-trump-que-balanche-contre-l-islamisme-20250422\" target=\"_blank\" data-fig-type=\"Article\" rel=\"noopener\" data-gtm-custom-categorie=\"navigation\" data-gtm-custom-action=\"crossclick\" data-gtm-custom-label=\"Contextuel\" data-gtm-event=\"customEventSPE\" data-fig-domain=\"LEFIGARO\"><\/p>\n<p>        Goldnadel\u00a0: \u00abLes m\u00e9dias de gauche pr\u00e9f\u00e8rent soutenir Harvard contre Trump que Balanche contre l\u2019islamisme\u00bb<br \/>\n    <\/a>\n<\/p>\n<p class=\"fig-paragraph\">Toujours \u00e0 propos du pr\u00e9sident de la 3e chambre de la Cour des comptes pr\u00e9cit\u00e9 (issu du Parti Socialiste), celui-ci n\u2019a pu nier qu\u2019un courriel avait \u00e9t\u00e9 adress\u00e9 par la direction de France T\u00e9l\u00e9visions aux membres de cette Cour aux fins de demander de retarder un rapport accablant sur le groupe. Ce rapport ne serait sorti, selon les observations du rapporteur, qu\u2019apr\u00e8s la reconduction de\u00a0<a href=\"http:\/\/www.lefigaro.fr\/medias\/delphine-ernotte-devant-le-senat-cnews-est-une-chaine-d-opinion-nous-ne-faisons-pas-le-meme-metier-20251007\" target=\"_blank\" data-fig-type=\"NewsFlash\" rel=\"noopener\" data-gtm-custom-categorie=\"navigation\" data-gtm-custom-action=\"crossclick\" data-gtm-custom-label=\"Contextuel\" data-gtm-event=\"customEventSPE\" data-fig-domain=\"LEFIGARO\">Delphine Ernotte<\/a>. Voil\u00e0 qui pose question sur les conditions de sa r\u00e9\u00e9lection. C\u2019est dans ce qui ressemble bien \u00e0 une tourmente que viennent d\u2019\u00eatre connus les r\u00e9sultats des \u00e9lections syndicales au sein de France T\u00e9l\u00e9visions. La CGT a perdu sa majorit\u00e9 historique face \u00e0 Force Ouvri\u00e8re qui s\u2019est toujours montr\u00e9e fort critique envers la direction et ce qu\u2019elle consid\u00e8re \u00eatre sa cogestion de fait avec les c\u00e9g\u00e9tistes, allant m\u00eame jusqu\u2019\u00e0 r\u00e9clamer son d\u00e9part.<\/p>\n<p class=\"fig-paragraph\">Force Ouvri\u00e8re France TV a \u00e9galement r\u00e9clam\u00e9 des solutions sur le pluralisme et la repr\u00e9sentativit\u00e9 de tous les courants au sein du service public audiovisuel. Jusqu\u2019\u00e0 pr\u00e9sent la pr\u00e9sidente Ernotte n\u2019aurait pas souhait\u00e9 rencontrer les repr\u00e9sentants du nouveau syndicat majoritaire au si\u00e8ge de France T\u00e9l\u00e9visions. Il nous tarde d\u2019entendre son audition.<\/p>\n","protected":false},"excerpt":{"rendered":"FIGAROVOX\/CHRONIQUE &#8211; Les travaux de la Commission parlementaire sur l\u2019audiovisuel public mettent en lumi\u00e8re d\u00e9rives \u00e9thiques et gabegie&hellip;\n","protected":false},"author":2,"featured_media":586589,"comment_status":"","ping_status":"","sticky":false,"template":"","format":"standard","meta":{"footnotes":""},"categories":[1356],"tags":[6586,9722,58,59,1011,27,9102,252,1364],"class_list":{"0":"post-586588","1":"post","2":"type-post","3":"status-publish","4":"format-standard","5":"has-post-thumbnail","7":"category-television","8":"tag-audiovisuel-public","9":"tag-cnews","10":"tag-divertissement","11":"tag-entertainment","12":"tag-fr","13":"tag-france","14":"tag-france-inter","15":"tag-television","16":"tag-tv"},"share_on_mastodon":{"url":"https:\/\/pubeurope.com\/@fr\/115684631192546249","error":""},"_links":{"self":[{"href":"https:\/\/www.europesays.com\/fr\/wp-json\/wp\/v2\/posts\/586588","targetHints":{"allow":["GET"]}}],"collection":[{"href":"https:\/\/www.europesays.com\/fr\/wp-json\/wp\/v2\/posts"}],"about":[{"href":"https:\/\/www.europesays.com\/fr\/wp-json\/wp\/v2\/types\/post"}],"author":[{"embeddable":true,"href":"https:\/\/www.europesays.com\/fr\/wp-json\/wp\/v2\/users\/2"}],"replies":[{"embeddable":true,"href":"https:\/\/www.europesays.com\/fr\/wp-json\/wp\/v2\/comments?post=586588"}],"version-history":[{"count":0,"href":"https:\/\/www.europesays.com\/fr\/wp-json\/wp\/v2\/posts\/586588\/revisions"}],"wp:featuredmedia":[{"embeddable":true,"href":"https:\/\/www.europesays.com\/fr\/wp-json\/wp\/v2\/media\/586589"}],"wp:attachment":[{"href":"https:\/\/www.europesays.com\/fr\/wp-json\/wp\/v2\/media?parent=586588"}],"wp:term":[{"taxonomy":"category","embeddable":true,"href":"https:\/\/www.europesays.com\/fr\/wp-json\/wp\/v2\/categories?post=586588"},{"taxonomy":"post_tag","embeddable":true,"href":"https:\/\/www.europesays.com\/fr\/wp-json\/wp\/v2\/tags?post=586588"}],"curies":[{"name":"wp","href":"https:\/\/api.w.org\/{rel}","templated":true}]}}