{"id":586608,"date":"2025-12-08T15:33:14","date_gmt":"2025-12-08T15:33:14","guid":{"rendered":"https:\/\/www.europesays.com\/fr\/586608\/"},"modified":"2025-12-08T15:33:14","modified_gmt":"2025-12-08T15:33:14","slug":"saint-etienne-sous-lempire-de-lalcool-il-circule-a-vive-allure-dans-lhypercentre","status":"publish","type":"post","link":"https:\/\/www.europesays.com\/fr\/586608\/","title":{"rendered":"Saint-\u00c9tienne. Sous l\u2019empire de l\u2019alcool, il circule \u00e0 vive allure dans l\u2019hypercentre"},"content":{"rendered":"<p>Dimanche 7\u00a0d\u00e9cembre, il \u00e9tait environ 1\u00a0h\u00a030 quand les forces de police ont constat\u00e9 le passage \u00e0 vive allure d\u2019un v\u00e9hicule de type Mercedes dans les rues du centre-ville st\u00e9phanois. Gr\u00e2ce \u00e0 l\u2019intervention rapide d\u2019un \u00e9quipage de police secours le conducteur a pu \u00eatre stopp\u00e9 au niveau de la place Jean-Jaur\u00e8s.<\/p>\n<p>Selon une source polici\u00e8re, ce dernier, \u00e2g\u00e9 de 31 ans et originaire de Saint-\u00c9tienne, pr\u00e9sentait tous les signes de l\u2019ivresse.<\/p>\n<p>  En r\u00e9cidive aussi pour le refus de se soumettre au d\u00e9pistage d\u2019alcool\u00e9mie<\/p>\n<p>Apr\u00e8s avoir \u00e9t\u00e9 interpell\u00e9 et plac\u00e9 en cellule de d\u00e9grisement, il a finalement pu \u00eatre auditionn\u00e9 dans le cadre d\u2019une garde \u00e0 vue. Cependant, il a refus\u00e9 de se soumettre au d\u00e9pistage d\u2019alcool\u00e9mie.<\/p>\n<p>\u00c0 l\u2019issue de son audition par les enqu\u00eateurs, il a \u00e9t\u00e9 remis en libert\u00e9, mais s\u2019est vu signifier une convocation devant les services de la justice. Il devra notamment r\u00e9pondre de la conduite sous l\u2019empire d\u2019un \u00e9tat alcoolique en r\u00e9cidive et refus de se soumettre \u00e0 un contr\u00f4le d\u2019alcool\u00e9mie, en r\u00e9cidive \u00e9galement.<\/p>\n","protected":false},"excerpt":{"rendered":"Dimanche 7\u00a0d\u00e9cembre, il \u00e9tait environ 1\u00a0h\u00a030 quand les forces de police ont constat\u00e9 le passage \u00e0 vive allure&hellip;\n","protected":false},"author":2,"featured_media":586609,"comment_status":"","ping_status":"","sticky":false,"template":"","format":"standard","meta":{"footnotes":""},"categories":[9653],"tags":[1111,11,2430,271,272,7539,1777,674,274,1011,27,3367,12,25,4001,7538,104],"class_list":{"0":"post-586608","1":"post","2":"type-post","3":"status-publish","4":"format-standard","5":"has-post-thumbnail","7":"category-saint-etienne","8":"tag-actu","9":"tag-actualites","10":"tag-auvergne-rhone-alpes","11":"tag-crime","12":"tag-delit-et-contravention","13":"tag-edition-loire-sud","14":"tag-eu","15":"tag-europe","16":"tag-faits-divers-justice","17":"tag-fr","18":"tag-france","19":"tag-loire","20":"tag-news","21":"tag-republique-francaise","22":"tag-saint-etienne","23":"tag-saint-etienne-ville","24":"tag-societe"},"share_on_mastodon":{"url":"https:\/\/pubeurope.com\/@fr\/115684678398775082","error":""},"_links":{"self":[{"href":"https:\/\/www.europesays.com\/fr\/wp-json\/wp\/v2\/posts\/586608","targetHints":{"allow":["GET"]}}],"collection":[{"href":"https:\/\/www.europesays.com\/fr\/wp-json\/wp\/v2\/posts"}],"about":[{"href":"https:\/\/www.europesays.com\/fr\/wp-json\/wp\/v2\/types\/post"}],"author":[{"embeddable":true,"href":"https:\/\/www.europesays.com\/fr\/wp-json\/wp\/v2\/users\/2"}],"replies":[{"embeddable":true,"href":"https:\/\/www.europesays.com\/fr\/wp-json\/wp\/v2\/comments?post=586608"}],"version-history":[{"count":0,"href":"https:\/\/www.europesays.com\/fr\/wp-json\/wp\/v2\/posts\/586608\/revisions"}],"wp:featuredmedia":[{"embeddable":true,"href":"https:\/\/www.europesays.com\/fr\/wp-json\/wp\/v2\/media\/586609"}],"wp:attachment":[{"href":"https:\/\/www.europesays.com\/fr\/wp-json\/wp\/v2\/media?parent=586608"}],"wp:term":[{"taxonomy":"category","embeddable":true,"href":"https:\/\/www.europesays.com\/fr\/wp-json\/wp\/v2\/categories?post=586608"},{"taxonomy":"post_tag","embeddable":true,"href":"https:\/\/www.europesays.com\/fr\/wp-json\/wp\/v2\/tags?post=586608"}],"curies":[{"name":"wp","href":"https:\/\/api.w.org\/{rel}","templated":true}]}}