{"id":586610,"date":"2025-12-08T15:34:19","date_gmt":"2025-12-08T15:34:19","guid":{"rendered":"https:\/\/www.europesays.com\/fr\/586610\/"},"modified":"2025-12-08T15:34:19","modified_gmt":"2025-12-08T15:34:19","slug":"saint-etienne-face-aux-fermetures-de-commerces-ils-proposent-des-actions-concretes","status":"publish","type":"post","link":"https:\/\/www.europesays.com\/fr\/586610\/","title":{"rendered":"Saint-\u00c9tienne. Face aux fermetures de commerces, ils proposent des actions \u00ab\u00a0concr\u00e8tes\u00a0\u00bb"},"content":{"rendered":"<p>                    Par<br \/>\n        <strong><br \/>\n            <a href=\"https:\/\/actu.fr\/auteur\/julien-sournies\" title=\"Consulter tous les articles de Julien Sournies\" target=\"_blank\" rel=\"noopener\">Julien Sournies<\/a><br \/>\n                    <\/strong><\/p>\n<p>        Publi\u00e9 le<\/p>\n<p>            8 d\u00e9c. 2025 \u00e0 15h25        <\/p>\n<p>C\u2019est une probl\u00e9matique qui touche globalement tous les centres-villes en France et celui de <a href=\"https:\/\/actu.fr\/saint-etienne\/\" target=\"_blank\" rel=\"noopener\">Saint-\u00c9tienne<\/a> n\u2019y \u00e9chappe pas : depuis plusieurs ann\u00e9es, les cellules commerciales vides ne cessent de s\u2019additionner en plein c\u0153ur de la capitale de la <a href=\"https:\/\/actu.fr\/auvergne-rhone-alpes\/loire_42\" target=\"_blank\" rel=\"noopener\">Loire<\/a>. Pour preuve : selon les derniers chiffres de Codata, soci\u00e9t\u00e9 sp\u00e9cialis\u00e9e dans la collecte de donn\u00e9es, <a href=\"https:\/\/actu.fr\/auvergne-rhone-alpes\/saint-etienne_42218\/saint-etienne-les-commerces-du-centre-ville-disparaissent-a-tour-de-bras-c-est-mort_63283771.html\" target=\"_blank\" rel=\"noopener\">le taux de vacance commerciale dans le centre-ville st\u00e9phanois est pass\u00e9 de 14 \u00e0 17,2\u2009%<\/a> entre 2016 et 2024. <br \/>En ce sens, un collectif vient r\u00e9cemment de voir le jour pour tenter d\u2019endiguer ce ph\u00e9nom\u00e8ne. Baptis\u00e9 Acapse (Association des commer\u00e7ants, artisans et prestataires de service de Saint-\u00c9tienne), il a pour vocation d\u2019offrir un <strong>second souffle aux commerces du centre-ville<\/strong>.<\/p>\n<p>Redynamiser le tissu \u00e9conomique local<\/p>\n<p class=\" wall-content\">\u00ab\u00a0L\u2019id\u00e9e est simple : ensemble, on est plus forts. L\u2019Acapse sera un outil pragmatique pour nous entraider, mutualiser nos moyens et mieux nous faire entendre\u00a0\u00bb, pr\u00e9sente Tristan Thomas, pr\u00e9sident du collectif, dans un communiqu\u00e9.<\/p>\n<p class=\" wall-content\">Dans le d\u00e9tail, le collectif se donne pour mission de \u00ab\u00a0f\u00e9d\u00e9rer les acteurs \u00e9conomiques pour cr\u00e9er une force collective\u00a0\u00bb, de \u00ab\u00a0dynamiser le tissu \u00e9conomique local par des actions concr\u00e8tes\u00a0\u00bb ou encore de \u00ab\u00a0soutenir les membres au quotidien pour am\u00e9liorer leur performance\u00a0\u00bb.<\/p>\n<p class=\" wall-content\">Le collectif ambitionne par ailleurs de repr\u00e9senter les int\u00e9r\u00eats des commer\u00e7ants, artisans et prestataires aupr\u00e8s des institutions, car \u00ab\u00a0ensemble, on est plus forts pour porter nos projets aupr\u00e8s des politiques ou de tous les acteurs du territoire et m\u00eame au-del\u00e0\u00a0\u00bb.<\/p>\n<p>Des projets \u00ab\u00a0concrets\u00a0\u00bb<\/p>\n<p class=\" wall-content\">Pour faire face \u00e0 ces fermetures massives, l\u2019Acapse a ainsi d\u00e9velopp\u00e9 <strong>un plan d\u2019action<\/strong>, lequel s\u2019articule autour de projets \u00ab\u00a0concrets\u00a0\u00bb. Alors que la fr\u00e9quentation des centres commerciaux en p\u00e9riph\u00e9rie augmente ann\u00e9e apr\u00e8s ann\u00e9e et les achats sur internet explosent, le collectif de commer\u00e7ants souhaite cr\u00e9er une<strong> carte-cadeau locale<\/strong> \u00ab\u00a0pour encourager l\u2019achat de proximit\u00e9\u00a0\u00bb.<\/p>\n<p class=\" wall-content\">Dans sa liste de projets, l\u2019Acapse veut \u00e9galement mettre en place une <strong>centrale d\u2019achat<\/strong> \u00ab\u00a0pour r\u00e9duire les co\u00fbts de fonctionnement\u00a0\u00bb, notamment lorsqu\u2019il s\u2019agit d\u2019acheter des produits m\u00e9nagers ou des extincteurs.<\/p>\n<p class=\" wall-content\">\u00c0 cela, le collectif pr\u00e9voit aussi l\u2019organisation d\u2019animations commerciales coordonn\u00e9es, ainsi que la mise en \u0153uvre d\u2019un dialogue constructif avec les partenaires publics, pour favoriser une \u00ab\u00a0dynamique collective\u00a0\u00bb.<\/p>\n<p>Votre r\u00e9gion, votre actu !<\/p>\n<p>Recevez chaque jour les infos qui comptent pour vous.<\/p>\n<p>\t<a href=\"https:\/\/actu.fr\/newsletter\" class=\"ac-btn ac-btn--corner ac-btn--medium ac-btn--blue800\" target=\"_blank\" rel=\"noopener\">S&rsquo;incrire<\/a><\/p>\n<p class=\" wall-content\">Pour l\u2019heure, l\u2019association n\u2019en est qu\u2019\u00e0 ses pr\u00e9mices, mais ne manque donc pas d\u2019ambition. En attendant l\u2019\u00e9lection de son conseil d\u2019administration, qui aura lieu d\u00e9but 2026, l\u2019Acapse appelle \u00ab\u00a0tous les commer\u00e7ants, artisans et prestataires de services int\u00e9ress\u00e9s \u00e0 se faire conna\u00eetre pour prendre part \u00e0 cette dynamique\u00a0\u00bb.<\/p>\n<p class=\" wall-content\">Personnalisez votre actualit\u00e9 en ajoutant vos villes et m\u00e9dias en favori avec <a href=\"https:\/\/moncompte.actu.fr\" title=\"D\u00e9couvez Mon Actu\" rel=\"nofollow noopener\" data-trk=\"{&quot;cta&quot;:{&quot;action&quot;:&quot;https:\\\/\\\/moncompte.actu.fr&quot;,&quot;category&quot;:&quot;mon compte&quot;,&quot;from&quot;:&quot;article footer&quot;,&quot;name&quot;:&quot;Mon actu&quot;,&quot;type&quot;:&quot;cta&quot;}}\" target=\"_blank\">Mon Actu<\/a>.<\/p>\n","protected":false},"excerpt":{"rendered":"Par Julien Sournies Publi\u00e9 le 8 d\u00e9c. 2025 \u00e0 15h25 C\u2019est une probl\u00e9matique qui touche globalement tous les&hellip;\n","protected":false},"author":2,"featured_media":586611,"comment_status":"","ping_status":"","sticky":false,"template":"","format":"standard","meta":{"footnotes":""},"categories":[9653],"tags":[1111,11,2430,215,33,1777,674,1011,27,12,25,4001],"class_list":{"0":"post-586610","1":"post","2":"type-post","3":"status-publish","4":"format-standard","5":"has-post-thumbnail","7":"category-saint-etienne","8":"tag-actu","9":"tag-actualites","10":"tag-auvergne-rhone-alpes","11":"tag-commerce","12":"tag-economie","13":"tag-eu","14":"tag-europe","15":"tag-fr","16":"tag-france","17":"tag-news","18":"tag-republique-francaise","19":"tag-saint-etienne"},"share_on_mastodon":{"url":"https:\/\/pubeurope.com\/@fr\/115684682297896645","error":""},"_links":{"self":[{"href":"https:\/\/www.europesays.com\/fr\/wp-json\/wp\/v2\/posts\/586610","targetHints":{"allow":["GET"]}}],"collection":[{"href":"https:\/\/www.europesays.com\/fr\/wp-json\/wp\/v2\/posts"}],"about":[{"href":"https:\/\/www.europesays.com\/fr\/wp-json\/wp\/v2\/types\/post"}],"author":[{"embeddable":true,"href":"https:\/\/www.europesays.com\/fr\/wp-json\/wp\/v2\/users\/2"}],"replies":[{"embeddable":true,"href":"https:\/\/www.europesays.com\/fr\/wp-json\/wp\/v2\/comments?post=586610"}],"version-history":[{"count":0,"href":"https:\/\/www.europesays.com\/fr\/wp-json\/wp\/v2\/posts\/586610\/revisions"}],"wp:featuredmedia":[{"embeddable":true,"href":"https:\/\/www.europesays.com\/fr\/wp-json\/wp\/v2\/media\/586611"}],"wp:attachment":[{"href":"https:\/\/www.europesays.com\/fr\/wp-json\/wp\/v2\/media?parent=586610"}],"wp:term":[{"taxonomy":"category","embeddable":true,"href":"https:\/\/www.europesays.com\/fr\/wp-json\/wp\/v2\/categories?post=586610"},{"taxonomy":"post_tag","embeddable":true,"href":"https:\/\/www.europesays.com\/fr\/wp-json\/wp\/v2\/tags?post=586610"}],"curies":[{"name":"wp","href":"https:\/\/api.w.org\/{rel}","templated":true}]}}