{"id":586617,"date":"2025-12-08T15:39:17","date_gmt":"2025-12-08T15:39:17","guid":{"rendered":"https:\/\/www.europesays.com\/fr\/586617\/"},"modified":"2025-12-08T15:39:17","modified_gmt":"2025-12-08T15:39:17","slug":"quelle-est-cette-serie-de-tf1-qui-vient-de-boucler-son-tournage-a-montpellier-avec-tomer-sisley-et-fauve-hautot-au-casting","status":"publish","type":"post","link":"https:\/\/www.europesays.com\/fr\/586617\/","title":{"rendered":"Quelle est cette s\u00e9rie de TF1 qui vient de boucler son tournage \u00e0 Montpellier, avec Tomer Sisley et Fauve Hautot au casting\u00a0?"},"content":{"rendered":"<p>\n                                                                TF1 ach\u00e8ve en Occitanie le tournage de \u201cLa Cible\u201d, mini-s\u00e9rie en six \u00e9pisodes port\u00e9e par Tomer Sisley, Fauve Hautot et J\u00e9r\u00e9my Banster, dont plusieurs sc\u00e8nes ont \u00e9t\u00e9 film\u00e9es \u00e0 Montpellier. Pr\u00e9vue pour 2026, la fiction suit un garde du corps traqu\u00e9 apr\u00e8s l\u2019enl\u00e8vement de sa famille, entre enqu\u00eate polici\u00e8re, disparition et secrets familiaux.\n                            <\/p>\n<p>La prochaine fiction de TF1 aura, en partie, Montpellier pour cadre. Le r\u00e9alisateur\u00a0Ivan Fegyveres a pos\u00e9 ses cam\u00e9ras dans la ville dans le cadre du tournage de La Cible, une mini-s\u00e9rie de six \u00e9pisodes que la cha\u00eene, qui se refuse \u00e0 toute pr\u00e9cision sur la date exacte, pourrait diffuser en 2026. Plus habitu\u00e9s \u00e0 croiser en ville les acteurs de la s\u00e9rie de France T\u00e9l\u00e9vision\u00a0<a href=\"https:\/\/www.midilibre.fr\/divertissement\/tele-medias\/un-si-grand-soleil\/\" target=\"_blank\" rel=\"noopener\">Un Si Grand Soleil<\/a>, les riverains du square\u00a0Lemasson ont ainsi appris la semaine derni\u00e8re que leur quartier ferait partie du d\u00e9cor.<\/p>\n<p>Plusieurs mois de tournage en Occitanie<\/p>\n<p>On retrouve au casting de La Cible <a href=\"https:\/\/www.midilibre.fr\/2015\/12\/22\/aveyron-tomer-sisley-rejoint-la-famille-des-natural-games,1261379.php\" target=\"_blank\" rel=\"noopener\">l\u2019humoriste et acteur Tomer Sisley<\/a>, la danseuse et <a href=\"https:\/\/www.midilibre.fr\/2021\/11\/27\/danse-avec-les-stars-cette-incroyable-performance-qui-a-fait-gagner-tayc-et-fauve-hautot-9955417.php\" target=\"_blank\" rel=\"noopener\">chor\u00e9graphe Fauve Hautot<\/a>, mais aussi l\u2019acteur <a href=\"https:\/\/www.midilibre.fr\/2025\/04\/27\/linvite-du-dimanche-jeremy-banster-acteur-singulier-homme-pluriel-12661517.php\" target=\"_blank\" rel=\"noopener\">J\u00e9r\u00e9my Banster<\/a>, install\u00e9 sur le territoire et associ\u00e9 du vigneron audois\u00a0Guillaume Allien. Le tournage de la s\u00e9rie a d\u00e9but\u00e9 en ao\u00fbt, du c\u00f4t\u00e9 de Toulouse, et vient de s\u2019achever ce samedi 6\u00a0d\u00e9cembre \u00ab\u00a0\u00e0 Montpellier et Vendargues, <a href=\"https:\/\/www.midilibre.fr\/2025\/12\/01\/tournage-les-equipes-de-la-prochaine-serie-tf1-la-cible-sont-en-haut-du-mont-saint-clair-a-sete-13082703.php\" target=\"_blank\" rel=\"noopener\">apr\u00e8s un passage par S\u00e8te<\/a>\u00ab\u00a0, pr\u00e9cise le p\u00f4le Fiction Fran\u00e7aise du groupe TF1.<\/p>\n<p>Une histoire d\u2019enqu\u00eate et de famille<\/p>\n<p>Dans quelques mois, les t\u00e9l\u00e9spectateurs d\u00e9couvriront l\u2019histoire d\u2019Hugo, garde du corps, dont les enfants et l\u2019ex-femme ont \u00e9t\u00e9 kidnapp\u00e9s. Consid\u00e9r\u00e9 comme le principal suspect de l\u2019instruction ouverte par la police, le personnage principal d\u00e9cidera de prendre la fuite et de mener l\u2019enqu\u00eate. Ouvrant la voie \u00e0 une s\u00e9rie de d\u00e9couverte sur sa famille.<\/p>\n","protected":false},"excerpt":{"rendered":"TF1 ach\u00e8ve en Occitanie le tournage de \u201cLa Cible\u201d, mini-s\u00e9rie en six \u00e9pisodes port\u00e9e par Tomer Sisley, Fauve&hellip;\n","protected":false},"author":2,"featured_media":586618,"comment_status":"","ping_status":"","sticky":false,"template":"","format":"standard","meta":{"footnotes":""},"categories":[9599],"tags":[1111,11,58,1777,674,1011,27,7089,2208,12,2680,25,68925],"class_list":{"0":"post-586617","1":"post","2":"type-post","3":"status-publish","4":"format-standard","5":"has-post-thumbnail","7":"category-montpellier","8":"tag-actu","9":"tag-actualites","10":"tag-divertissement","11":"tag-eu","12":"tag-europe","13":"tag-fr","14":"tag-france","15":"tag-herault","16":"tag-montpellier","17":"tag-news","18":"tag-occitanie","19":"tag-republique-francaise","20":"tag-tu00e9lu00e9-mu00e9dias"},"share_on_mastodon":{"url":"https:\/\/pubeurope.com\/@fr\/115684701953127551","error":""},"_links":{"self":[{"href":"https:\/\/www.europesays.com\/fr\/wp-json\/wp\/v2\/posts\/586617","targetHints":{"allow":["GET"]}}],"collection":[{"href":"https:\/\/www.europesays.com\/fr\/wp-json\/wp\/v2\/posts"}],"about":[{"href":"https:\/\/www.europesays.com\/fr\/wp-json\/wp\/v2\/types\/post"}],"author":[{"embeddable":true,"href":"https:\/\/www.europesays.com\/fr\/wp-json\/wp\/v2\/users\/2"}],"replies":[{"embeddable":true,"href":"https:\/\/www.europesays.com\/fr\/wp-json\/wp\/v2\/comments?post=586617"}],"version-history":[{"count":0,"href":"https:\/\/www.europesays.com\/fr\/wp-json\/wp\/v2\/posts\/586617\/revisions"}],"wp:featuredmedia":[{"embeddable":true,"href":"https:\/\/www.europesays.com\/fr\/wp-json\/wp\/v2\/media\/586618"}],"wp:attachment":[{"href":"https:\/\/www.europesays.com\/fr\/wp-json\/wp\/v2\/media?parent=586617"}],"wp:term":[{"taxonomy":"category","embeddable":true,"href":"https:\/\/www.europesays.com\/fr\/wp-json\/wp\/v2\/categories?post=586617"},{"taxonomy":"post_tag","embeddable":true,"href":"https:\/\/www.europesays.com\/fr\/wp-json\/wp\/v2\/tags?post=586617"}],"curies":[{"name":"wp","href":"https:\/\/api.w.org\/{rel}","templated":true}]}}