{"id":586619,"date":"2025-12-08T15:40:12","date_gmt":"2025-12-08T15:40:12","guid":{"rendered":"https:\/\/www.europesays.com\/fr\/586619\/"},"modified":"2025-12-08T15:40:12","modified_gmt":"2025-12-08T15:40:12","slug":"on-leur-attribue-desormais-plus-de-400-vols-a-la-roulotte-a-montpellier-entre-janvier-et-juin-deux-toxicomanes-incarceres-reconvoques-devant-le-tribunal","status":"publish","type":"post","link":"https:\/\/www.europesays.com\/fr\/586619\/","title":{"rendered":"On leur attribue d\u00e9sormais plus de 400 vols \u00e0 la roulotte \u00e0 Montpellier entre janvier et juin\u00a0: deux toxicomanes incarc\u00e9r\u00e9s, reconvoqu\u00e9s devant le tribunal"},"content":{"rendered":"<p>\n                                                                On leur reproche une impressionnante s\u00e9rie de vols dans des voitures, entre janvier et juin dernier \u00e0 Montpellier\u00a0: deux toxicomanes, jug\u00e9s et condamn\u00e9s en juin dernier, compara\u00eetront \u00e0 nouveau devant le tribunal. La police a r\u00e9ussi \u00e0 leur imputer une centaine de vols suppl\u00e9mentaires.\n                            <\/p>\n<p>Des vols dans des voitures leur servaient \u00e0 financer leur consommation de stup\u00e9fiants, \u00e0 hauteur d\u2019une centaine d\u2019euros par jour\u00a0: en juin dernier, deux toxicomanes avaient \u00e9t\u00e9 jug\u00e9s et condamn\u00e9s \u00e0 des peines de prison ferme, par le tribunal correctionnel de Montpellier.<\/p>\n<p>Empreintes digitales et ADN<\/p>\n<p>La poursuite des investigations (images de vid\u00e9o-surveillance, empreintes digitales et ADN) a permis aux enqu\u00eateurs de la police nationale d\u2019\u00e9lucider d\u2019autres affaires de m\u00eame nature, concernant la m\u00eame p\u00e9riode (de janvier \u00e0 juin\u00a02025) et de les attribuer au m\u00eame duo. Celui-ci s\u00e9vissait ensemble ou de fa\u00e7on individuelle.<\/p>\n<p>Dans des r\u00e9sidences et des parkings<\/p>\n<p>Cela porte \u00e0 400 vols cette impressionnante<a href=\"https:\/\/www.midilibre.fr\/2025\/12\/08\/sept-cambriolages-et-onze-vols-a-la-roulotte-par-jour-a-montpellier-les-gestes-du-quotidien-pour-tenter-dendiguer-ces-fleaux-13096919.php\" target=\"_blank\" rel=\"noopener\"> s\u00e9rie de larcins perp\u00e9tr\u00e9s en six mois dans des sous-sols de r\u00e9sidences et des parkings<\/a>.\u00a0Extraits de leurs\u00a0maisons d\u2019arr\u00eats et r\u00e9entendus au commissariat de Montpellier, les deux d\u00e9tenus de 40 et 46 ont dans l\u2019ensemble reconnu leur implication dans ces affaires suppl\u00e9mentaires.<\/p>\n<p>Leur forte d\u00e9pendance et leur importante consommation de drogue expliqueraient ces agissements aussi r\u00e9p\u00e9t\u00e9s. Les deux quadrag\u00e9naires visaient \u00e0 d\u00e9rober de l\u2019argent ou des objets faciles \u00e0 revendre, afin de se procurer leur dose quotidienne.<\/p>\n<p>En juin dernier, les deux hommes avaient \u00e9t\u00e9 condamn\u00e9s \u00e0 30 mois de prison dont douze ferme, pour le plus jeune, et \u00e0 24 mois de prison, dont six ferme pour le plus \u00e2g\u00e9. Tous deux devraient \u00eatre \u00e0 nouveau jug\u00e9s d\u00e9but 2026.<\/p>\n","protected":false},"excerpt":{"rendered":"On leur reproche une impressionnante s\u00e9rie de vols dans des voitures, entre janvier et juin dernier \u00e0 Montpellier\u00a0:&hellip;\n","protected":false},"author":2,"featured_media":586620,"comment_status":"","ping_status":"","sticky":false,"template":"","format":"standard","meta":{"footnotes":""},"categories":[9599],"tags":[1111,11,1777,674,118,1011,27,7089,2208,12,2680,25],"class_list":{"0":"post-586619","1":"post","2":"type-post","3":"status-publish","4":"format-standard","5":"has-post-thumbnail","7":"category-montpellier","8":"tag-actu","9":"tag-actualites","10":"tag-eu","11":"tag-europe","12":"tag-faits-divers","13":"tag-fr","14":"tag-france","15":"tag-herault","16":"tag-montpellier","17":"tag-news","18":"tag-occitanie","19":"tag-republique-francaise"},"share_on_mastodon":{"url":"https:\/\/pubeurope.com\/@fr\/115684705888100069","error":""},"_links":{"self":[{"href":"https:\/\/www.europesays.com\/fr\/wp-json\/wp\/v2\/posts\/586619","targetHints":{"allow":["GET"]}}],"collection":[{"href":"https:\/\/www.europesays.com\/fr\/wp-json\/wp\/v2\/posts"}],"about":[{"href":"https:\/\/www.europesays.com\/fr\/wp-json\/wp\/v2\/types\/post"}],"author":[{"embeddable":true,"href":"https:\/\/www.europesays.com\/fr\/wp-json\/wp\/v2\/users\/2"}],"replies":[{"embeddable":true,"href":"https:\/\/www.europesays.com\/fr\/wp-json\/wp\/v2\/comments?post=586619"}],"version-history":[{"count":0,"href":"https:\/\/www.europesays.com\/fr\/wp-json\/wp\/v2\/posts\/586619\/revisions"}],"wp:featuredmedia":[{"embeddable":true,"href":"https:\/\/www.europesays.com\/fr\/wp-json\/wp\/v2\/media\/586620"}],"wp:attachment":[{"href":"https:\/\/www.europesays.com\/fr\/wp-json\/wp\/v2\/media?parent=586619"}],"wp:term":[{"taxonomy":"category","embeddable":true,"href":"https:\/\/www.europesays.com\/fr\/wp-json\/wp\/v2\/categories?post=586619"},{"taxonomy":"post_tag","embeddable":true,"href":"https:\/\/www.europesays.com\/fr\/wp-json\/wp\/v2\/tags?post=586619"}],"curies":[{"name":"wp","href":"https:\/\/api.w.org\/{rel}","templated":true}]}}