{"id":586627,"date":"2025-12-08T15:46:19","date_gmt":"2025-12-08T15:46:19","guid":{"rendered":"https:\/\/www.europesays.com\/fr\/586627\/"},"modified":"2025-12-08T15:46:19","modified_gmt":"2025-12-08T15:46:19","slug":"metropole-de-grenoble-la-maire-dechirolles-choquee-et-inquiete-apres-les-deux-meurtres-du-week-end","status":"publish","type":"post","link":"https:\/\/www.europesays.com\/fr\/586627\/","title":{"rendered":"M\u00e9tropole de Grenoble. La maire d\u2019\u00c9chirolles \u00ab\u00a0choqu\u00e9e\u00a0\u00bb et \u00ab\u00a0inqui\u00e8te\u00a0\u00bb apr\u00e8s les deux meurtres du week-end"},"content":{"rendered":"<p>\u00ab\u00a0Je suis tr\u00e8s choqu\u00e9e de ce qui a pu se passer sur le territoire, notamment ce week-end, o\u00f9 des tr\u00e8s jeunes ont \u00e9t\u00e9 tu\u00e9s. Et je suis forc\u00e9ment inqui\u00e8te des suites de toute cette violence. Je crains d\u2019autres fusillades\u00a0\u00bb.<\/p>\n<p>Ce lundi 8\u00a0d\u00e9cembre au matin, <a href=\"https:\/\/www.ledauphine.com\/faits-divers-justice\/2025\/12\/07\/deux-morts-par-balles-d-abord-a-echirolles-puis-a-grenoble-apres-une-rixe-dans-un-fast-food\" target=\"_blank\" rel=\"noopener\">moins de 48\u00a0heures apr\u00e8s la rixe sur l\u2019avenue du 8-mai\u00a01945 \u00e0 \u00c9chirolles,<\/a> qui s\u2019est conclue <a href=\"https:\/\/www.ledauphine.com\/faits-divers-justice\/2025\/12\/07\/un-jeune-homme-de-22-ans-grievement-blesse-par-balles-a-echirolles\" target=\"_blank\" rel=\"noopener\">par la mort de deux hommes, \u00e2g\u00e9s de 22 et 18 ans<\/a>, la maire de la troisi\u00e8me commune du d\u00e9partement ne cache pas sa fatigue et son \u00e9motion. \u00ab\u00a0Le niveau de violence chez ces tr\u00e8s jeunes, le fait qu\u2019ils soient \u00e9quip\u00e9s d\u2019armes l\u00e9tales, qu\u2019ils se tirent dessus. Tout cela pose beaucoup de questions sur le rapport qu\u2019ils ont aux armes, \u00e0 la vie, et c\u2019est tr\u00e8s choquant\u00a0\u00bb, indique-t-elle.<\/p>\n<p>\u00ab\u00a0Nous sommes toujours en sous-effectif de policiers nationaux\u2026\u00a0\u00bb<\/p>\n<p>L\u2019\u00e9lue PCF affiche aussi sa d\u00e9termination. Sa volont\u00e9 d\u2019enfin recevoir une r\u00e9ponse de l\u2019\u00c9tat \u00e0 ses demandes r\u00e9p\u00e9t\u00e9es d\u2019effectifs de police suppl\u00e9mentaires. \u00ab\u00a0Au vu de la situation et de ces nouveaux faits, j\u2019exige de la part du minist\u00e8re de l\u2019Int\u00e9rieur une r\u00e9ponse \u00e0 la question que j\u2019avais pos\u00e9e <a href=\"https:\/\/www.ledauphine.com\/faits-divers-justice\/2024\/11\/26\/isere-ils-demandent-demander-un-commissariat-a-echirolles-nous-n-en-pouvons-plus-du-deal-et-de-ses-consequences\" target=\"_blank\" rel=\"noopener\">sur la cr\u00e9ation d\u2019un commissariat de plein exercice \u00e0 \u00c9chirolles<\/a>, <a href=\"https:\/\/www.ledauphine.com\/societe\/2024\/11\/26\/isere-echirolles-200-personnes-reunies-pour-demander-un-commissariat-de-plein-exercice\" target=\"_blank\" rel=\"noopener\">pour le sud de l\u2019agglom\u00e9ration.<\/a> Je rappelle qu\u2019au niveau de l\u2019agglom\u00e9ration, nous sommes toujours en sous-effectif de policiers nationaux\u2026 Nous avons besoin de retrouver une police de proximit\u00e9, proche des habitants pour essayer d\u2019apaiser certaines situations\u00a0\u00bb, insiste-t-elle.<\/p>\n<p>\u00ab\u00a0On se sent un petit peu abandonn\u00e9 par le gouvernement sur ce sujet-l\u00e0, poursuit-elle. Quand on parle du narcotrafic, on sait que c\u2019est un fl\u00e9au qui d\u00e9passe les fronti\u00e8res communales et m\u00eame les fronti\u00e8res nationales et nous avons besoin de l\u2019\u00c9tat pour nous aider. Il ne peut pas laisser des \u00e9lus sans r\u00e9ponse et abandonner des populations sur son territoire\u00a0\u00bb.<\/p>\n<p>\u00ab\u00a0Ce ne sont pas des sujets simples, affirme la maire, qui a d\u00e9j\u00e0 \u00e9t\u00e9 victime d\u2019intimidations. Les narcotrafiquants sont dans une toute-puissance aujourd\u2019hui, donc ce n\u2019est pas \u00e9vident, mais nous devons agir et je ne me tairai pas.\u00a0\u00bb<\/p>\n<p class=\"insetTitle\">Les autres groupes politiques r\u00e9agissent<\/p>\n<p class=\"xsm-p emxed-markup\">Ce lundi, plusieurs groupes politiques d\u2019\u00c9chirolles ont r\u00e9agi aux \u00e9v\u00e9nements du week-end. Dans un communiqu\u00e9,\u00a0<a class=\"emxed-markup\" href=\"https:\/\/www.ledauphine.com\/elections\/2025\/11\/09\/isere-echirolles-municipales-ne-pas-y-aller-serait-de-la-non-assistance-a-ville-en-danger\" target=\"_blank\" rel=\"noopener\">les membres de la liste de droite et centre droit \u00ab\u00a0Un renouveau pour \u00c9chirolles\u00a0\u00bb<\/a> critique le manque \u00ab\u00a0d\u2019empathie\u00a0\u00bb ou \u00ab\u00a0de volont\u00e9 d\u2019agir affirm\u00e9e\u00a0\u00bb de la part de la mairie. Pour eux, ces \u00e9pisodes de violences sont le signe de \u00ab\u00a0l\u2019incomp\u00e9tence\u00a0\u00bb de la municipalit\u00e9. \u00ab\u00a0Mme\u00a0Demore, passer \u00e0 la t\u00e9l\u00e9 n\u2019est pas la potion magique pour avoir une vraie politique de s\u00e9curit\u00e9 dans cette ville, \u00e9crivent-ils.\u00a0Allez-vous vous \u2018&rsquo;sortir les mains des poches&rsquo;\u2019pour prendre le sujet \u00e0 bras-le-corps, et reconna\u00eetre que l\u2019inaction des ann\u00e9es Sulli &#8211; Demore a amen\u00e9 \u00e0 cette situation tragique, qui risque de perdurer, voire de s\u2019intensifier\u00a0?\u00a0\u00bb<\/p>\n<p class=\"xsm-p emxed-markup\">Candidat Rassemblement national aux municipales, Enzo Billon d\u00e9plore \u00ab\u00a0l\u2019explosion des violences et l\u2019installation d\u2019une ins\u00e9curit\u00e9 profonde et durable\u00a0\u00bb dans la commune. \u00ab\u00a0C\u2019est l\u2019absence de volont\u00e9 politique qui permet \u00e0 l\u2019ins\u00e9curit\u00e9 de perdurer\u00a0\u00bb, affirme-t-il, \u00e9galement par communiqu\u00e9.<\/p>\n<p class=\"xsm-p emxed-markup\">Enfin la repr\u00e9sentante du groupe PS-Place publique, La\u00ebtitia Rabih per\u00e7oit cet \u00e9pisode comme \u00ab\u00a0un signal d\u2019alerte majeur\u00a0\u00bb. \u00ab\u00a0Nous devons agir avec lucidit\u00e9 et d\u00e9termination\u00a0: soutenir la pr\u00e9vention, renforcer l\u2019\u00e9ducation, appuyer les acteurs de terrain et mener une action ferme contre les trafics et les r\u00e9seaux criminels qui fragilisent nos quartiers, indique-t-elle. Nous refusons la r\u00e9signation. Nous voulons r\u00e9tablir la s\u00e9curit\u00e9, restaurer la confiance et offrir un avenir serein \u00e0 \u00c9chirolles. Nos quartiers m\u00e9ritent la vie, pas la peur.\u00a0\u00bb<\/p>\n","protected":false},"excerpt":{"rendered":"\u00ab\u00a0Je suis tr\u00e8s choqu\u00e9e de ce qui a pu se passer sur le territoire, notamment ce week-end, o\u00f9&hellip;\n","protected":false},"author":2,"featured_media":586628,"comment_status":"","ping_status":"","sticky":false,"template":"","format":"standard","meta":{"footnotes":""},"categories":[9566],"tags":[1111,11,2430,271,272,9852,9853,112,1777,674,274,1011,27,2731,108,12,8387,3541,316,1078,25,104],"class_list":{"0":"post-586627","1":"post","2":"type-post","3":"status-publish","4":"format-standard","5":"has-post-thumbnail","7":"category-grenoble","8":"tag-actu","9":"tag-actualites","10":"tag-auvergne-rhone-alpes","11":"tag-crime","12":"tag-delit-et-contravention","13":"tag-echirolles","14":"tag-echirolles-bassin","15":"tag-edition-grenoble-agglomeration","16":"tag-eu","17":"tag-europe","18":"tag-faits-divers-justice","19":"tag-fr","20":"tag-france","21":"tag-grenoble","22":"tag-isere","23":"tag-news","24":"tag-parti-communiste","25":"tag-parti-socialiste","26":"tag-politique","27":"tag-rassemblement-national","28":"tag-republique-francaise","29":"tag-societe"},"share_on_mastodon":{"url":"https:\/\/pubeurope.com\/@fr\/115684729518950884","error":""},"_links":{"self":[{"href":"https:\/\/www.europesays.com\/fr\/wp-json\/wp\/v2\/posts\/586627","targetHints":{"allow":["GET"]}}],"collection":[{"href":"https:\/\/www.europesays.com\/fr\/wp-json\/wp\/v2\/posts"}],"about":[{"href":"https:\/\/www.europesays.com\/fr\/wp-json\/wp\/v2\/types\/post"}],"author":[{"embeddable":true,"href":"https:\/\/www.europesays.com\/fr\/wp-json\/wp\/v2\/users\/2"}],"replies":[{"embeddable":true,"href":"https:\/\/www.europesays.com\/fr\/wp-json\/wp\/v2\/comments?post=586627"}],"version-history":[{"count":0,"href":"https:\/\/www.europesays.com\/fr\/wp-json\/wp\/v2\/posts\/586627\/revisions"}],"wp:featuredmedia":[{"embeddable":true,"href":"https:\/\/www.europesays.com\/fr\/wp-json\/wp\/v2\/media\/586628"}],"wp:attachment":[{"href":"https:\/\/www.europesays.com\/fr\/wp-json\/wp\/v2\/media?parent=586627"}],"wp:term":[{"taxonomy":"category","embeddable":true,"href":"https:\/\/www.europesays.com\/fr\/wp-json\/wp\/v2\/categories?post=586627"},{"taxonomy":"post_tag","embeddable":true,"href":"https:\/\/www.europesays.com\/fr\/wp-json\/wp\/v2\/tags?post=586627"}],"curies":[{"name":"wp","href":"https:\/\/api.w.org\/{rel}","templated":true}]}}