{"id":586637,"date":"2025-12-08T15:51:12","date_gmt":"2025-12-08T15:51:12","guid":{"rendered":"https:\/\/www.europesays.com\/fr\/586637\/"},"modified":"2025-12-08T15:51:12","modified_gmt":"2025-12-08T15:51:12","slug":"pres-de-nice-lancien-president-nicolas-sarkozy-attendu-dans-les-alpes-maritimes-voici-ou","status":"publish","type":"post","link":"https:\/\/www.europesays.com\/fr\/586637\/","title":{"rendered":"Pr\u00e8s de Nice. L&rsquo;ancien pr\u00e9sident Nicolas Sarkozy attendu dans les Alpes-Maritimes, voici o\u00f9"},"content":{"rendered":"<p>                    Par<br \/>\n        <strong><br \/>\n            <a href=\"https:\/\/actu.fr\/auteur\/arthur-frand\" title=\"Consulter tous les articles de Arthur Frand\" target=\"_blank\" rel=\"noopener\">Arthur Frand<\/a><br \/>\n                    <\/strong><\/p>\n<p>        Publi\u00e9 le<\/p>\n<p>            8 d\u00e9c. 2025 \u00e0 16h15        <\/p>\n<p>Un ancien pr\u00e9sident de la R\u00e9publique en d\u00e9placement dans les <a href=\"https:\/\/actu.fr\/provence-alpes-cote-d-azur\/alpes-maritimes_06\" target=\"_blank\" rel=\"noopener\">Alpes-Maritimes<\/a> cette semaine. Nicolas Sarkozy est attendu \u00e0 Cannes et \u00e0 Menton, pr\u00e8s de <a href=\"https:\/\/actu.fr\/nice\/\" target=\"_blank\" rel=\"noopener\">Nice<\/a>, ce vendredi 12\u00a0d\u00e9cembre 2025. Il vient <strong>d\u00e9dicacer son dernier livre<\/strong>, Le journal d\u2019un prisonnier (\u00e9ditions Fayard), au public maralpin. Voici les d\u00e9tails.<\/p>\n<p>Un nouveau livre, tout juste sorti de prison<\/p>\n<p class=\" wall-content\">Nicolas Sarkozy n\u2019a pas tra\u00een\u00e9 pour publier un nouveau livre ce mercredi 10\u00a0d\u00e9cembre. Un mois apr\u00e8s sa sortie de prison. Le journal d\u2019un prisonnier est consacr\u00e9 \u00e0 ses 21\u00a0jours pass\u00e9s derri\u00e8re les barreaux \u00e0 Paris apr\u00e8s <strong>sa condamnation \u00e0 cinq ans de prison<\/strong> dans l\u2019affaire du financement libyen. L\u2019ancien chef de l\u2019\u00c9tat (2007-2012) a fait appel de cette d\u00e9cision.<\/p>\n<p class=\" wall-content\">Son proc\u00e8s aura lieu en mars\u00a02026.<\/p>\n<p>\u00c0 Cannes le matin<\/p>\n<p class=\" wall-content\">\u00c0 cette occasion, Nicolas Sarkozy a pr\u00e9vu <strong>une tourn\u00e9e de d\u00e9dicaces<\/strong> dans le sud-est de la France. Ce 11\u00a0d\u00e9cembre, il sera de passage \u00e0 <a href=\"https:\/\/actu.fr\/provence-alpes-cote-d-azur\/marseille_13055\/nicolas-sarkozy-attendu-a-marseille-que-vient-faire-l-ancien-president-de-la-republique_63523776.html\" target=\"_blank\" rel=\"noopener\">Marseille<\/a>, avant de rejoindre les Alpes-Maritimes le 12\u00a0d\u00e9cembre.<\/p>\n<p class=\" wall-content\">Le matin, Nicolas Sarkozy est attendu \u00e0 Cannes, \u00e0 la <strong>librairie \u00ab\u2009Autour d\u2019un livre\u2009\u00bb<\/strong>, situ\u00e9e au 17 rue Jean-Jaur\u00e8s, \u00e0 10h. Un choix vivement contest\u00e9 par plusieurs internautes qui ont interpell\u00e9 la librairie cannoise sur les r\u00e9seaux sociaux.<\/p>\n<p>    <a href=\"https:\/\/www.facebook.com\/plugins\/post.php?href=https%3A%2F%2Fwww.facebook.com%2Flibrairiecannes%2Fposts%2Fpfbid02Lw1ebrg1vM9MprezM1VwDHQMT1cgPH6sNUsWg7Sj52DdUj35BsQ5i38iMyPhebxdl&amp;show_text=true&amp;width=350\" title=\"Ouvrie le lien\" target=\"_blank\" rel=\"noopener\">Cliquez ici pour visualiser le contenu<\/a><\/p>\n<p>\u00c0 Menton l\u2019apr\u00e8s-midi<\/p>\n<p class=\" wall-content\">L\u2019apr\u00e8s-midi, Nicolas Sarkozy prendra ensuite la direction de Menton. Le rendez-vous est fix\u00e9 \u00e0 15h \u00e0 la \u00ab<strong>\u2009Librairie de la Presse\u2009\u00bb<\/strong>, au 25 avenue F\u00e9lix-Faure. L\u2019ancien chef de l\u2019\u00c9tat d\u00e9dicacera son livre durant trois heures, jusqu\u2019\u00e0 18h, sur les terres de campagne de son fils Louis, candidat aux \u00e9lections municipales dans la cit\u00e9 du citron.<\/p>\n<p>Votre r\u00e9gion, votre actu !<\/p>\n<p>Recevez chaque jour les infos qui comptent pour vous.<\/p>\n<p>\t<a href=\"https:\/\/actu.fr\/newsletter\" class=\"ac-btn ac-btn--corner ac-btn--medium ac-btn--blue800\" target=\"_blank\" rel=\"noopener\">S&rsquo;incrire<\/a><\/p>\n<p class=\" wall-content\">Outre l\u2019affaire du financement libyen, Nicolas Sarkozy a \u00e9galement \u00e9t\u00e9 d\u00e9finitivement <strong>condamn\u00e9 dans l\u2019affaire Bygmalion<\/strong> suite au rejet de son pourvoi en Cassation. Il a \u00e9cop\u00e9 d\u2019un an d\u2019emprisonnement, dont six mois ferme, pour le financement ill\u00e9gal de sa campagne pr\u00e9sidentielle perdue de 2012. Une peine qu\u2019il purgera sous bracelet \u00e9lectronique.<\/p>\n<p class=\" wall-content\">Personnalisez votre actualit\u00e9 en ajoutant vos villes et m\u00e9dias en favori avec <a href=\"https:\/\/moncompte.actu.fr\" title=\"D\u00e9couvez Mon Actu\" rel=\"nofollow noopener\" data-trk=\"{&quot;cta&quot;:{&quot;action&quot;:&quot;https:\\\/\\\/moncompte.actu.fr&quot;,&quot;category&quot;:&quot;mon compte&quot;,&quot;from&quot;:&quot;article footer&quot;,&quot;name&quot;:&quot;Mon actu&quot;,&quot;type&quot;:&quot;cta&quot;}}\" target=\"_blank\">Mon Actu<\/a>.<\/p>\n","protected":false},"excerpt":{"rendered":"Par Arthur Frand Publi\u00e9 le 8 d\u00e9c. 2025 \u00e0 16h15 Un ancien pr\u00e9sident de la R\u00e9publique en d\u00e9placement&hellip;\n","protected":false},"author":2,"featured_media":586638,"comment_status":"","ping_status":"","sticky":false,"template":"","format":"standard","meta":{"footnotes":""},"categories":[2819],"tags":[1111,11,1777,674,1011,27,1380,12,2401,3091,882,25,104],"class_list":{"0":"post-586637","1":"post","2":"type-post","3":"status-publish","4":"format-standard","5":"has-post-thumbnail","7":"category-nice","8":"tag-actu","9":"tag-actualites","10":"tag-eu","11":"tag-europe","12":"tag-fr","13":"tag-france","14":"tag-livres","15":"tag-news","16":"tag-nice","17":"tag-nicolas-sarkozy","18":"tag-provence-alpes-cote-dazur","19":"tag-republique-francaise","20":"tag-societe"},"share_on_mastodon":{"url":"https:\/\/pubeurope.com\/@fr\/115684749151660874","error":""},"_links":{"self":[{"href":"https:\/\/www.europesays.com\/fr\/wp-json\/wp\/v2\/posts\/586637","targetHints":{"allow":["GET"]}}],"collection":[{"href":"https:\/\/www.europesays.com\/fr\/wp-json\/wp\/v2\/posts"}],"about":[{"href":"https:\/\/www.europesays.com\/fr\/wp-json\/wp\/v2\/types\/post"}],"author":[{"embeddable":true,"href":"https:\/\/www.europesays.com\/fr\/wp-json\/wp\/v2\/users\/2"}],"replies":[{"embeddable":true,"href":"https:\/\/www.europesays.com\/fr\/wp-json\/wp\/v2\/comments?post=586637"}],"version-history":[{"count":0,"href":"https:\/\/www.europesays.com\/fr\/wp-json\/wp\/v2\/posts\/586637\/revisions"}],"wp:featuredmedia":[{"embeddable":true,"href":"https:\/\/www.europesays.com\/fr\/wp-json\/wp\/v2\/media\/586638"}],"wp:attachment":[{"href":"https:\/\/www.europesays.com\/fr\/wp-json\/wp\/v2\/media?parent=586637"}],"wp:term":[{"taxonomy":"category","embeddable":true,"href":"https:\/\/www.europesays.com\/fr\/wp-json\/wp\/v2\/categories?post=586637"},{"taxonomy":"post_tag","embeddable":true,"href":"https:\/\/www.europesays.com\/fr\/wp-json\/wp\/v2\/tags?post=586637"}],"curies":[{"name":"wp","href":"https:\/\/api.w.org\/{rel}","templated":true}]}}