{"id":586651,"date":"2025-12-08T15:58:15","date_gmt":"2025-12-08T15:58:15","guid":{"rendered":"https:\/\/www.europesays.com\/fr\/586651\/"},"modified":"2025-12-08T15:58:15","modified_gmt":"2025-12-08T15:58:15","slug":"ugo-mola-avoue-avoir-traverse-une-semaine-difficile-a-toulouse","status":"publish","type":"post","link":"https:\/\/www.europesays.com\/fr\/586651\/","title":{"rendered":"Ugo Mola avoue avoir travers\u00e9 une semaine difficile \u00e0 Toulouse"},"content":{"rendered":"<p>                    Par<br \/>\n        <strong><br \/>\n            <a href=\"https:\/\/actu.fr\/auteur\/clement-mazella\" title=\"Consulter tous les articles de Cl\u00e9ment Mazella\" target=\"_blank\" rel=\"noopener\">Cl\u00e9ment Mazella<\/a><br \/>\n                    <\/strong><\/p>\n<p>        Publi\u00e9 le<\/p>\n<p>            8 d\u00e9c. 2025 \u00e0 16h15        <\/p>\n<p>Si tout va bien pour <a href=\"https:\/\/actu.fr\/tag\/stade-toulousain\" target=\"_blank\" rel=\"noopener\">Toulouse<\/a> sur le plan sportif, l\u2019effectif des Rouge et Noir traverse actuellement une p\u00e9riode d\u00e9licate. \u00ab\u00a0Quand vous perdez la m\u00eame semaine deux de vos meilleurs trois-quarts sur les 5-6 derni\u00e8res saisons, je ne vous cache que je ne l\u2019ai pas super bien v\u00e9cu\u00a0\u00bb, a soulign\u00e9 le manager des Rouge et Noir, <a href=\"https:\/\/actu.fr\/tag\/ugo-mola\" target=\"_blank\" rel=\"noopener\">Ugo Mola<\/a>.<\/p>\n<p>Quand Ugo Mola perd \u00ab\u00a0ses deux somnif\u00e8res\u00a0\u00bb<\/p>\n<p class=\" wall-content\">Les deux joueurs qu\u2019il \u00e9voque, ce sont <strong>Pita Ahki<\/strong> et <strong>Juan Cruz Mallia<\/strong>. Le premier nomm\u00e9 a d\u00e9cid\u00e9 de <a href=\"https:\/\/actu.fr\/occitanie\/toulouse_31555\/c-est-une-decision-familiale-pita-ahki-explique-pourquoi-il-quitte-toulouse-prematurement_63339091.html\" target=\"_blank\" rel=\"noopener\">quitter le club<\/a> le 1er d\u00e9cembre, afin de rentrer en Nouvelle-Z\u00e9lande pour raisons familiales. L\u2019Argentin, lui, <a href=\"https:\/\/actu.fr\/occitanie\/toulouse_31555\/lesion-du-ligament-croise-anterieur-les-premieres-nouvelles-de-pas-rassurantes-juan-cruz-mallia_63479198.html\" target=\"_blank\" rel=\"noopener\">s\u2019est rompu les ligaments d\u2019un genou<\/a> apr\u00e8s un plaquage sans ballon de l\u2019Anglais Tom Curry.\u00a0<\/p>\n<p class=\" wall-content\">\u00ab\u00a0J\u2019ai <strong>deux de mes somnif\u00e8res qui viennent de partir<\/strong>. Ils me permettaient d\u2019avoir des nuits tranquilles et paisibles\u00a0\u00bb, l\u00e2chait Mola. De quoi quantifier le r\u00f4le capital des deux hommes dans le jeu toulousain, mais aussi dans la rotation de l\u2019effectif. Par exemple, Ahki a disput\u00e9 les 7 finales jou\u00e9es \u2013 toutes gagn\u00e9es \u2013 par Toulouse depuis son arriv\u00e9e en 2018.<\/p>\n<p class=\" wall-content\">\u00ab\u00a0Un joueur comme Juan Cruz, qui couvre trois postes, qui ne dit pas un mot plus haut que l\u2019autre, qui travaille, qui montre tr\u00e8s souvent l\u2019exemple, et qui est l\u2019un des artisans des titres que nous avons v\u00e9cus, forc\u00e9ment il va nous manquer\u00a0\u00bb, appuyait l\u2019arri\u00e8re Thomas Ramos. Qui soulignait aussi \u00ab\u00a0la grinta\u00a0\u00bb apport\u00e9e par Juanchi et son compatriote Santiago Chocobares.<\/p>\n<blockquote class=\"ac-article-quote wall-content\">\n<p>Cela nous impacte tous, nous sommes tr\u00e8s tristes pour Juan Cruz. Mais nul doute qu&rsquo;il reviendra encore plus fort que ce qu&rsquo;il \u00e9tait, connaissant le personnage.\u00a0<\/p>\n<p>    <strong>Thomas Ramos<\/strong><br \/>\n        Arri\u00e8re de Toulouse    <\/p><\/blockquote>\n<p>Lebel et Remue out, Ntamack va revenir<\/p>\n<p class=\" wall-content\">Ce n\u2019est pas tout. En marquant un essai face au Racing 92, l\u2019ailier <strong>Matthis Lebel<\/strong> s\u2019est fractur\u00e9 une main. Il a \u00e9t\u00e9 op\u00e9r\u00e9 la semaine derni\u00e8re, et ne devrait revenir sur les terrains que dans 5-6 semaines.<\/p>\n<p class=\" wall-content\">Pour <strong>Mathis Remue<\/strong>, cela devrait \u00eatre plus long. Toujours face au Racing 92, l\u2019arri\u00e8re belge a jou\u00e9 plus d\u2019une mi-temps avec une fracture d\u2019un poignet. \u00ab\u00a0Sa saison n\u2019est pas termin\u00e9e, mais on se dirige vers une absence de plusieurs mois\u00a0\u00bb, mentionnait une source interne du Stade Toulousain.\u00a0<\/p>\n<p>Votre r\u00e9gion, votre actu !<\/p>\n<p>Recevez chaque jour les infos qui comptent pour vous.<\/p>\n<p>\t<a href=\"https:\/\/actu.fr\/newsletter\" class=\"ac-btn ac-btn--corner ac-btn--medium ac-btn--blue800\" target=\"_blank\" rel=\"noopener\">S&rsquo;incrire<\/a><\/p>\n<p class=\" wall-content\">Des \u00e9l\u00e9ments perdus, mais pas de quoi faire paniquer les Rouge et Noir. \u00ab\u00a0J\u2019ose esp\u00e9rer que le club, le groupe, sera en mesure de trouver les ressources pour combler ces d\u00e9parts, m\u00eame si on ne les remplacera pas\u00a0\u00bb, dit Mola. \u00ab\u00a0Je crois qu\u2019il y a des joueurs qui vont \u00e9merger\u00a0\u00bb, pense Thomas Ramos.<\/p>\n<p>Des retours face \u00e0 Glasgow<\/p>\n<p class=\" wall-content\">Large vainqueur avec le bonus offensif des Sud-Africains des Sharks (56-19), Toulouse va poursuivre sa route en Champions Cup par un p\u00e9rilleux d\u00e9placement samedi 13 d\u00e9cembre (21h) chez les \u00c9cossais de Glasgow (Mola a parl\u00e9 \u00ab\u00a0d\u2019une poule inqui\u00e9tante\u00a0\u00bb, NDLR). Un match pour lequel il pourrait retrouver quelques forces vives derri\u00e8re.<\/p>\n<p class=\" wall-content\">En effet, <strong>Romain Ntamack<\/strong>, malade et forfait de derni\u00e8re minute face aux Sharks, devrait postuler. Absents sur commotion, les centres <strong>Pierre-Louis Barassi<\/strong> et <strong>Santiago Chocobares<\/strong> devaient \u00ab\u00a0obtenir une validation\u00a0\u00bb, ce qui ne faisait aucun doute dans les rangs stadistes.\u00a0<\/p>\n<p class=\" wall-content\">Deux renforts dans un secteur qui a perdu Pita Ahki, mais vu \u00e9merger le ph\u00e9nom\u00e8ne <a href=\"https:\/\/actu.fr\/occitanie\/toulouse_31555\/de-11-mois-de-galere-a-la-revelation-l-histoire-inspirante-de-kalvin-gourgues-joyau-de-toulouse_63174737.html\" target=\"_blank\" rel=\"noopener\">Kalvin Gourgues<\/a>. \u00ab\u00a0Nous sommes ravis d\u2019avoir un Kalvin \u00e0 ce niveau\u00a0\u00bb, soulignait Ugo Mola. \u00ab\u00a0Mais il n\u2019est pas le seul \u00e0 jouer au centre. Et peut-\u00eatre que vous aurez des surprises sur les prochaines compos\u2026\u00a0\u00bb.<\/p>\n<p class=\" wall-content\">Personnalisez votre actualit\u00e9 en ajoutant vos villes et m\u00e9dias en favori avec <a href=\"https:\/\/moncompte.actu.fr\" title=\"D\u00e9couvez Mon Actu\" rel=\"nofollow noopener\" data-trk=\"{&quot;cta&quot;:{&quot;action&quot;:&quot;https:\\\/\\\/moncompte.actu.fr&quot;,&quot;category&quot;:&quot;mon compte&quot;,&quot;from&quot;:&quot;article footer&quot;,&quot;name&quot;:&quot;Mon actu&quot;,&quot;type&quot;:&quot;cta&quot;}}\" target=\"_blank\">Mon Actu<\/a>.<\/p>\n","protected":false},"excerpt":{"rendered":"Par Cl\u00e9ment Mazella Publi\u00e9 le 8 d\u00e9c. 2025 \u00e0 16h15 Si tout va bien pour Toulouse sur le&hellip;\n","protected":false},"author":2,"featured_media":586652,"comment_status":"","ping_status":"","sticky":false,"template":"","format":"standard","meta":{"footnotes":""},"categories":[2816],"tags":[1111,11,1089,1777,674,1011,27,12,2680,25,479,60,476,2312],"class_list":{"0":"post-586651","1":"post","2":"type-post","3":"status-publish","4":"format-standard","5":"has-post-thumbnail","7":"category-toulouse","8":"tag-actu","9":"tag-actualites","10":"tag-coupe-deurope","11":"tag-eu","12":"tag-europe","13":"tag-fr","14":"tag-france","15":"tag-news","16":"tag-occitanie","17":"tag-republique-francaise","18":"tag-rugby","19":"tag-sports","20":"tag-stade-toulousain","21":"tag-toulouse"},"share_on_mastodon":{"url":"https:\/\/pubeurope.com\/@fr\/115684777018947423","error":""},"_links":{"self":[{"href":"https:\/\/www.europesays.com\/fr\/wp-json\/wp\/v2\/posts\/586651","targetHints":{"allow":["GET"]}}],"collection":[{"href":"https:\/\/www.europesays.com\/fr\/wp-json\/wp\/v2\/posts"}],"about":[{"href":"https:\/\/www.europesays.com\/fr\/wp-json\/wp\/v2\/types\/post"}],"author":[{"embeddable":true,"href":"https:\/\/www.europesays.com\/fr\/wp-json\/wp\/v2\/users\/2"}],"replies":[{"embeddable":true,"href":"https:\/\/www.europesays.com\/fr\/wp-json\/wp\/v2\/comments?post=586651"}],"version-history":[{"count":0,"href":"https:\/\/www.europesays.com\/fr\/wp-json\/wp\/v2\/posts\/586651\/revisions"}],"wp:featuredmedia":[{"embeddable":true,"href":"https:\/\/www.europesays.com\/fr\/wp-json\/wp\/v2\/media\/586652"}],"wp:attachment":[{"href":"https:\/\/www.europesays.com\/fr\/wp-json\/wp\/v2\/media?parent=586651"}],"wp:term":[{"taxonomy":"category","embeddable":true,"href":"https:\/\/www.europesays.com\/fr\/wp-json\/wp\/v2\/categories?post=586651"},{"taxonomy":"post_tag","embeddable":true,"href":"https:\/\/www.europesays.com\/fr\/wp-json\/wp\/v2\/tags?post=586651"}],"curies":[{"name":"wp","href":"https:\/\/api.w.org\/{rel}","templated":true}]}}