{"id":586653,"date":"2025-12-08T15:59:33","date_gmt":"2025-12-08T15:59:33","guid":{"rendered":"https:\/\/www.europesays.com\/fr\/586653\/"},"modified":"2025-12-08T15:59:33","modified_gmt":"2025-12-08T15:59:33","slug":"arnaud-deslandes-et-stephane-baly-annoncent-de-nouvelles-alliances","status":"publish","type":"post","link":"https:\/\/www.europesays.com\/fr\/586653\/","title":{"rendered":"Arnaud Deslandes et St\u00e9phane Baly annoncent de nouvelles \u00ab\u00a0alliances\u00a0\u00bb"},"content":{"rendered":"<p>                    Par<br \/>\n        <strong><br \/>\n            <a href=\"https:\/\/actu.fr\/auteur\/nicolas-demollien\" title=\"Consulter tous les articles de Nicolas Demollien\" target=\"_blank\" rel=\"noopener\">Nicolas Demollien<\/a><br \/>\n                    <\/strong><\/p>\n<p>        Publi\u00e9 le<\/p>\n<p>            8 d\u00e9c. 2025 \u00e0 15h22        <\/p>\n<p>A quoi vont ressembler les <b>listes des candidats Arnaud Deslandes<\/b> (<a href=\"https:\/\/actu.fr\/tag\/parti-socialiste-ps\" target=\"_blank\" rel=\"noopener\">PS<\/a>) et <b>St\u00e9phane Baly<\/b> (<a href=\"https:\/\/actu.fr\/tag\/europe-ecologie-les-verts-eelv\" target=\"_blank\" rel=\"noopener\">Les Ecologistes<\/a>) pour l\u2019<a href=\"https:\/\/actu.fr\/tag\/municipales-2026\" target=\"_blank\" rel=\"noopener\">\u00e9lection municipale 2026<\/a> \u00e0 <a href=\"https:\/\/actu.fr\/hauts-de-france\/lille_59350\" target=\"_blank\" rel=\"noopener\">Lille<\/a> (Nord) ? Les deux <b>candidats de gauche<\/b> viennent tout juste d\u2019annoncer de <b>nouvelles alliances<\/b> qui permettent un d\u00e9but de r\u00e9ponse.<\/p>\n<p>De nouveaux alli\u00e9s pour Arnaud Deslandes \u00e0 Lille<\/p>\n<p class=\" wall-content\">Concernant l\u2019actuel maire Arnaud Deslandes, ce sont <b>Arnaud Taisne<\/b>, repr\u00e9sentant du mouvement \u00ab\u00a0Debout !\u00a0\u00bb ainsi qu\u2019<b>Amy Bah<\/b>, militante f\u00e9ministe lilloise qui rejoignent sa campagne Tout pour Lille.<\/p>\n<p data-end=\"922\" class=\" wall-content\">Pour m\u00e9moire, le mouvement \u00ab\u00a0Debout !\u00a0\u00bb a \u00e9t\u00e9 cr\u00e9\u00e9 par <a href=\"https:\/\/actu.fr\/tag\/francois-ruffin\" target=\"_blank\" rel=\"noopener\">Fran\u00e7ois Ruffin<\/a>. Arnaud Taisne, commer\u00e7ant, est aujourd\u2019hui en charge de la vie nocturne et du quartier des Bois-Blancs dans l\u2019\u00e9quipe municipale sortante. \u00ab\u00a0Il est particuli\u00e8rement attach\u00e9 \u00e0 l\u2019enjeu du service public, de l\u2019emploi et des conditions de vie des travailleuses et des travailleurs \u00e0 Lille\u00a0\u00bb, assure-t-on du c\u00f4t\u00e9 de l\u2019\u00e9quipe du maire. Il souhaite se mobiliser \u00e0 ses c\u00f4t\u00e9s \u00ab\u00a0pour porter avec lui la vision d\u2019une ville productive\u00a0\u00bb.<\/p>\n<p data-end=\"1233\" class=\" wall-content\">Amy Bah a \u00e9galement annonc\u00e9 son ralliement \u00e0 Tout pour Lille. \u00ab\u00a0Militante f\u00e9ministe, de l\u2019\u00e9ducation populaire et des quartiers populaires\u00a0\u00bb, elle rejoint Arnaud Deslandes \u00ab\u00a0pour continuer \u00e0 mener ces combats et porter \u00e0 ses c\u00f4t\u00e9s l\u2019inclusion, l\u2019\u00e9galit\u00e9 et le vivre ensemble\u00a0\u00bb.\u00a0<\/p>\n<p data-end=\"1748\" class=\" wall-content\">Cette annonce a provoqu\u00e9 une vague de r\u00e9actions sur les r\u00e9seaux sociaux. Amy Bah un harc\u00e8lement et une vague de d\u00e9sinformation. \u00ab\u00a0Cela ne me fera pas taire\u00a0\u00bb, pr\u00e9vient-elle.<\/p>\n<p>    <a href=\"https:\/\/www.facebook.com\/plugins\/post.php?href=https%3A%2F%2Fwww.facebook.com%2Famyy.bah%2Fposts%2Fpfbid02ujEUrh1NRLTo4PG8QE6RLMnmL2ZPAw63Vc7yYU9cS8RGz7iM4SwtomNUkCGT9ozol&amp;show_text=true&amp;width=350\" title=\"Ouvrie le lien\" target=\"_blank\" rel=\"noopener\">Cliquez ici pour visualiser le contenu<\/a><\/p>\n<p data-end=\"1854\" class=\" wall-content\">Rappelons que le Parti communiste avait d\u00e9j\u00e0 <a href=\"https:\/\/actu.fr\/hauts-de-france\/lille_59350\/municipales-2026-a-lille-les-communistes-rejoignent-la-liste-du-ps-darnaud-deslandes_63502979.html\" target=\"_blank\" rel=\"noopener\">annonc\u00e9 son ralliement \u00e0 Arnaud Deslandes<\/a>.<\/p>\n<p>Votre r\u00e9gion, votre actu !<\/p>\n<p>Recevez chaque jour les infos qui comptent pour vous.<\/p>\n<p>\t<a href=\"https:\/\/actu.fr\/newsletter\" class=\"ac-btn ac-btn--corner ac-btn--medium ac-btn--blue800\" target=\"_blank\" rel=\"noopener\">S&rsquo;incrire<\/a><br \/>\nDes alli\u00e9s de poids \u00e9galement pour St\u00e9phane Baly<\/p>\n<p data-end=\"1854\" class=\" wall-content\">Du c\u00f4t\u00e9 de St\u00e9phane Baly et des \u00c9cologistes, c\u2019est un rassemblement avec <b>L\u2019Apr\u00e8s, G\u00e9n\u00e9ration \u00c9cologie et G\u00e9n\u00e9ration\u00b7s<\/b> qui est annonc\u00e9 pour les \u00e9lections municipales de mars 2026. Trois partis repr\u00e9sent\u00e9s par les personnalit\u00e9s <a href=\"https:\/\/actu.fr\/hauts-de-france\/lille_59350\/municipales-lille-julien-poix-france-insoumise-presente-programme_31503963.html\" target=\"_blank\" rel=\"noopener\">Julien Poix<\/a> (ex-LFI), Xavier Bonnet et <a href=\"https:\/\/actu.fr\/hauts-de-france\/lille_59350\/municipales-2026-a-lille-une-nouvelle-candidate-annoncee-a-gauche_62785574.html\" target=\"_blank\" rel=\"noopener\">Faustine Balmelle-Delauzun<\/a>.<\/p>\n<p data-end=\"1854\" class=\" wall-content\">\u00ab\u00a0Ensemble, nous construisons une dynamique large et ouverte, qui continue de s\u2019enrichir de nouvelles contributions, d\u2019acteurs associatifs, d\u2019experts et d\u2019habitants mobilis\u00e9s. Ce rassemblement marque une \u00e9tape d\u00e9terminante dans notre volont\u00e9 de porter un projet de gauche ambitieux, social, \u00e9cologique et d\u00e9mocratique \u00ab\u00a0, lancent-ils dans un communiqu\u00e9 commun.<\/p>\n<p data-end=\"1854\" class=\" wall-content\">Et d\u2019ajouter qu\u2019en rassemblant leurs mouvements, ils affirment une volont\u00e9 partag\u00e9e d\u2019acc\u00e9l\u00e9rer la transition \u00e9cologique, renforcer la justice sociale, lutter contre toutes les formes de pr\u00e9carit\u00e9, faire revivre la d\u00e9mocratie locale.<\/p>\n<p data-end=\"1836\" class=\" wall-content\">\u00ab\u00a0Ce rassemblement est le fruit d\u2019un travail exigeant et constructif, nourri par des valeurs communes et par une m\u00eame convictions\u00a0\u00bb. Il donnera lieu \u00e0 une liste commune pour les \u00e9lections municipales de 2026.<\/p>\n<p data-end=\"1854\" class=\" wall-content\">\n<p data-end=\"1854\" class=\" wall-content\">Rappelons qu\u2019en plus d\u2019Arnaud Deslandes et St\u00e9phane Baly, plusieurs candidats sont d\u00e9j\u00e0 d\u00e9clar\u00e9s : Violette Spillebout (Renaissance), Louis Delemer (LR), Matthieu Valet (Rassemblement National), Lahouaria Addouche (LFI) et Damien Scali (NPA-R\u00e9volutionnaires).<\/p>\n<p class=\" wall-content\">Personnalisez votre actualit\u00e9 en ajoutant vos villes et m\u00e9dias en favori avec <a href=\"https:\/\/moncompte.actu.fr\" title=\"D\u00e9couvez Mon Actu\" rel=\"nofollow noopener\" data-trk=\"{&quot;cta&quot;:{&quot;action&quot;:&quot;https:\\\/\\\/moncompte.actu.fr&quot;,&quot;category&quot;:&quot;mon compte&quot;,&quot;from&quot;:&quot;article footer&quot;,&quot;name&quot;:&quot;Mon actu&quot;,&quot;type&quot;:&quot;cta&quot;}}\" target=\"_blank\">Mon Actu<\/a>.<\/p>\n","protected":false},"excerpt":{"rendered":"Par Nicolas Demollien Publi\u00e9 le 8 d\u00e9c. 2025 \u00e0 15h22 A quoi vont ressembler les listes des candidats&hellip;\n","protected":false},"author":2,"featured_media":586654,"comment_status":"","ping_status":"","sticky":false,"template":"","format":"standard","meta":{"footnotes":""},"categories":[2815],"tags":[1111,11,1777,674,7430,1011,27,811,1307,3434,12,4484,25,104],"class_list":{"0":"post-586653","1":"post","2":"type-post","3":"status-publish","4":"format-standard","5":"has-post-thumbnail","7":"category-lille","8":"tag-actu","9":"tag-actualites","10":"tag-eu","11":"tag-europe","12":"tag-europe-ecologie-les-verts-eelv","13":"tag-fr","14":"tag-france","15":"tag-hauts-de-france","16":"tag-lille","17":"tag-municipales-2026","18":"tag-news","19":"tag-parti-socialiste-ps","20":"tag-republique-francaise","21":"tag-societe"},"share_on_mastodon":{"url":"https:\/\/pubeurope.com\/@fr\/115684780503001032","error":""},"_links":{"self":[{"href":"https:\/\/www.europesays.com\/fr\/wp-json\/wp\/v2\/posts\/586653","targetHints":{"allow":["GET"]}}],"collection":[{"href":"https:\/\/www.europesays.com\/fr\/wp-json\/wp\/v2\/posts"}],"about":[{"href":"https:\/\/www.europesays.com\/fr\/wp-json\/wp\/v2\/types\/post"}],"author":[{"embeddable":true,"href":"https:\/\/www.europesays.com\/fr\/wp-json\/wp\/v2\/users\/2"}],"replies":[{"embeddable":true,"href":"https:\/\/www.europesays.com\/fr\/wp-json\/wp\/v2\/comments?post=586653"}],"version-history":[{"count":0,"href":"https:\/\/www.europesays.com\/fr\/wp-json\/wp\/v2\/posts\/586653\/revisions"}],"wp:featuredmedia":[{"embeddable":true,"href":"https:\/\/www.europesays.com\/fr\/wp-json\/wp\/v2\/media\/586654"}],"wp:attachment":[{"href":"https:\/\/www.europesays.com\/fr\/wp-json\/wp\/v2\/media?parent=586653"}],"wp:term":[{"taxonomy":"category","embeddable":true,"href":"https:\/\/www.europesays.com\/fr\/wp-json\/wp\/v2\/categories?post=586653"},{"taxonomy":"post_tag","embeddable":true,"href":"https:\/\/www.europesays.com\/fr\/wp-json\/wp\/v2\/tags?post=586653"}],"curies":[{"name":"wp","href":"https:\/\/api.w.org\/{rel}","templated":true}]}}