{"id":586655,"date":"2025-12-08T16:01:32","date_gmt":"2025-12-08T16:01:32","guid":{"rendered":"https:\/\/www.europesays.com\/fr\/586655\/"},"modified":"2025-12-08T16:01:32","modified_gmt":"2025-12-08T16:01:32","slug":"le-maire-arnaud-deslandes-se-rejouit-dun-engouement-sans-comparaison","status":"publish","type":"post","link":"https:\/\/www.europesays.com\/fr\/586655\/","title":{"rendered":"le maire Arnaud Deslandes se r\u00e9jouit d&rsquo;un \u00ab\u00a0engouement sans comparaison\u00a0\u00bb"},"content":{"rendered":"<p>                    Par<br \/>\n        <strong><br \/>\n            <a href=\"https:\/\/actu.fr\/auteur\/margot-nicodeme\" title=\"Consulter tous les articles de Margot Nicod\u00e8me\" target=\"_blank\" rel=\"noopener\">Margot Nicod\u00e8me<\/a><br \/>\n                    <\/strong><\/p>\n<p>        Publi\u00e9 le<\/p>\n<p>            8 d\u00e9c. 2025 \u00e0 16h49        <\/p>\n<p>Une semaine plus tard, on en entend encore parler. \u00ab\u00a0<b>18 000 places \u00e9coul\u00e9es en moins de 2h, c\u2019est fou\u2026<\/b>\u00a0\u00bb L\u2019ouverture des inscriptions au <b>Marathon de <a href=\"https:\/\/actu.fr\/hauts-de-france\/lille_59350\/\" target=\"_blank\" rel=\"noopener\">Lille<\/a><\/b> a laiss\u00e9 des coureurs sur la touche, quand d\u2019autres sont parvenus \u00e0 se frayer un chemin dans la file d\u2019attente virtuelle, qui a <a href=\"https:\/\/actu.fr\/hauts-de-france\/lille_59350\/apres-31-ans-dabsence-retour-tonitruant-du-marathon-de-lille-les-coureurs-sinscrivent-par-milliers_63515740.html\" target=\"_blank\" rel=\"noopener\">d\u00e9pass\u00e9 les 20 000 personnes par moments<\/a>. Interrog\u00e9 sur ce raz-de-mar\u00e9e,<b> le maire <a href=\"https:\/\/actu.fr\/hauts-de-france\/lille_59350\/municipales-2026-a-lille-arnaud-deslandes-et-stephane-baly-annoncent-de-nouvelles-alliances_63546131.html\" target=\"_blank\" rel=\"noopener\">Arnaud Deslandes<\/a> <\/b>qualifie ce retour tonitruant d&rsquo;\u00a0\u00bb<b>excellente nouvelle pour les Lillois, les coureurs de la r\u00e9gion et m\u00eame bien au-del\u00e0<\/b>, en Europe, \u00e0 l\u2019international\u00a0\u00bb.<\/p>\n<p>\u00ab\u00a0On a du plat, un d\u00e9cor d\u2019exception avec beaucoup de vari\u00e9t\u00e9 architecturale\u00a0\u00bb<\/p>\n<p class=\" wall-content\">L\u2019absence de l\u2019\u00e9preuve, longue de trois d\u00e9cennies, n\u2019est \u00e9videmment pas \u00e9trang\u00e8re \u00e0 ce succ\u00e8s, qui a pris tout le monde de court. Courir le premier marathon lillois du XXIe si\u00e8cle, c\u2019est d\u00e9j\u00e0 faire un peu partie de l\u2019Histoire. \u00ab\u00a0On savait bien s\u00fbr qu\u2019un \u00e9v\u00e9nement populaire comme celui-l\u00e0 aurait du succ\u00e8s dans une grande ville sportive comme la n\u00f4tre, dit le maire, mais l\u00e0, l\u2019<b>engouement est sans comparaison <\/b><b>avec ce qu\u2019on a l\u2019habitude de voir<\/b> pour les courses de fond accueillies chaque ann\u00e9e.\u00a0\u00bb\u00a0<\/p>\n<p class=\" wall-content\">Un autre ingr\u00e9dient de la recette gagnante, c\u2019est<b> le cadre<\/b>. Si le parcours d\u00e9finitif n\u2019est pas connu en ce d\u00e9but du mois de d\u00e9cembre 2025, soit 10 mois avant l\u2019\u00e9ch\u00e9ance, la simple promesse de (re)d\u00e9couvrir Lille pendant l\u2019effort a suffi.\u00a0<\/p>\n<blockquote class=\"ac-article-quote wall-content\">\n<p>Les sportifs nous disent appr\u00e9cier le cadre lillois parce qu\u2019on a du plat, un d\u00e9cor d\u2019exception avec beaucoup de vari\u00e9t\u00e9 architecturale et des zones bois\u00e9es comme la Citadelle.<\/p>\n<p>Arnaud Deslandes, maire de Lille.<\/p><\/blockquote>\n<p class=\" wall-content\">Enfin, les courses lilloises sont connues pour attirer l\u2019\u00e9lite de la discipline. Professionnels et amateurs plus qu\u2019aguerris y ont vu une opportunit\u00e9 de se frotter \u00e0 une concurrence sans piti\u00e9, et ainsi de se surpasser.<\/p>\n<p class=\" wall-content\">L\u2019\u00e9dile esp\u00e8re voir s\u2019\u00e9tablir \u00e0 cette occasion de nouveaux records, avec des temps en de\u00e7\u00e0 des 2h13 et 8 secondes (record d\u2019un Autrichien sur le Marathon de Lille de 1988) chez les hommes, et de 2h33 et 58 secondes (record d\u2019une Fran\u00e7aise en 1986) chez les femmes.<\/p>\n<p>Votre r\u00e9gion, votre actu !<\/p>\n<p>Recevez chaque jour les infos qui comptent pour vous.<\/p>\n<p>\t<a href=\"https:\/\/actu.fr\/newsletter\" class=\"ac-btn ac-btn--corner ac-btn--medium ac-btn--blue800\" target=\"_blank\" rel=\"noopener\">S&rsquo;incrire<\/a><\/p>\n<p class=\" wall-content\">\u00ab\u00a0<b>On esp\u00e8re tous assister \u00e0 un grand moment de sport<\/b>. Si cet engouement spectaculaire se confirme dans les prochaines ann\u00e9es, Lille pourrait bien devenir bient\u00f4t leader en France de ce type d\u2019\u00e9v\u00e9nements. C\u2019est en tout cas ce que l\u2019on souhaite\u00a0\u00bb, conclut Arnaud Deslandes. La prise de temp\u00e9rature se fera le jour J, le dimanche 25 octobre 2026.<\/p>\n<p class=\" wall-content\">Personnalisez votre actualit\u00e9 en ajoutant vos villes et m\u00e9dias en favori avec <a href=\"https:\/\/moncompte.actu.fr\" title=\"D\u00e9couvez Mon Actu\" rel=\"nofollow noopener\" data-trk=\"{&quot;cta&quot;:{&quot;action&quot;:&quot;https:\\\/\\\/moncompte.actu.fr&quot;,&quot;category&quot;:&quot;mon compte&quot;,&quot;from&quot;:&quot;article footer&quot;,&quot;name&quot;:&quot;Mon actu&quot;,&quot;type&quot;:&quot;cta&quot;}}\" target=\"_blank\">Mon Actu<\/a>.<\/p>\n","protected":false},"excerpt":{"rendered":"Par Margot Nicod\u00e8me Publi\u00e9 le 8 d\u00e9c. 2025 \u00e0 16h49 Une semaine plus tard, on en entend encore&hellip;\n","protected":false},"author":2,"featured_media":586656,"comment_status":"","ping_status":"","sticky":false,"template":"","format":"standard","meta":{"footnotes":""},"categories":[2815],"tags":[1111,11,1777,674,3696,1011,27,811,1307,12,25,517],"class_list":{"0":"post-586655","1":"post","2":"type-post","3":"status-publish","4":"format-standard","5":"has-post-thumbnail","7":"category-lille","8":"tag-actu","9":"tag-actualites","10":"tag-eu","11":"tag-europe","12":"tag-evenements","13":"tag-fr","14":"tag-france","15":"tag-hauts-de-france","16":"tag-lille","17":"tag-news","18":"tag-republique-francaise","19":"tag-sport"},"share_on_mastodon":{"url":"https:\/\/pubeurope.com\/@fr\/115684788355158542","error":""},"_links":{"self":[{"href":"https:\/\/www.europesays.com\/fr\/wp-json\/wp\/v2\/posts\/586655","targetHints":{"allow":["GET"]}}],"collection":[{"href":"https:\/\/www.europesays.com\/fr\/wp-json\/wp\/v2\/posts"}],"about":[{"href":"https:\/\/www.europesays.com\/fr\/wp-json\/wp\/v2\/types\/post"}],"author":[{"embeddable":true,"href":"https:\/\/www.europesays.com\/fr\/wp-json\/wp\/v2\/users\/2"}],"replies":[{"embeddable":true,"href":"https:\/\/www.europesays.com\/fr\/wp-json\/wp\/v2\/comments?post=586655"}],"version-history":[{"count":0,"href":"https:\/\/www.europesays.com\/fr\/wp-json\/wp\/v2\/posts\/586655\/revisions"}],"wp:featuredmedia":[{"embeddable":true,"href":"https:\/\/www.europesays.com\/fr\/wp-json\/wp\/v2\/media\/586656"}],"wp:attachment":[{"href":"https:\/\/www.europesays.com\/fr\/wp-json\/wp\/v2\/media?parent=586655"}],"wp:term":[{"taxonomy":"category","embeddable":true,"href":"https:\/\/www.europesays.com\/fr\/wp-json\/wp\/v2\/categories?post=586655"},{"taxonomy":"post_tag","embeddable":true,"href":"https:\/\/www.europesays.com\/fr\/wp-json\/wp\/v2\/tags?post=586655"}],"curies":[{"name":"wp","href":"https:\/\/api.w.org\/{rel}","templated":true}]}}