{"id":586659,"date":"2025-12-08T16:04:15","date_gmt":"2025-12-08T16:04:15","guid":{"rendered":"https:\/\/www.europesays.com\/fr\/586659\/"},"modified":"2025-12-08T16:04:15","modified_gmt":"2025-12-08T16:04:15","slug":"invitee-au-velodrome-linfluenceuse-mexicaine-mercedes-roa-agressee-en-plein-centre-ville","status":"publish","type":"post","link":"https:\/\/www.europesays.com\/fr\/586659\/","title":{"rendered":"invit\u00e9e au V\u00e9lodrome, l\u2019influenceuse mexicaine Mercedes Roa agress\u00e9e en plein centre-ville"},"content":{"rendered":"<p>\n    Apr\u00e8s avoir assist\u00e9 \u00e0 un match de l\u00e9gendes auquel participait Zin\u00e9dine Zidane, l\u2019influenceuse a \u00e9t\u00e9 l\u00e9g\u00e8rement bless\u00e9e au cours d\u2019une rixe impliquant plusieurs agresseurs et ses proches ce lundi matin. Trois individus ont \u00e9t\u00e9 interpell\u00e9s dans la foul\u00e9e.<\/p>\n<p class=\"fig-paragraph\">C\u2019est une agression qui marquera assur\u00e9ment les esprits de Mercedes Roa. L\u2019<a href=\"http:\/\/www.lefigaro.fr\/international\/il-y-a-un-type-louche-dans-la-cage-d-escalier-une-influenceuse-autrichienne-retrouvee-morte-et-enterree-dans-une-valise-20251202\" data-fig-type=\"NewsFlash\" data-gtm-custom-categorie=\"navigation\" data-gtm-custom-action=\"crossclick\" data-gtm-custom-label=\"Contextuel\" data-gtm-event=\"customEventSPE\" data-fig-domain=\"LEFIGARO\" target=\"_blank\" rel=\"noopener\">influenceuse<\/a>\u00a0mexicaine \u00e2g\u00e9e d\u2019une vingtaine d\u2019ann\u00e9es, qui cumule pr\u00e8s de 12 millions d\u2019abonn\u00e9s sur\u00a0<a href=\"https:\/\/www.instagram.com\/mercedes_roa\/\" target=\"_blank\" rel=\"sponsored noopener\" data-gtm-custom-categorie=\"navigation\" data-gtm-custom-action=\"crossclick\" data-gtm-custom-label=\"Contextuel\" data-gtm-event=\"customEventSPE\">Tik Tok<\/a>, a \u00e9t\u00e9 victime d\u2019une agression en plein centre-ville de Marseille ce lundi matin. L\u00e9g\u00e8rement bless\u00e9e, la jeune femme a \u00e9t\u00e9 prise en charge par les marins-pompiers.<\/p>\n<p class=\"fig-paragraph\">Celle qui joue \u00e9galement au football avait fait le d\u00e9placement dans la cit\u00e9 phoc\u00e9enne pour assister \u00e0 l\u2019<a href=\"http:\/\/www.lefigaro.fr\/sports\/football\/football-zinedine-zidane-enflamme-marseille-20251208\" data-fig-type=\"NewsFlash\" data-gtm-custom-categorie=\"navigation\" data-gtm-custom-action=\"crossclick\" data-gtm-custom-label=\"Contextuel\" data-gtm-event=\"customEventSPE\" data-fig-domain=\"LEFIGARO\" target=\"_blank\" rel=\"noopener\">Universe League<\/a>\u00a0au stade V\u00e9lodrome, dimanche soir. L\u2019\u00e9v\u00e8nement r\u00e9unissait d\u2019anciens joueurs internationaux comme Zin\u00e9dine Zidane, Franck Rib\u00e9ry ou Gerard Piqu\u00e9 le temps d\u2019un \u00abmatch des l\u00e9gendes\u00bb. \u00c0 l\u2019issue de la rencontre, Mercedes Roa et plusieurs de ses proches se sont r\u00e9unis dans le quartier de l\u2019Op\u00e9ra pour terminer leur soir\u00e9e. C\u2019est l\u00e0 que l\u2019un d\u2019entre eux a \u00e9t\u00e9 agress\u00e9 par un groupe de jeunes individus vers 6 heures du matin, selon une source polici\u00e8re qui confirme une information de\u00a0<a href=\"https:\/\/www.laprovence.com\/article\/faits-divers-justice\/25514987040753\/la-footballeuse-et-influenceuse-mexicaine-mercedes-roa-victime-dune-violente-agression-a-marseille\" target=\"_blank\" rel=\"sponsored noopener\" data-gtm-custom-categorie=\"navigation\" data-gtm-custom-action=\"crossclick\" data-gtm-custom-label=\"Contextuel\" data-gtm-event=\"customEventSPE\">La Provence<\/a> .<\/p>\n<p>                                            <a class=\"fig-a11y-skip\" href=\"#fig-a11y-skip-main-inarticle\" data-module=\"a11y-skip\" data-context=\"was @visible\"><br \/>\n    Passer la publicit\u00e9<br \/>\n<\/a>            <\/p>\n<p>                                            Soutien du maire de Marseille<\/p>\n<p class=\"fig-paragraph\">L\u2019influenceuse se serait alors interpos\u00e9e pour tenter de sauver son ami, pris \u00e0 partie par au moins quatre agresseurs dans des circonstances qui restent encore \u00e0 \u00e9claircir. Le jeune homme de 18 ans et la joueuse de football ont \u00e9t\u00e9 l\u00e9g\u00e8rement bless\u00e9s au cours de cette rixe, qui a d\u00e9clench\u00e9 l\u2019intervention de la police municipale saisie par le\u00a0<a href=\"http:\/\/www.lefigaro.fr\/marseille\/marseille-sept-policiers-municipaux-suspendus-apres-les-revelations-sur-le-centre-de-supervision-urbain-20240604\" data-fig-type=\"NewsFlash\" data-gtm-custom-categorie=\"navigation\" data-gtm-custom-action=\"crossclick\" data-gtm-custom-label=\"Contextuel\" data-gtm-event=\"customEventSPE\" data-fig-domain=\"LEFIGARO\" target=\"_blank\" rel=\"noopener\">centre de supervision urbain<\/a>\u00a0(CSU). Accul\u00e9s, les agresseurs ont rapidement pris la fuite, mais trois d\u2019entre eux ont \u00e9t\u00e9 interpell\u00e9s dans la foul\u00e9e.<\/p>\n<p class=\"fig-paragraph\">Mercedes Roa et son ami ont \u00e9t\u00e9 pris en charge par un v\u00e9hicule de secours et d\u2019assistance aux victimes (VASV) des marins-pompiers. Les agresseurs pr\u00e9sum\u00e9s sont d\u00e9sormais mis en cause pour des faits de \u00abviolences aggrav\u00e9es\u00bb. Plusieurs plaintes, dont une de l\u2019influenceuse, ont \u00e9t\u00e9 enregistr\u00e9es par les services de police nationale saisis du dossier. \u00abJ\u2019adresse tout mon soutien \u00e0 Mercedes Roa et ses amis, victimes de cette agression inadmissible. Merci \u00e0 nos policiers municipaux pour l\u2019interpellation rapide des agresseurs, justice doit \u00eatre faite dans les plus brefs d\u00e9lais\u00bb, a r\u00e9agi le maire de Marseille,\u00a0<a href=\"http:\/\/www.lefigaro.fr\/marseille\/meurtre-du-frere-d-amine-kessaci-benoit-payan-reclame-une-prefecture-de-police-de-plein-exercice-a-marseille-20251119\" data-fig-type=\"NewsFlash\" data-gtm-custom-categorie=\"navigation\" data-gtm-custom-action=\"crossclick\" data-gtm-custom-label=\"Contextuel\" data-gtm-event=\"customEventSPE\" data-fig-domain=\"LEFIGARO\" target=\"_blank\" rel=\"noopener\">Beno\u00eet Payan<\/a>\u00a0(DVG).<\/p>\n<p>                            <script async src=\"\/\/www.instagram.com\/embed.js\"><\/script><\/p>\n","protected":false},"excerpt":{"rendered":"Apr\u00e8s avoir assist\u00e9 \u00e0 un match de l\u00e9gendes auquel participait Zin\u00e9dine Zidane, l\u2019influenceuse a \u00e9t\u00e9 l\u00e9g\u00e8rement bless\u00e9e au&hellip;\n","protected":false},"author":2,"featured_media":586660,"comment_status":"","ping_status":"","sticky":false,"template":"","format":"standard","meta":{"footnotes":""},"categories":[2814],"tags":[1111,11,1120,1777,674,1011,27,2480,884,12,882,25],"class_list":{"0":"post-586659","1":"post","2":"type-post","3":"status-publish","4":"format-standard","5":"has-post-thumbnail","7":"category-marseille","8":"tag-actu","9":"tag-actualites","10":"tag-agression","11":"tag-eu","12":"tag-europe","13":"tag-fr","14":"tag-france","15":"tag-influenceurs","16":"tag-marseille","17":"tag-news","18":"tag-provence-alpes-cote-dazur","19":"tag-republique-francaise"},"share_on_mastodon":{"url":"https:\/\/pubeurope.com\/@fr\/115684800276374816","error":""},"_links":{"self":[{"href":"https:\/\/www.europesays.com\/fr\/wp-json\/wp\/v2\/posts\/586659","targetHints":{"allow":["GET"]}}],"collection":[{"href":"https:\/\/www.europesays.com\/fr\/wp-json\/wp\/v2\/posts"}],"about":[{"href":"https:\/\/www.europesays.com\/fr\/wp-json\/wp\/v2\/types\/post"}],"author":[{"embeddable":true,"href":"https:\/\/www.europesays.com\/fr\/wp-json\/wp\/v2\/users\/2"}],"replies":[{"embeddable":true,"href":"https:\/\/www.europesays.com\/fr\/wp-json\/wp\/v2\/comments?post=586659"}],"version-history":[{"count":0,"href":"https:\/\/www.europesays.com\/fr\/wp-json\/wp\/v2\/posts\/586659\/revisions"}],"wp:featuredmedia":[{"embeddable":true,"href":"https:\/\/www.europesays.com\/fr\/wp-json\/wp\/v2\/media\/586660"}],"wp:attachment":[{"href":"https:\/\/www.europesays.com\/fr\/wp-json\/wp\/v2\/media?parent=586659"}],"wp:term":[{"taxonomy":"category","embeddable":true,"href":"https:\/\/www.europesays.com\/fr\/wp-json\/wp\/v2\/categories?post=586659"},{"taxonomy":"post_tag","embeddable":true,"href":"https:\/\/www.europesays.com\/fr\/wp-json\/wp\/v2\/tags?post=586659"}],"curies":[{"name":"wp","href":"https:\/\/api.w.org\/{rel}","templated":true}]}}