{"id":586663,"date":"2025-12-08T16:06:21","date_gmt":"2025-12-08T16:06:21","guid":{"rendered":"https:\/\/www.europesays.com\/fr\/586663\/"},"modified":"2025-12-08T16:06:21","modified_gmt":"2025-12-08T16:06:21","slug":"la-marche-funebre-du-syndicat-sud-des-sapeurs-pompiers-est-annulee","status":"publish","type":"post","link":"https:\/\/www.europesays.com\/fr\/586663\/","title":{"rendered":"la marche fun\u00e8bre du syndicat Sud des sapeurs-pompiers est annul\u00e9e"},"content":{"rendered":"<p>400 policiers s\u2019\u00e9taient livr\u00e9s \u00e0 une d\u00e9monstration de force l\u2019an dernier, pour le 8-d\u00e9cembre. Leurs revendications principalement li\u00e9es aux effectifs, aux conditions de travail et \u00e0 la r\u00e9mun\u00e9ration, \u00e9taient d\u00e9j\u00e0 d\u2019actualit\u00e9.<\/p>\n<p>Cette ann\u00e9e, apr\u00e8s un pr\u00e9avis d\u00e9pos\u00e9 et malgr\u00e9 l\u2019interdiction de manifester dans le p\u00e9rim\u00e8tre de s\u00e9curit\u00e9 prise par la pr\u00e9fecture, le bras de fer a dur\u00e9 jusqu\u2019au bout.<\/p>\n<p>&gt;&gt; <a href=\"https:\/\/www.leprogres.fr\/social\/2025\/12\/06\/les-pompiers-interdits-de-manifester-le-8-decembre-en-presqu-ile-et-a-fourviere\" target=\"_blank\" rel=\"noopener\">Les sapeurs-pompiers interdits de manifester le 8-d\u00e9cembre en presqu\u2019\u00eele et \u00e0 Fourvi\u00e8re<\/a><\/p>\n<p>&gt;&gt; <a href=\"https:\/\/www.leprogres.fr\/social\/2025\/11\/18\/pourquoi-les-pompiers-veulent-perturber-la-fete-des-lumieres-sans-reponse-on-n-a-pas-le-choix\" target=\"_blank\" rel=\"noopener\">Pourquoi les pompiers veulent perturber la F\u00eate des Lumi\u00e8res<\/a><\/p>\n<p>Le soutien apport\u00e9 par <a href=\"https:\/\/www.leprogres.fr\/social\/2025\/12\/08\/fete-des-lumieres-nathalie-perrin-gilbert-candidate-a-la-mairie-de-lyon-apporte-son-soutien-aux-pompiers-prives-de-manifestation-ce-8-decembre\" target=\"_blank\" rel=\"noopener\">Nathalie Perrin-Gilbert<\/a> , ancienne maire du 1er \u00a0arrondissement, candidate aux Municipales, a constitu\u00e9 le dernier \u00e9pisode du feuilleton qui a vu ces derniers jours, trois syndicats du SDMIS, dont Autonome, tomber d\u2019accord avec leur direction, notamment sur le montant d\u2019une prime.<\/p>\n<p>Restait Sud qui ne voulait pas c\u00e9der. \u00ab\u00a0Nous restons mobilis\u00e9s pour trouver d\u2019autres actions et faire entendre votre voix face \u00e0 une prime discount de 300\u00a0euros\u00a0\u00bb, a comment\u00e9 le syndicat lundi apr\u00e8s-midi.<\/p>\n","protected":false},"excerpt":{"rendered":"400 policiers s\u2019\u00e9taient livr\u00e9s \u00e0 une d\u00e9monstration de force l\u2019an dernier, pour le 8-d\u00e9cembre. Leurs revendications principalement li\u00e9es&hellip;\n","protected":false},"author":2,"featured_media":586664,"comment_status":"","ping_status":"","sticky":false,"template":"","format":"standard","meta":{"footnotes":""},"categories":[1889],"tags":[1111,11,2430,9671,2757,1777,674,1011,27,2428,2756,12,25,2429,801],"class_list":{"0":"post-586663","1":"post","2":"type-post","3":"status-publish","4":"format-standard","5":"has-post-thumbnail","7":"category-lyon","8":"tag-actu","9":"tag-actualites","10":"tag-auvergne-rhone-alpes","11":"tag-conflit-social","12":"tag-edition-lyon-villeurbanne","13":"tag-eu","14":"tag-europe","15":"tag-fr","16":"tag-france","17":"tag-lyon","18":"tag-lyon-bassin","19":"tag-news","20":"tag-republique-francaise","21":"tag-rhone","22":"tag-social"},"share_on_mastodon":{"url":"https:\/\/pubeurope.com\/@fr\/115684808021250766","error":""},"_links":{"self":[{"href":"https:\/\/www.europesays.com\/fr\/wp-json\/wp\/v2\/posts\/586663","targetHints":{"allow":["GET"]}}],"collection":[{"href":"https:\/\/www.europesays.com\/fr\/wp-json\/wp\/v2\/posts"}],"about":[{"href":"https:\/\/www.europesays.com\/fr\/wp-json\/wp\/v2\/types\/post"}],"author":[{"embeddable":true,"href":"https:\/\/www.europesays.com\/fr\/wp-json\/wp\/v2\/users\/2"}],"replies":[{"embeddable":true,"href":"https:\/\/www.europesays.com\/fr\/wp-json\/wp\/v2\/comments?post=586663"}],"version-history":[{"count":0,"href":"https:\/\/www.europesays.com\/fr\/wp-json\/wp\/v2\/posts\/586663\/revisions"}],"wp:featuredmedia":[{"embeddable":true,"href":"https:\/\/www.europesays.com\/fr\/wp-json\/wp\/v2\/media\/586664"}],"wp:attachment":[{"href":"https:\/\/www.europesays.com\/fr\/wp-json\/wp\/v2\/media?parent=586663"}],"wp:term":[{"taxonomy":"category","embeddable":true,"href":"https:\/\/www.europesays.com\/fr\/wp-json\/wp\/v2\/categories?post=586663"},{"taxonomy":"post_tag","embeddable":true,"href":"https:\/\/www.europesays.com\/fr\/wp-json\/wp\/v2\/tags?post=586663"}],"curies":[{"name":"wp","href":"https:\/\/api.w.org\/{rel}","templated":true}]}}