{"id":586667,"date":"2025-12-08T16:09:20","date_gmt":"2025-12-08T16:09:20","guid":{"rendered":"https:\/\/www.europesays.com\/fr\/586667\/"},"modified":"2025-12-08T16:09:20","modified_gmt":"2025-12-08T16:09:20","slug":"suppression-du-roissybus-comment-se-rendre-a-roissy-charles-de-gaulle-en-2026","status":"publish","type":"post","link":"https:\/\/www.europesays.com\/fr\/586667\/","title":{"rendered":"Suppression du RoissyBus: comment se rendre \u00e0 Roissy-Charles-de-Gaulle en 2026 ?"},"content":{"rendered":"<p>L&rsquo;arr\u00eat de la ligne RoissyBus interviendra le 1er mars, \u00e9tant jug\u00e9e trop lente et peu fiable en raison des bouchons de circulation r\u00e9guliers sur l&rsquo;autoroute A1 qui p\u00e9nalisent les voyageurs devant prendre un avion, a indiqu\u00e9 \u00e0 l&rsquo;AFP Xavier Gu\u00e9pet, directeur de la communication de l&rsquo;autorit\u00e9 organisatrice des transports d&rsquo;Ile de France, Ile-de-France-Mobilit\u00e9s (IDFM), confirmant une information parue sur le site Actu Paris et le Figaro.<\/p>\n<p>Pour \u00e9viter les al\u00e9as de circulation \u00e0 l&rsquo;entr\u00e9e et \u00e0 la sortie de Paris, les passagers partant du centre de la capitale emprunteront \u00e0 la place la ligne de m\u00e9tro automatique 14, jusqu&rsquo;\u00e0 la station <a href=\"https:\/\/www.geo.fr\/histoire\/moyen-age-nos-jours-histoire-place-jean-jaures-saint-denis-sublimement-revelee-par-des-fouilles-archeologiques-215138\" target=\"_blank\" rel=\"noopener\">Saint-Denis<\/a>-Pleyel, d&rsquo;o\u00f9 un autre bus direct sera mis en place pour l&rsquo;a\u00e9roport, \u00ab\u00a0ce qui permettra d&rsquo;am\u00e9liorer la ponctualit\u00e9 et la fiabilit\u00e9\u00a0\u00bb a-t-il affirm\u00e9.<\/p>\n<p>Selon IDFM, la nouvelle ligne devrait permettre de r\u00e9duire le temps global de trajet vers l&rsquo;a\u00e9roport de 10 \u00e0 30 minutes: il devrait \u00eatre de 50 minutes \u00e0 une heure 10, au lieu d&rsquo;une heure \u00e0 une heure 20 en moyenne avec le RoissyBus.<\/p>\n<p>Changement de routine pour les voyageurs parisiens<\/p>\n<p>Reste que, hormis l&rsquo;actuel RER, et en attendant la mise en service du futur CDG Express, le RoissyBus \u00e9tait pour les habitants de Paris la seule ligne de transport en commun partant de l&rsquo;hyper-centre de Paris, au pied de l&rsquo;op\u00e9ra Garnier, et se rendant directement \u00e0 l&rsquo;un des principaux a\u00e9roports d&rsquo;Europe.<\/p>\n<p>Le CDG Express en construction doit relier la gare de l&rsquo;Est \u00e0 <a href=\"https:\/\/www.geo.fr\/environnement\/le-museum-national-d-histoire-naturelle-de-paris-met-a-l-honneur-les-lumieres-invisibles-de-la-nature-pour-la-fin-d-annee-229414\" target=\"_blank\" rel=\"noopener\">Paris<\/a> \u00e0 l&rsquo;a\u00e9roport en vingt minutes, avec un passage tous les quarts d&rsquo;heure de 05H00 du matin \u00e0 minuit. Sa mise en service est pr\u00e9vue le 28 mars 2027, selon son site internet, soit un an apr\u00e8s la suppression du RoissyBus.<\/p>\n<p>En attendant, le nouveau bus qui partira de Saint-Denis-Pleyel, portera le nom de ligne 9517. Initialement reli\u00e9 \u00e0 la ligne 14, \u00e0 la ligne 13 du m\u00e9tro et au RER D, il sera aussi \u00e0 terme reli\u00e9 aux futures lignes de m\u00e9tro franciliennes du Grand Paris Express, 15, 16 et 17, donnant ainsi aux voyageurs de la grande couronne un acc\u00e8s \u00e0 l&rsquo;a\u00e9roport.<\/p>\n<p>Il sera op\u00e9r\u00e9 par Transdev, et non plus par la <a href=\"https:\/\/www.geo.fr\/environnement\/lassociation-respire-attaque-la-ratp-en-justice-204148\" target=\"_blank\" rel=\"noopener\">RATP<\/a>, dans le cadre du processus d&rsquo;ouverture \u00e0 la concurrence des transports en commun en cours.<\/p>\n","protected":false},"excerpt":{"rendered":"L&rsquo;arr\u00eat de la ligne RoissyBus interviendra le 1er mars, \u00e9tant jug\u00e9e trop lente et peu fiable en raison&hellip;\n","protected":false},"author":2,"featured_media":586668,"comment_status":"","ping_status":"","sticky":false,"template":"","format":"standard","meta":{"footnotes":""},"categories":[1888],"tags":[1111,1928,11,1927,1777,674,1011,27,418,12,1926,626,1925,6820,25,2803,4824],"class_list":{"0":"post-586667","1":"post","2":"type-post","3":"status-publish","4":"format-standard","5":"has-post-thumbnail","7":"category-paris","8":"tag-actu","9":"tag-actu-paris","10":"tag-actualites","11":"tag-actualites-paris","12":"tag-eu","13":"tag-europe","14":"tag-fr","15":"tag-france","16":"tag-gouvernement","17":"tag-news","18":"tag-news-paris","19":"tag-paris","20":"tag-paris-news","21":"tag-rail","22":"tag-republique-francaise","23":"tag-transport","24":"tag-ville"},"share_on_mastodon":{"url":"https:\/\/pubeurope.com\/@fr\/115684819840140384","error":""},"_links":{"self":[{"href":"https:\/\/www.europesays.com\/fr\/wp-json\/wp\/v2\/posts\/586667","targetHints":{"allow":["GET"]}}],"collection":[{"href":"https:\/\/www.europesays.com\/fr\/wp-json\/wp\/v2\/posts"}],"about":[{"href":"https:\/\/www.europesays.com\/fr\/wp-json\/wp\/v2\/types\/post"}],"author":[{"embeddable":true,"href":"https:\/\/www.europesays.com\/fr\/wp-json\/wp\/v2\/users\/2"}],"replies":[{"embeddable":true,"href":"https:\/\/www.europesays.com\/fr\/wp-json\/wp\/v2\/comments?post=586667"}],"version-history":[{"count":0,"href":"https:\/\/www.europesays.com\/fr\/wp-json\/wp\/v2\/posts\/586667\/revisions"}],"wp:featuredmedia":[{"embeddable":true,"href":"https:\/\/www.europesays.com\/fr\/wp-json\/wp\/v2\/media\/586668"}],"wp:attachment":[{"href":"https:\/\/www.europesays.com\/fr\/wp-json\/wp\/v2\/media?parent=586667"}],"wp:term":[{"taxonomy":"category","embeddable":true,"href":"https:\/\/www.europesays.com\/fr\/wp-json\/wp\/v2\/categories?post=586667"},{"taxonomy":"post_tag","embeddable":true,"href":"https:\/\/www.europesays.com\/fr\/wp-json\/wp\/v2\/tags?post=586667"}],"curies":[{"name":"wp","href":"https:\/\/api.w.org\/{rel}","templated":true}]}}