{"id":586681,"date":"2025-12-08T16:16:20","date_gmt":"2025-12-08T16:16:20","guid":{"rendered":"https:\/\/www.europesays.com\/fr\/586681\/"},"modified":"2025-12-08T16:16:20","modified_gmt":"2025-12-08T16:16:20","slug":"les-britanniques-reduisent-les-couts-de-noel-en-achetant-plus-tot-et-en-privilegiant-les-repas-a-domicile-selon-aldi","status":"publish","type":"post","link":"https:\/\/www.europesays.com\/fr\/586681\/","title":{"rendered":"Les Britanniques r\u00e9duisent les co\u00fbts de No\u00ebl en achetant plus t\u00f4t et en privil\u00e9giant les repas \u00e0 domicile, selon Aldi"},"content":{"rendered":"<p>Face \u00e0 la pression sur leur pouvoir d&rsquo;achat, les consommateurs britanniques \u00e9talent les d\u00e9penses li\u00e9es \u00e0 No\u00ebl en anticipant leurs achats et en troquant les repas festifs au restaurant contre des d\u00eeners \u00e0 la maison, a d\u00e9clar\u00e9 lundi le directeur g\u00e9n\u00e9ral de la filiale britannique du discounter allemand Aldi.<\/p>\n<p>La confiance des consommateurs au Royaume-Uni demeure fragile apr\u00e8s le budget gouvernemental ax\u00e9 sur la hausse des imp\u00f4ts le mois dernier. Avec la poursuite de la hausse des factures des m\u00e9nages, leurs d\u00e9penses continuent de ralentir.<\/p>\n<p>\u00ab En ce qui concerne les tendances que nous observons chez nos clients, en particulier durant la p\u00e9riode des f\u00eates, il ne fait aucun doute que les consommateurs r\u00e9partissent leurs d\u00e9penses \u00bb, a indiqu\u00e9 Giles Hurley, directeur g\u00e9n\u00e9ral d&rsquo;Aldi UK, lors d&rsquo;un entretien avec Reuters.<\/p>\n<p>Il pr\u00e9cise que le distributeur, quatri\u00e8me acteur du march\u00e9 britannique derri\u00e8re Tesco, Sainsbury&rsquo;s et Asda, a d\u00e9j\u00e0 vendu davantage de produits saisonniers \u00e0 ce stade de l&rsquo;ann\u00e9e par rapport \u00e0 l&rsquo;an pass\u00e9.<\/p>\n<p>\u00ab Les d\u00e9penses discr\u00e9tionnaires, notamment pour les produits non alimentaires, sont touch\u00e9es et je pense que le secteur de l&rsquo;h\u00f4tellerie-restauration traverse \u00e9galement une p\u00e9riode difficile, les clients pr\u00e9f\u00e9rant c\u00e9l\u00e9brer chez eux \u00bb, a-t-il ajout\u00e9.<\/p>\n<p>Aldi UK, propri\u00e9t\u00e9 d&rsquo;Aldi Sud (Allemagne), ainsi que son concurrent Lidl GB, ont connu une croissance rapide au cours des vingt derni\u00e8res ann\u00e9es, bouleversant le paysage de la grande distribution britannique et contraignant les enseignes traditionnelles \u00e0 rivaliser plus agressivement sur les prix et la qualit\u00e9 de service.<\/p>\n<p>Malgr\u00e9 un contexte macro\u00e9conomique difficile, Giles Hurley affirme qu&rsquo;Aldi s&rsquo;attend \u00e0 vivre \u00ab le plus grand No\u00ebl de son histoire \u00bb, un ph\u00e9nom\u00e8ne qui s&rsquo;explique en partie par l&rsquo;ouverture de nouveaux magasins et l&rsquo;inflation. L&rsquo;enseigne pr\u00e9voit de vendre environ 49\u00a0millions de mince pies, 46\u00a0millions de \u00ab pigs in blankets \u00bb et suffisamment de prosecco pour remplir 17\u00a0millions de verres.<\/p>\n<p>Reprenant des propos r\u00e9cents tenus par Tesco et Sainsbury&rsquo;s, il souligne que la concurrence est particuli\u00e8rement f\u00e9roce.<\/p>\n<p>\u00ab Le fait que nous proposions des fruits et l\u00e9gumes \u00e0 8\u00a0pence pendant la semaine de No\u00ebl, et que vous puissiez acheter notre champagne Nicolas de Montbart pour 9,99\u00a0livres sterling montre bien \u00e0 quel point la concurrence est rude \u00bb, a-t-il d\u00e9clar\u00e9, ajoutant qu&rsquo;Aldi vendait \u00e9galement un d\u00eener de dinde et ses accompagnements pour huit personnes \u00e0 12\u00a0livres sterling (15,98\u00a0$US).<\/p>\n<p>Avec une part de march\u00e9 actuelle de 10,6\u00a0% dans l&rsquo;alimentation au Royaume-Uni, Aldi vise la troisi\u00e8me place d\u00e9tenue par Asda, qui d\u00e9tient 11,6\u00a0% et traverse des difficult\u00e9s.<\/p>\n<p>Aldi cl\u00f4turera l&rsquo;ann\u00e9e avec 1\u00a0081 magasins. L&rsquo;enseigne pr\u00e9voit d&rsquo;en ouvrir 80 suppl\u00e9mentaires au cours des deux prochaines ann\u00e9es et s&rsquo;est fix\u00e9 un objectif \u00e0 long terme de 1\u00a0500 points de vente.<\/p>\n<p>(1\u00a0$US = 0,7511\u00a0livre sterling)<br \/>(R\u00e9daction\u00a0: James Davey\u00a0; \u00c9dition\u00a0: Susan Fenton)<\/p>\n","protected":false},"excerpt":{"rendered":"Face \u00e0 la pression sur leur pouvoir d&rsquo;achat, les consommateurs britanniques \u00e9talent les d\u00e9penses li\u00e9es \u00e0 No\u00ebl en&hellip;\n","protected":false},"author":2,"featured_media":586682,"comment_status":"","ping_status":"","sticky":false,"template":"","format":"standard","meta":{"footnotes":""},"categories":[1588],"tags":[11,340,1777,674,12,473,1853,1851,1850,1852],"class_list":{"0":"post-586681","1":"post","2":"type-post","3":"status-publish","4":"format-standard","5":"has-post-thumbnail","7":"category-royaume-uni","8":"tag-actualites","9":"tag-bourse","10":"tag-eu","11":"tag-europe","12":"tag-news","13":"tag-royaume-uni","14":"tag-royaume-uni-de-grande-bretagne-et-dirlande-du-nord","15":"tag-uk","16":"tag-united-kingdom","17":"tag-united-kingdom-of-great-britain-and-northern-ireland"},"share_on_mastodon":{"url":"https:\/\/pubeurope.com\/@fr\/115684847327180050","error":""},"_links":{"self":[{"href":"https:\/\/www.europesays.com\/fr\/wp-json\/wp\/v2\/posts\/586681","targetHints":{"allow":["GET"]}}],"collection":[{"href":"https:\/\/www.europesays.com\/fr\/wp-json\/wp\/v2\/posts"}],"about":[{"href":"https:\/\/www.europesays.com\/fr\/wp-json\/wp\/v2\/types\/post"}],"author":[{"embeddable":true,"href":"https:\/\/www.europesays.com\/fr\/wp-json\/wp\/v2\/users\/2"}],"replies":[{"embeddable":true,"href":"https:\/\/www.europesays.com\/fr\/wp-json\/wp\/v2\/comments?post=586681"}],"version-history":[{"count":0,"href":"https:\/\/www.europesays.com\/fr\/wp-json\/wp\/v2\/posts\/586681\/revisions"}],"wp:featuredmedia":[{"embeddable":true,"href":"https:\/\/www.europesays.com\/fr\/wp-json\/wp\/v2\/media\/586682"}],"wp:attachment":[{"href":"https:\/\/www.europesays.com\/fr\/wp-json\/wp\/v2\/media?parent=586681"}],"wp:term":[{"taxonomy":"category","embeddable":true,"href":"https:\/\/www.europesays.com\/fr\/wp-json\/wp\/v2\/categories?post=586681"},{"taxonomy":"post_tag","embeddable":true,"href":"https:\/\/www.europesays.com\/fr\/wp-json\/wp\/v2\/tags?post=586681"}],"curies":[{"name":"wp","href":"https:\/\/api.w.org\/{rel}","templated":true}]}}