{"id":586683,"date":"2025-12-08T16:18:18","date_gmt":"2025-12-08T16:18:18","guid":{"rendered":"https:\/\/www.europesays.com\/fr\/586683\/"},"modified":"2025-12-08T16:18:18","modified_gmt":"2025-12-08T16:18:18","slug":"des-matches-amicaux-contre-lallemagne-et-la-norvege-en-mars","status":"publish","type":"post","link":"https:\/\/www.europesays.com\/fr\/586683\/","title":{"rendered":"Des matches amicaux contre l&rsquo;Allemagne et la Norv\u00e8ge en mars"},"content":{"rendered":"<p>L&rsquo;\u00e9quipe de Suisse commencera son ann\u00e9e 2026 avec deux matches amicaux au mois de mars. Elle affrontera l&rsquo;Allemagne \u00e0 B\u00e2le et la Norv\u00e8ge \u00e0 Oslo en guise de pr\u00e9paration \u00e0 la Coupe du monde en Am\u00e9rique du Nord.<\/p>\n<p>L&rsquo;\u00e9quipe de Murat Yakin va se frotter \u00e0 deux redoutables adversaires deux mois et demi avant le grand \u00e9v\u00e8nement. De quoi permettre d&rsquo;\u00e9valuer un peu mieux le niveau des Helv\u00e8tes par rapport aux autres participants au Mondial.<\/p>\n<p>La Suisse d\u00e9fiera d&rsquo;abord l&rsquo;Allemagne au Parc Saint-Jacques le vendredi 27 mars. Les deux \u00e9quipes ne se sont plus rencontr\u00e9es depuis la phase de groupes de l&rsquo;Euro 2024, lors de laquelle elles s&rsquo;\u00e9taient quitt\u00e9es sur un match nul 1-1 \u00e0 Francfort.<\/p>\n<p>Une premi\u00e8re depuis 2013<\/p>\n<p>Elle se d\u00e9placera ensuite \u00e0 Oslo le mardi 31 mars pour y d\u00e9fier la Norv\u00e8ge, une nation qui a fortement impressionn\u00e9 lors des qualifications. La derni\u00e8re rencontre face aux Scandinaves remonte au 10 septembre 2013, lors des \u00e9liminatoires de la Coupe du monde 2014. La Suisse s&rsquo;\u00e9tait impos\u00e9e 2-0 dans la capitale norv\u00e9gienne gr\u00e2ce \u00e0 un doubl\u00e9 de Fabian Sch\u00e4r.<\/p>\n<p>Pour rappel, les Helv\u00e8tes affronteront le Canada, le Qatar et un barragiste europ\u00e9en (Italie, Pays de Galles, Irlande du Nord ou Bosnie-Herz\u00e9govine) \u00e0 la Coupe du monde.<\/p>\n<p class=\"sources\">ats\/btro<\/p>\n","protected":false},"excerpt":{"rendered":"L&rsquo;\u00e9quipe de Suisse commencera son ann\u00e9e 2026 avec deux matches amicaux au mois de mars. Elle affrontera l&rsquo;Allemagne&hellip;\n","protected":false},"author":2,"featured_media":586684,"comment_status":"","ping_status":"","sticky":false,"template":"","format":"standard","meta":{"footnotes":""},"categories":[1587],"tags":[11,672,1804,24277,1805,1803,69979,1777,674,63,1801,40715,12,673,1802,517],"class_list":{"0":"post-586683","1":"post","2":"type-post","3":"status-publish","4":"format-standard","5":"has-post-thumbnail","7":"category-allemagne","8":"tag-actualites","9":"tag-allemagne","10":"tag-bundesrepublik-deutschland","11":"tag-coupe-du-monde-de-football","12":"tag-de","13":"tag-deutschland","14":"tag-equipe-suisse-masculine-de-football","15":"tag-eu","16":"tag-europe","17":"tag-football","18":"tag-germany","19":"tag-match-amical","20":"tag-news","21":"tag-norvege","22":"tag-republique-federale-dallemagne","23":"tag-sport"},"share_on_mastodon":{"url":"https:\/\/pubeurope.com\/@fr\/115684855461702792","error":""},"_links":{"self":[{"href":"https:\/\/www.europesays.com\/fr\/wp-json\/wp\/v2\/posts\/586683","targetHints":{"allow":["GET"]}}],"collection":[{"href":"https:\/\/www.europesays.com\/fr\/wp-json\/wp\/v2\/posts"}],"about":[{"href":"https:\/\/www.europesays.com\/fr\/wp-json\/wp\/v2\/types\/post"}],"author":[{"embeddable":true,"href":"https:\/\/www.europesays.com\/fr\/wp-json\/wp\/v2\/users\/2"}],"replies":[{"embeddable":true,"href":"https:\/\/www.europesays.com\/fr\/wp-json\/wp\/v2\/comments?post=586683"}],"version-history":[{"count":0,"href":"https:\/\/www.europesays.com\/fr\/wp-json\/wp\/v2\/posts\/586683\/revisions"}],"wp:featuredmedia":[{"embeddable":true,"href":"https:\/\/www.europesays.com\/fr\/wp-json\/wp\/v2\/media\/586684"}],"wp:attachment":[{"href":"https:\/\/www.europesays.com\/fr\/wp-json\/wp\/v2\/media?parent=586683"}],"wp:term":[{"taxonomy":"category","embeddable":true,"href":"https:\/\/www.europesays.com\/fr\/wp-json\/wp\/v2\/categories?post=586683"},{"taxonomy":"post_tag","embeddable":true,"href":"https:\/\/www.europesays.com\/fr\/wp-json\/wp\/v2\/tags?post=586683"}],"curies":[{"name":"wp","href":"https:\/\/api.w.org\/{rel}","templated":true}]}}