{"id":586687,"date":"2025-12-08T16:20:20","date_gmt":"2025-12-08T16:20:20","guid":{"rendered":"https:\/\/www.europesays.com\/fr\/586687\/"},"modified":"2025-12-08T16:20:20","modified_gmt":"2025-12-08T16:20:20","slug":"mars-obtient-le-feu-vert-de-lunion-europeenne-pour-racheter-kellanova-pringles-special-k-miel-pops","status":"publish","type":"post","link":"https:\/\/www.europesays.com\/fr\/586687\/","title":{"rendered":"Mars obtient le feu vert de l&rsquo;Union europ\u00e9enne pour racheter Kellanova (Pringles, Special K, Miel Pops)"},"content":{"rendered":"<p class=\"article-p mdl\">Cette transaction de 31 milliards d&rsquo;euros avait suscit\u00e9 l&rsquo;int\u00e9r\u00eat de la Commission europ\u00e9enne durant l&rsquo;\u00e9t\u00e9 2025. Le 8 d\u00e9cembre, l&rsquo;Union europ\u00e9enne a annonc\u00e9 autoriser le rachat de Kellanova, une entreprise qui d\u00e9tient notamment Pringles et certaines Kellogg&rsquo;s, par Mars.\u00a0<\/p>\n<p class=\"article-p mdl\">La\u00a0<a class=\"link\" href=\"https:\/\/www.rtl.fr\/sujet\/commission-europeenne\" target=\"_blank\" rel=\"noopener\">Commission europ\u00e9enne<\/a>, qui avait ouvert cet \u00e9t\u00e9 une enqu\u00eate approfondie sur cet accord \u00e0 36 milliards de dollars, r\u00e9v\u00e9l\u00e9 en ao\u00fbt 2024, dit avoir conclu qu&rsquo;elle n&rsquo;entra\u00eenerait pas de probl\u00e8mes de concurrence en Europe. Bruxelles avait justifi\u00e9 son int\u00e9r\u00eat en disant s&rsquo;inqui\u00e9ter du risque que l&rsquo;op\u00e9ration ne provoque des hausses de prix pour les consommateurs, en augmentant le pouvoir de pression de\u00a0<a class=\"link\" href=\"https:\/\/www.rtl.fr\/actu\/international\/deux-employes-du-confiseur-mars-secourus-apres-etre-tombes-dans-une-cuve-de-chocolat-7900162775\" target=\"_blank\" rel=\"noopener\">Mars\u00a0<\/a>lors des n\u00e9gociations tarifaires avec les distributeurs.<\/p>\n<p class=\"article-p mdl\">La Commission a finalement estim\u00e9 que \u00ab\u00a0les produits de Kellanova qui vont s&rsquo;ajouter au portefeuille de marques de Mars ne vont pas renforcer son pouvoir de n\u00e9gociation\u00a0\u00bb. Outre sa barre chocolat\u00e9e de grande renomm\u00e9e,\u00a0Mars produit aussi les Twix,\u00a0Snickers, les bonbons au chocolat M&amp;Ms\u00a0mais \u00e9galement les aliments pour animaux Whiskas et\u00a0<a class=\"link\" href=\"https:\/\/www.rtl.fr\/actu\/economie-consommation\/le-secteur-des-animaux-domestique-represente-presque-autant-que-celui-du-livre-souligne-lenglet-7900028395\" target=\"_blank\" rel=\"noopener\">Royal Canin.<\/a><\/p>\n<p>            L&rsquo;entreprise Kellanova est issue de la scission de Kellogg<\/p>\n<p class=\"article-p mdl\">L&rsquo;acquisition de Kellanova va lui permettre de se d\u00e9velopper dans les snacks sal\u00e9s. Cette entreprise est issue de la scission en 2023 de l&rsquo;ex-groupe am\u00e9ricain\u00a0<a class=\"link\" href=\"https:\/\/www.rtl.fr\/actu\/economie-consommation\/comment-le-docteur-kellogg-a-invente-les-corn-flakes-7900393983\" target=\"_blank\" rel=\"noopener\">Kellogg\u00a0<\/a>en deux soci\u00e9t\u00e9s distinctes.<\/p>\n<p class=\"article-p mdl\">D&rsquo;un c\u00f4t\u00e9, WK Kellogg a conserv\u00e9 les activit\u00e9s de\u00a0<a class=\"link\" href=\"https:\/\/www.google.com\/search?q=c%C3%A9r%C3%A9ales+pour+petit-d%C3%A9jeuner+rtl&amp;rlz=1C1GCEB_enFR1169FR1169&amp;oq=c%C3%A9r%C3%A9ales+pour+petit-d%C3%A9jeuner+rtl&amp;gs_lcrp=EgZjaHJvbWUyBggAEEUYOTIICAEQABgWGB4yCAgCEAAYFhgeMggIAxAAGBYYHjIICAQQABgWGB4yCAgFEAAYFhgeMgoIBhAAGIAEGKIEMgcIBxAAGO8FMgoICBAAGIAEGKIE0gEHOTMyajBqNKgCALACAA&amp;sourceid=chrome&amp;ie=UTF-8\" target=\"_blank\" rel=\"noopener\">c\u00e9r\u00e9ales pour petit-d\u00e9jeuner<\/a>\u00a0en Am\u00e9rique du Nord, comme Kellogg&rsquo;s Corn Flakes, Froot Loops, Rice Krispies, All-Bran. Cet \u00e9t\u00e9, le groupe italien<a class=\"link\" href=\"https:\/\/www.rtl.fr\/actu\/economie-consommation\/ferrero-en-passe-de-racheter-le-fabricant-du-carambar-7900523357\" target=\"_blank\" rel=\"noopener\">\u00a0Ferrero\u00a0<\/a>a annonc\u00e9 vouloir racheter WK Kellogg\u00a0pour 3,1 milliards de dollars.\u00a0<\/p>\n<p class=\"article-p mdl\">De l&rsquo;autre, Kellanova a h\u00e9rit\u00e9 des marques de c\u00e9r\u00e9ales \u00e0 l&rsquo;international, et des gammes d&rsquo;encas sal\u00e9s et sucr\u00e9s, dont les chips Pringles, les biscuits Cheez-It et les Pop-Tarts. Il a \u00e9galement conserv\u00e9\u00a0<a class=\"link\" href=\"https:\/\/www.kellanova.com\/us\/en\/our-food.html\" target=\"_blank\" rel=\"noopener\">certaines c\u00e9r\u00e9ales populaires du petit-d\u00e9jeuner, hors Am\u00e9rique du Nord<\/a>, comme Special K, Tr\u00e9sor, Miel Pops ou Cocopops.<\/p>\n<p>    La r\u00e9daction vous recommande<\/p>\n<p class=\"s-newsletter__title\">\n                L\u2019actualit\u00e9 par la r\u00e9daction de RTL dans votre bo\u00eete mail.\n            <\/p>\n<p class=\"s-newsletter__subtitle\">\n                Gr\u00e2ce \u00e0 votre compte RTL abonnez-vous \u00e0 la newsletter RTL info pour suivre toute l&rsquo;actualit\u00e9 au quotidien\n            <\/p>\n<p>\n                                    Lire la suite\n                                <\/p>\n","protected":false},"excerpt":{"rendered":"Cette transaction de 31 milliards d&rsquo;euros avait suscit\u00e9 l&rsquo;int\u00e9r\u00eat de la Commission europ\u00e9enne durant l&rsquo;\u00e9t\u00e9 2025. Le 8&hellip;\n","protected":false},"author":2,"featured_media":586688,"comment_status":"","ping_status":"","sticky":false,"template":"","format":"standard","meta":{"footnotes":""},"categories":[1586],"tags":[11,258,73,1777,674,1779,107,1011,27,918,12,25,1778,364],"class_list":{"0":"post-586687","1":"post","2":"type-post","3":"status-publish","4":"format-standard","5":"has-post-thumbnail","7":"category-europe","8":"tag-actualites","9":"tag-alimentation","10":"tag-etats-unis","11":"tag-eu","12":"tag-europe","13":"tag-european-union","14":"tag-fil-info","15":"tag-fr","16":"tag-france","17":"tag-mars","18":"tag-news","19":"tag-republique-francaise","20":"tag-ue","21":"tag-union-europeenne"},"share_on_mastodon":{"url":"https:\/\/pubeurope.com\/@fr\/115684863237428877","error":""},"_links":{"self":[{"href":"https:\/\/www.europesays.com\/fr\/wp-json\/wp\/v2\/posts\/586687","targetHints":{"allow":["GET"]}}],"collection":[{"href":"https:\/\/www.europesays.com\/fr\/wp-json\/wp\/v2\/posts"}],"about":[{"href":"https:\/\/www.europesays.com\/fr\/wp-json\/wp\/v2\/types\/post"}],"author":[{"embeddable":true,"href":"https:\/\/www.europesays.com\/fr\/wp-json\/wp\/v2\/users\/2"}],"replies":[{"embeddable":true,"href":"https:\/\/www.europesays.com\/fr\/wp-json\/wp\/v2\/comments?post=586687"}],"version-history":[{"count":0,"href":"https:\/\/www.europesays.com\/fr\/wp-json\/wp\/v2\/posts\/586687\/revisions"}],"wp:featuredmedia":[{"embeddable":true,"href":"https:\/\/www.europesays.com\/fr\/wp-json\/wp\/v2\/media\/586688"}],"wp:attachment":[{"href":"https:\/\/www.europesays.com\/fr\/wp-json\/wp\/v2\/media?parent=586687"}],"wp:term":[{"taxonomy":"category","embeddable":true,"href":"https:\/\/www.europesays.com\/fr\/wp-json\/wp\/v2\/categories?post=586687"},{"taxonomy":"post_tag","embeddable":true,"href":"https:\/\/www.europesays.com\/fr\/wp-json\/wp\/v2\/tags?post=586687"}],"curies":[{"name":"wp","href":"https:\/\/api.w.org\/{rel}","templated":true}]}}