{"id":586693,"date":"2025-12-08T16:23:15","date_gmt":"2025-12-08T16:23:15","guid":{"rendered":"https:\/\/www.europesays.com\/fr\/586693\/"},"modified":"2025-12-08T16:23:15","modified_gmt":"2025-12-08T16:23:15","slug":"en-france-le-marche-de-la-cocaine-depasse-celui-du-cannabis-pour-la-premiere-fois-liberation","status":"publish","type":"post","link":"https:\/\/www.europesays.com\/fr\/586693\/","title":{"rendered":"en France, le march\u00e9 de la coca\u00efne d\u00e9passe celui du cannabis pour la premi\u00e8re fois \u2013 Lib\u00e9ration"},"content":{"rendered":"<p class=\"sc-cPiKLX AiZTS text-element\">Le chiffre d\u2019affaires du march\u00e9 des drogues illicites a tripl\u00e9 en France depuis 2010, atteignant aujourd\u2019hui 6,8 milliards d\u2019euros. Un compteur qui s\u2019affole et un renversement historique : la coca\u00efne a d\u00e9pass\u00e9 le cannabis en mati\u00e8re de trafic et de diffusion, selon une \u00e9tude relay\u00e9e par l\u2019Observatoire fran\u00e7ais des drogues et des tendances addictives (OFDT) et financ\u00e9e par la Mission interminist\u00e9rielle de lutte contre les drogues et les conduites addictives (Mildeca), parue ce lundi 8 d\u00e9cembre.<\/p>\n<p class=\"sc-cPiKLX AiZTS text-element\">Sophie Massin, professeure d\u2019\u00e9conomie \u00e0 l\u2019universit\u00e9 de Lille, a co\u00e9crit le rapport avec son confr\u00e8re Christian Ben Lakhdar. Elle r\u00e9sume pour Lib\u00e9ration les principaux enseignements de l\u2019\u00e9tude.<\/p>\n<p class=\"sc-cPiKLX AiZTS text-element\"><b>Pourquoi \u00e9tudier le march\u00e9 des drogues en France ?<\/b><\/p>\n<p class=\"sc-cPiKLX AiZTS text-element\">Cela permet d\u2019objectiver un ph\u00e9nom\u00e8ne qui est d\u00e9crit de plein de fa\u00e7ons diff\u00e9rentes depuis plusieurs ann\u00e9es en France, avec cette diffusion de la coca\u00efne dont on parle depuis longtemps. Ce que notre travail vient ajouter aux \u00e9tudes sur la pr\u00e9valence, ce sont deux donn\u00e9es suppl\u00e9mentaires : le volume et la valeur. On voit vraiment la puissance financi\u00e8re des r\u00e9seaux qui ressort de \u00e7a.<\/p>\n<p class=\"sc-cPiKLX AiZTS text-element\"><b>Vous vous \u00eates appuy\u00e9s sur une m\u00e9thodologie \u00abbottoms up\u00bb, \u00abremont\u00e9es de terrain\u00bb en fran\u00e7ais. Comment avez-vous proc\u00e9d\u00e9 pour r\u00e9colter ces donn\u00e9es ?<\/b><\/p>\n<p class=\"sc-cPiKLX AiZTS text-element\">On a travaill\u00e9 \u00e0 partir d\u2019enqu\u00eates \u00e9pid\u00e9miologiques, sur des publics adultes et plus jeunes, bas\u00e9es sur leur propre d\u00e9claration de consommation. On estime le pourcentage de gens qui consomment chaque type <\/p>\n","protected":false},"excerpt":{"rendered":"Le chiffre d\u2019affaires du march\u00e9 des drogues illicites a tripl\u00e9 en France depuis 2010, atteignant aujourd\u2019hui 6,8 milliards&hellip;\n","protected":false},"author":2,"featured_media":586694,"comment_status":"","ping_status":"","sticky":false,"template":"","format":"standard","meta":{"footnotes":""},"categories":[4],"tags":[11,3992,1011,27,8721,12,25],"class_list":{"0":"post-586693","1":"post","2":"type-post","3":"status-publish","4":"format-standard","5":"has-post-thumbnail","7":"category-france","8":"tag-actualites","9":"tag-drogues","10":"tag-fr","11":"tag-france","12":"tag-narcotrafic","13":"tag-news","14":"tag-republique-francaise"},"share_on_mastodon":{"url":"https:\/\/pubeurope.com\/@fr\/115684875014818289","error":""},"_links":{"self":[{"href":"https:\/\/www.europesays.com\/fr\/wp-json\/wp\/v2\/posts\/586693","targetHints":{"allow":["GET"]}}],"collection":[{"href":"https:\/\/www.europesays.com\/fr\/wp-json\/wp\/v2\/posts"}],"about":[{"href":"https:\/\/www.europesays.com\/fr\/wp-json\/wp\/v2\/types\/post"}],"author":[{"embeddable":true,"href":"https:\/\/www.europesays.com\/fr\/wp-json\/wp\/v2\/users\/2"}],"replies":[{"embeddable":true,"href":"https:\/\/www.europesays.com\/fr\/wp-json\/wp\/v2\/comments?post=586693"}],"version-history":[{"count":0,"href":"https:\/\/www.europesays.com\/fr\/wp-json\/wp\/v2\/posts\/586693\/revisions"}],"wp:featuredmedia":[{"embeddable":true,"href":"https:\/\/www.europesays.com\/fr\/wp-json\/wp\/v2\/media\/586694"}],"wp:attachment":[{"href":"https:\/\/www.europesays.com\/fr\/wp-json\/wp\/v2\/media?parent=586693"}],"wp:term":[{"taxonomy":"category","embeddable":true,"href":"https:\/\/www.europesays.com\/fr\/wp-json\/wp\/v2\/categories?post=586693"},{"taxonomy":"post_tag","embeddable":true,"href":"https:\/\/www.europesays.com\/fr\/wp-json\/wp\/v2\/tags?post=586693"}],"curies":[{"name":"wp","href":"https:\/\/api.w.org\/{rel}","templated":true}]}}