{"id":586695,"date":"2025-12-08T16:24:18","date_gmt":"2025-12-08T16:24:18","guid":{"rendered":"https:\/\/www.europesays.com\/fr\/586695\/"},"modified":"2025-12-08T16:24:18","modified_gmt":"2025-12-08T16:24:18","slug":"la-derniere-etape-de-qualification-aux-lpga-reduite-a-72-trous-lequipe","status":"publish","type":"post","link":"https:\/\/www.europesays.com\/fr\/586695\/","title":{"rendered":"La derni\u00e8re \u00e9tape de qualification aux LPGA r\u00e9duite \u00e0 72 trous &#8211; L&#039;\u00c9quipe"},"content":{"rendered":"<ol>\n<li><a href=\"https:\/\/news.google.com\/rss\/articles\/CBMirgFBVV95cUxPRC01c3FnVTIzMUJjenhYeHNwejhNRHhhNUV0QnRaNjQ3RFRQNThIbHhwRTBaWDFkQVBXWGlIOWJaN3lWSWgybnZnczB6QlBpdnJpaWFCNjZzNmNiWWVnYnNEZTlJLUFRYmVIbjNIWGE1ekdQdlZ2XzRWZFI3X3RtMkJuSzJMUWdIbWZSOURlQ2NaZTBsNTlpQ2k0NkZoRVpSUU5zSVZuQi1fUTdEdkE?oc=5\" target=\"_blank\" rel=\"noopener\">La derni\u00e8re \u00e9tape de qualification aux LPGA r\u00e9duite \u00e0 72 trous<\/a>&nbsp;&nbsp;L&rsquo;\u00c9quipe<\/li>\n<li><a href=\"https:\/\/news.google.com\/rss\/articles\/CBMikgFBVV95cUxNeUxKemc4Q3FISXVyWG1BOGNOY1JKcHRHNW15eTZEcEtYaWJKdlBHZkE4RWtkdFAwUGRkYWx1SjRNMFliT2g5M2IybFNSbnFYTTJobGZiSE5NWkhYTnZIcnhtdU9FdnltdXgzelVoLUtGTV92anRCVHc0Znk2T3N3WmRBblB1UkltZlNTMUxDdnFxdw?oc=5\" target=\"_blank\" rel=\"noopener\">La finale des Cartes du LPGA Tour r\u00e9duite \u00e0 72 trous sans cut<\/a>&nbsp;&nbsp;Golf Plan\u00e8te<\/li>\n<li><a href=\"https:\/\/news.google.com\/rss\/articles\/CBMigwFBVV95cUxNTmJfMVZPWHNmMUJoODFPVjZXbE93R215eFFnVEZ1MW54T1cwVlhLUU5wN1VMMEY4RDlsNDlFcUFpbGRRQVNWVzZlMENMT3hhWEhTZmRaNm8yVVhVZXJ3Ri1KMmY1Q1JaMm10QTNFZ3d0b1gtcFBYajkxYTVCa0VSNUxhSQ?oc=5\" target=\"_blank\" rel=\"noopener\">Nadaud dans la course de son r\u00eave<\/a>&nbsp;&nbsp;Le Dauphin\u00e9 Lib\u00e9r\u00e9<\/li>\n<li><a href=\"https:\/\/news.google.com\/rss\/articles\/CBMirgFBVV95cUxOZHJuZ25kZXE1NWtuNERSU25FQlJ3YS0yc2lnbGdzZG9YN2FKVk5FNG1xeEl4TS1fUWdzVUhiV0J0MDJ0YW1PbFVvY1BxMHlVV210eGdqeHBQMFFZa3hmVV9iR1RoSWVLYXpGcnpTeEFMNV83dTVyMEFtRDM0cHY5M2tWRVdsVUFpRmowcjRubGxrT1U4VnA3Mi1HWFhZTEZDY2NwMHZJY2dQekF3WFE?oc=5\" target=\"_blank\" rel=\"noopener\">La derni\u00e8re \u00e9tape des qualifications pour le LPGA Tour d\u00e9cal\u00e9e<\/a>&nbsp;&nbsp;L&rsquo;\u00c9quipe<\/li>\n<li><a href=\"https:\/\/news.google.com\/rss\/articles\/CBMiqgFBVV95cUxNbmxMRTl2NUJqQ1RWRTBKSWNDaERmOGxrVHh0LUtpQnNWZTlxeWlnNXFnNnBaelFBV2pueHVpWGd6TnhzbW9ueDJucXNnb2h2bDR6N01PR2xPWlJuOTJ6UjYwajhXYk1EWDVCbmY2U0ZIZjRsT3g2MWQwanRmV0p5WUJuTUdyVWhrdGFOdG1RZFExOTl1YkF4VVNWREFXRUsyTFlZSXVjckQ3dw?oc=5\" target=\"_blank\" rel=\"noopener\">Swing : Nadaud prend son envol &#8211; Golf<\/a>&nbsp;&nbsp;Sports &#8211; Orange<\/li>\n<\/ol>\n","protected":false},"excerpt":{"rendered":"La derni\u00e8re \u00e9tape de qualification aux LPGA r\u00e9duite \u00e0 72 trous&nbsp;&nbsp;L&rsquo;\u00c9quipe La finale des Cartes du LPGA Tour&hellip;\n","protected":false},"author":2,"featured_media":586696,"comment_status":"","ping_status":"","sticky":false,"template":"","format":"standard","meta":{"footnotes":""},"categories":[1418],"tags":[1011,27,1472,60],"class_list":{"0":"post-586695","1":"post","2":"type-post","3":"status-publish","4":"format-standard","5":"has-post-thumbnail","7":"category-golf","8":"tag-fr","9":"tag-france","10":"tag-golf","11":"tag-sports"},"share_on_mastodon":{"url":"https:\/\/pubeurope.com\/@fr\/115684878835609448","error":""},"_links":{"self":[{"href":"https:\/\/www.europesays.com\/fr\/wp-json\/wp\/v2\/posts\/586695","targetHints":{"allow":["GET"]}}],"collection":[{"href":"https:\/\/www.europesays.com\/fr\/wp-json\/wp\/v2\/posts"}],"about":[{"href":"https:\/\/www.europesays.com\/fr\/wp-json\/wp\/v2\/types\/post"}],"author":[{"embeddable":true,"href":"https:\/\/www.europesays.com\/fr\/wp-json\/wp\/v2\/users\/2"}],"replies":[{"embeddable":true,"href":"https:\/\/www.europesays.com\/fr\/wp-json\/wp\/v2\/comments?post=586695"}],"version-history":[{"count":0,"href":"https:\/\/www.europesays.com\/fr\/wp-json\/wp\/v2\/posts\/586695\/revisions"}],"wp:featuredmedia":[{"embeddable":true,"href":"https:\/\/www.europesays.com\/fr\/wp-json\/wp\/v2\/media\/586696"}],"wp:attachment":[{"href":"https:\/\/www.europesays.com\/fr\/wp-json\/wp\/v2\/media?parent=586695"}],"wp:term":[{"taxonomy":"category","embeddable":true,"href":"https:\/\/www.europesays.com\/fr\/wp-json\/wp\/v2\/categories?post=586695"},{"taxonomy":"post_tag","embeddable":true,"href":"https:\/\/www.europesays.com\/fr\/wp-json\/wp\/v2\/tags?post=586695"}],"curies":[{"name":"wp","href":"https:\/\/api.w.org\/{rel}","templated":true}]}}