{"id":586706,"date":"2025-12-08T16:33:22","date_gmt":"2025-12-08T16:33:22","guid":{"rendered":"https:\/\/www.europesays.com\/fr\/586706\/"},"modified":"2025-12-08T16:33:22","modified_gmt":"2025-12-08T16:33:22","slug":"la-princesse-ingrid-alexandra-est-de-retour-dans-son-pays-pour-une-peche-aux-harengs-avec-le-prince-heritier-haakon","status":"publish","type":"post","link":"https:\/\/www.europesays.com\/fr\/586706\/","title":{"rendered":"La princesse Ingrid Alexandra est de retour dans son pays pour une p\u00eache aux harengs avec le prince h\u00e9ritier Haakon"},"content":{"rendered":"<p>La princesse Ingrid Alexandra de Norv\u00e8ge est de retour dans son pays pour f\u00eater la fin de l\u2019ann\u00e9e avec sa famille. Ce 8 d\u00e9cembre, la future reine de Norv\u00e8ge a m\u00eame particip\u00e9 \u00e0 un engagement officiel, en prenant part \u00e0 une p\u00eache aux harengs avec son p\u00e8re, le prince h\u00e9ritier Haakon.<\/p>\n<p><strong>Lire aussi : <a href=\"https:\/\/histoiresroyales.fr\/princesse-ingrid-alexandra-tres-elegante-vivienne-westwood-diner-gala-emmanuel-macron\/\" target=\"_blank\" rel=\"noopener\">La princesse Ingrid Alexandra tr\u00e8s \u00e9l\u00e9gante en Vivienne Westwood pour son d\u00eener de gala avec Emmanuel Macron<\/a><\/strong><\/p>\n<p>La princesse Ingrid Alexandra part en exp\u00e9dition avec son p\u00e8re d\u00e8s son retour en Norv\u00e8ge<\/p>\n<p>La <a href=\"https:\/\/histoiresroyales.fr\/famille-royale-norvegienne\/ingrid-alexandra-de-norvege\/\" target=\"_blank\" rel=\"noopener\">princesse Ingrid Alexandra de Norv\u00e8ge<\/a>, 21 ans, a termin\u00e9 sa premi\u00e8re session d\u2019examens en Australie. La jeune femme a int\u00e9gr\u00e9 l\u2019universit\u00e9 de Sydney au d\u00e9but de l\u2019ann\u00e9e acad\u00e9mique pour y \u00e9tudier les sciences sociales avec\u00a0une sp\u00e9cialisation en \u00e9conomie politique et relations internationales. Avant d\u2019entamer son prochain trimestre, la princesse Ingrid Alexandra a quelques semaines de libre devant elle, de quoi lui permettre de f\u00eater No\u00ebl et la fin de l\u2019ann\u00e9e en famille.<\/p>\n<p><img fetchpriority=\"high\" decoding=\"async\" width=\"1300\" height=\"867\" src=\"https:\/\/www.europesays.com\/fr\/wp-content\/uploads\/2025\/12\/princesse-ingrid-alexandra-peche-harengs.jpg\" alt=\"\" class=\"wp-image-231090 lazyload\" data-  \/>Le prince h\u00e9ritier Haakon et la princesse Ingrid Alexandra r\u00e9unis devant le navire de recherche baptis\u00e9 au nom de la princesse (Photo : Heiko Junge \/ NTB \/ POOL\/Scanpix Norway\/ABACPARESS.COM)<\/p>\n<p><img loading=\"lazy\" decoding=\"async\" width=\"1157\" height=\"1400\" src=\"https:\/\/www.europesays.com\/fr\/wp-content\/uploads\/2025\/12\/Vestfold-carte-horten-1157x1400.jpg\" alt=\"\" class=\"wp-image-231089 lazyload\" data-  \/>La princesse Ingrid Alexandra s\u2019est rendue \u00e0 Horten, dans le comt\u00e9 de Vestfold, avec son p\u00e8re (Image : Histoires Royales)<\/p>\n<p>Ce 8 d\u00e9cembre 2025, la princesse Ingrid Alexandra a rejoint son p\u00e8re, le prince h\u00e9ritier Haakon, 52 ans, \u00e0 bord du navire de recherche c\u00f4ti\u00e8re qui porte son nom. Le navire Princesse Ingrid Alexandra \u00e9tait amarr\u00e9 \u00e0 Horten, dans le comt\u00e9 du Vestfold. Ce navire appartient \u00e0 l\u2019Institut de recherche marine qui l\u2019utilise pour effectuer des \u00e9tudes sur les esp\u00e8ces marines.<\/p>\n<p><img loading=\"lazy\" decoding=\"async\" width=\"1400\" height=\"933\" src=\"https:\/\/www.europesays.com\/fr\/wp-content\/uploads\/2025\/12\/futur-roi-de-norvege-expedition-sprats.jpg\" alt=\"\" class=\"wp-image-231091 lazyload\" data-  \/>Le futur roi de Norv\u00e8ge et son h\u00e9riti\u00e8re sont pr\u00eats \u00e0 embarquer \u00e0 bord du navire de recherche Princesse Ingrid Alexandra (Photo : Heiko Junge \/ NTB \/ POOL\/Scanpix Norway\/ABACPARESS.COM)<\/p>\n<p><strong>Lire aussi : <a href=\"https:\/\/histoiresroyales.fr\/princesse-ingrid-alexandra-partage-nouvelle-vie-sydney\/\" target=\"_blank\" rel=\"noopener\">La princesse Ingrid Alexandra partage les premiers instants de sa nouvelle vie \u00e0 Sydney<\/a><\/strong><\/p>\n<p>Pour son premier engagement en Norv\u00e8ge depuis son retour, Ingrid Alexandra part en exp\u00e9diton sur un navire qui porte son nom<\/p>\n<p>La princesse Ingrid Alexandra et le prince h\u00e9ritier Haakon ont particip\u00e9 \u00e0 une exp\u00e9dition de p\u00eache aux sprats. Les sprats, parfois appel\u00e9s esprots en fran\u00e7ais ou harenguets, sont des petits poissons qui se situent entre le hareng et la sardine. Tr\u00e8s populaires en Norv\u00e8ge, ils sont consomm\u00e9s fum\u00e9s, marin\u00e9s dans l\u2019huile ou grill\u00e9s. Outre son int\u00e9r\u00eat comme aliment pris\u00e9 par les humains, le sprat joue un r\u00f4le important dans l\u2019\u00e9cosyst\u00e8me marin des fjords. Il sert notamment de nourriture \u00e0 la morue, une esp\u00e8ce menac\u00e9e qui y vit.<\/p>\n<p><img loading=\"lazy\" decoding=\"async\" width=\"1400\" height=\"933\" src=\"https:\/\/www.europesays.com\/fr\/wp-content\/uploads\/2025\/12\/navire-recherche-ingrid-alexandra-sprats.jpg\" alt=\"\" class=\"wp-image-231092 lazyload\" data-  \/>\u00c0 bord du navire de recherche, le fils et la petite-fille du roi Harald V re\u00e7oivent des explications sur l\u2019\u00e9cosyst\u00e8me des fjords et sur l\u2019importance des sprats (Photo : Heiko Junge \/ NTB \/ POOL\/Scanpix Norway\/ABACPARESS.COM)<\/p>\n<p><strong>Lire aussi : <a href=\"https:\/\/histoiresroyales.fr\/princesse-ingrid-alexandra-devoile-vie-sydney-plein-printemps-austral-seance-photo\/\" target=\"_blank\" rel=\"noopener\">La princesse Ingrid Alexandra d\u00e9voile sa vie \u00e0 Sydney en plein printemps austral le temps d\u2019une s\u00e9ance photo<\/a><\/strong><\/p>\n<p>\u00ab\u00a0C\u2019est incroyablement agr\u00e9able de rentrer \u00e0 la maison. Voyager, c\u2019est bien, mais \u00eatre chez soi, c\u2019est encore mieux\u00a0\u00bb, a d\u00e9clar\u00e9 la princesse Ingrid Alexandra \u00e0 la cha\u00eene de t\u00e9l\u00e9vision <a href=\"https:\/\/www.nrk.no\/norge\/prinsesse-ingrid-alexandra-tilbake-i-norge-_-pa-jobb-med-pappa-1.17682999\" target=\"_blank\" rel=\"noreferrer noopener nofollow\">NRK<\/a>, qui couvrait l\u2019exp\u00e9dition du jour. La princesse Ingrid Alexandra et son p\u00e8re affichaient un grand sourire, malgr\u00e9 la pluie et le vent qui ne facilitaient pas l\u2019exp\u00e9dition. Il s\u2019agit d\u2019un changement radical de m\u00e9t\u00e9o pour Ingrid Alexandra, qui quitte le soleil australien. Il faisait environ 30 degr\u00e9s ce lundi \u00e0 Sydney, o\u00f9 d\u00e9bute l\u2019\u00e9t\u00e9. La princesse Ingrid Alexandra a admis ne pas conna\u00eetre grand-chose sur les sprats avant la visite et \u00e9tait donc impatiente de partir en mer pour recevoir des explications.<\/p>\n<p><img loading=\"lazy\" decoding=\"async\" width=\"1400\" height=\"933\" src=\"https:\/\/www.europesays.com\/fr\/wp-content\/uploads\/2025\/12\/ingrid-alexandra-de-norvege-premier-engagemennt-officiel-retour-sydney.jpg\" alt=\"\" class=\"wp-image-231093 lazyload\" data-  \/>Depuis le d\u00e9but de ses \u00e9tudes universitaires en Australie, il s\u2019agit du premier retour en Norv\u00e8ge de la princesse Ingrid Alexandra et du premier engagement officiel qu\u2019elle assure dans son pays (Photo : Heiko Junge \/ NTB \/ POOL\/Scanpix Norway\/ABACPARESS.COM)<\/p>\n<p>Lors de la visite, le futur roi de Norv\u00e8ge et son h\u00e9riti\u00e8re ont pos\u00e9 de nombreuses questions aux chercheurs, ce qui confirme l\u2019int\u00e9r\u00eat d\u2019Ingrid Alexandra pour la nature. Le prince h\u00e9ritier Haakon avait m\u00eame soulign\u00e9 l\u2019int\u00e9r\u00eat de sa fille pour la nature et les questions environnementales dans le discours qu\u2019il avait prononc\u00e9 le jour de sa confirmation. <\/p>\n<p>La princesse Ingrid Alexandra, qui esp\u00e8re pouvoir un peu r\u00e9viser depuis chez elle dans les prochains jours, devrait aussi assurer plusieurs engagements officiels. Jusqu\u2019ici, la jeune femme appara\u00eet encore peu en public. Dans les prochains jours, elle devrait assister pour la premi\u00e8re aux diff\u00e9rents \u00e9v\u00e9nements en lien avec la remise du prix Nobel. Le Prix Nobel de la paix est remis officiel chaque ann\u00e9e, le 10 d\u00e9cembre \u00e0 Oslo. La famille royale de Norv\u00e8ge accompagne habituellement le roi Harald \u00e0 plusieurs c\u00e9r\u00e9monies et d\u00eeners en lien avec la remise du prix.<\/p>\n<p>\t\t\t\t<img loading=\"lazy\" alt=\"Avatar photo\" src=\"https:\/\/www.europesays.com\/fr\/wp-content\/uploads\/2025\/04\/1516945716303-164x164.jpeg\"  class=\"avatar avatar-164 photo lazyload\" height=\"164\" width=\"164\" decoding=\"async\"\/><br \/>\n\t\t<a href=\"https:\/\/histoiresroyales.fr\/author\/royaliste123\/\" target=\"_blank\" rel=\"noopener\">Nicolas Fontaine<\/a><br \/>\n\t\t\t\t\tR\u00e9dacteur en chef<\/p>\n<p>Nicolas Fontaine a \u00e9t\u00e9 concepteur-r\u00e9dacteur et auteur pour de nombreuses marques et m\u00e9dias belges et fran\u00e7ais. Sp\u00e9cialiste de l&rsquo;actualit\u00e9 des familles royales, Nicolas a fond\u00e9 le site Histoires royales dont il est le r\u00e9dacteur en chef.&#13;<br \/>\n&#13;<br \/>\nnicolas@histoiresroyales.fr<\/p>\n<p>\t\t\t\t\t\t\t<a href=\"https:\/\/twitter.com\/ActusRoyales\" class=\"boxed-icon fill twitter\" target=\"_blank\" rel=\"noopener\"><\/a><br \/>\n\t\t\t\t\t\t\t\t\t<a href=\"https:\/\/www.instagram.com\/histoiresroyales.fr\/\" class=\"boxed-icon fill instagram\" target=\"_blank\" rel=\"noopener\"><\/a><\/p>\n<p>\t\t\t\t\t\t\t\t\t\t\t\t\t<script async src=\"https:\/\/platform.twitter.com\/widgets.js\" charset=\"utf-8\"><\/script><script async src=\"\/\/www.instagram.com\/embed.js\"><\/script><\/p>\n","protected":false},"excerpt":{"rendered":"La princesse Ingrid Alexandra de Norv\u00e8ge est de retour dans son pays pour f\u00eater la fin de l\u2019ann\u00e9e&hellip;\n","protected":false},"author":2,"featured_media":586707,"comment_status":"","ping_status":"","sticky":false,"template":"","format":"standard","meta":{"footnotes":""},"categories":[1359],"tags":[58,59,1011,27,5833,5835,973,17663],"class_list":{"0":"post-586706","1":"post","2":"type-post","3":"status-publish","4":"format-standard","5":"has-post-thumbnail","7":"category-people","8":"tag-divertissement","9":"tag-entertainment","10":"tag-fr","11":"tag-france","12":"tag-haakon-de-norvu00e8ge","13":"tag-ingrid-alexandra-de-norvu00e8ge","14":"tag-people","15":"tag-pu00eache"},"share_on_mastodon":{"url":"https:\/\/pubeurope.com\/@fr\/115684915731090615","error":""},"_links":{"self":[{"href":"https:\/\/www.europesays.com\/fr\/wp-json\/wp\/v2\/posts\/586706","targetHints":{"allow":["GET"]}}],"collection":[{"href":"https:\/\/www.europesays.com\/fr\/wp-json\/wp\/v2\/posts"}],"about":[{"href":"https:\/\/www.europesays.com\/fr\/wp-json\/wp\/v2\/types\/post"}],"author":[{"embeddable":true,"href":"https:\/\/www.europesays.com\/fr\/wp-json\/wp\/v2\/users\/2"}],"replies":[{"embeddable":true,"href":"https:\/\/www.europesays.com\/fr\/wp-json\/wp\/v2\/comments?post=586706"}],"version-history":[{"count":0,"href":"https:\/\/www.europesays.com\/fr\/wp-json\/wp\/v2\/posts\/586706\/revisions"}],"wp:featuredmedia":[{"embeddable":true,"href":"https:\/\/www.europesays.com\/fr\/wp-json\/wp\/v2\/media\/586707"}],"wp:attachment":[{"href":"https:\/\/www.europesays.com\/fr\/wp-json\/wp\/v2\/media?parent=586706"}],"wp:term":[{"taxonomy":"category","embeddable":true,"href":"https:\/\/www.europesays.com\/fr\/wp-json\/wp\/v2\/categories?post=586706"},{"taxonomy":"post_tag","embeddable":true,"href":"https:\/\/www.europesays.com\/fr\/wp-json\/wp\/v2\/tags?post=586706"}],"curies":[{"name":"wp","href":"https:\/\/api.w.org\/{rel}","templated":true}]}}