{"id":586710,"date":"2025-12-08T16:36:18","date_gmt":"2025-12-08T16:36:18","guid":{"rendered":"https:\/\/www.europesays.com\/fr\/586710\/"},"modified":"2025-12-08T16:36:18","modified_gmt":"2025-12-08T16:36:18","slug":"europe-1-arrive-a-la-television-voici-pourquoi-ca-pose-question","status":"publish","type":"post","link":"https:\/\/www.europesays.com\/fr\/586710\/","title":{"rendered":"Europe 1 arrive \u00e0 la t\u00e9l\u00e9vision, voici pourquoi \u00e7a pose question"},"content":{"rendered":"<p>        <img decoding=\"async\" loading=\"lazy\" src=\"https:\/\/www.europesays.com\/fr\/wp-content\/uploads\/2025\/12\/bd421a3_upload-1-xutvukz043hz-afp-20251125-dpa-pa-251125-99-741612-dpai-v1-highres-mediausetelevisio.jpeg\"  width=\"728\" height=\"409\" alt=\"Europe 1\u00a0TV\u00a0est d\u00e9sormais accessible sur les boxs des fournisseurs d\u2019acc\u00e8s \u00e0 internet. (photo d\u2019illustration)\"\/>  <\/p>\n<p>MARCUS BRANDT \/ dpa Picture-Alliance via AFP<\/p>\n<p>Europe 1\u00a0TV\u00a0est d\u00e9sormais accessible sur les boxs des fournisseurs d\u2019acc\u00e8s \u00e0 internet. (photo d\u2019illustration)<\/p>\n<p class=\"asset asset-text\">D\u00e9sormais, si vous tapez le 158\u00a0sur votre box Free, le 232\u00a0chez SFR, le 218\u00a0chez Orange, le 239\u00a0chez Bouygues ou le 179\u00a0ou 183\u00a0sur l\u2019application Canal+, vous tomberez sur une nouvelle cha\u00eene\u00a0: Europe 1\u00a0TV. Lanc\u00e9e ce lundi 8\u00a0d\u00e9cembre, il s\u2019agira avant tout de la diffusion film\u00e9e des programmes de la radio actuellement diffus\u00e9s sur les ondes.<\/p>\n<p class=\"asset asset-text\">Le but revendiqu\u00e9 par le m\u00e9dia du groupe Bollor\u00e9 est de capter via la t\u00e9l\u00e9vision un public que la radio laisse totalement indiff\u00e9rent. Il peut se baser sur cette enqu\u00eate de M\u00e9diam\u00e9trie datant du d\u00e9but de l\u2019ann\u00e9e\u00a0: alors que \u00ab\u00a010,4\u00a0millions de personnes \u00e9coutent chaque jour la radio sur des supports num\u00e9riques\u00a0\u00bb (soit un quart environ de l\u2019\u00e9coute totale de la radio), 936\u00a0000 le font depuis un t\u00e9l\u00e9viseur connect\u00e9, <a href=\"https:\/\/www.lemonde.fr\/economie\/article\/2025\/12\/08\/apres-cnews-prime-le-groupe-canal-lance-europe-1-tv_6656449_3234.html\" target=\"_blank\" rel=\"noopener\" title=\"Nouvelle fen\u00eatre\">rappelle Le Monde<\/a>.<\/p>\n<p> La lecture de ce contenu est susceptible d\u2019entra\u00eener un d\u00e9p\u00f4t de cookies de la part de l\u2019op\u00e9rateur tiers qui l\u2019h\u00e9berge. Compte-tenu des choix que vous avez exprim\u00e9s en mati\u00e8re de d\u00e9p\u00f4t de cookies, nous avons bloqu\u00e9 l\u2019affichage de ce contenu. Si vous souhaitez y acc\u00e9der, vous devez accepter la cat\u00e9gorie de cookies \u201cContenus tiers\u201d en cliquant sur le bouton ci-dessous. <\/p>\n<p> Lire la Vid\u00e9o        <\/p>\n<p class=\"asset asset-text\">Si officiellement les \u00e9missions diffus\u00e9es sur la cha\u00eene seront les m\u00eames qu\u2019\u00e0 la radio, comme celles de Christine Kelly (11h30-13h) ou de <a href=\"https:\/\/www.huffingtonpost.fr\/medias\/article\/sur-europe-1-pascal-praud-reprendra-a-la-rentree-le-creneau-laisse-libre-par-cyril-hanouna_250871.html\" target=\"_blank\" rel=\"noopener\">Pascal Praud<\/a> (16h-18h), Europe 1\u00a0aura toutefois plus de latitude sur le petit \u00e9cran, au point de pouvoir s\u2019\u00e9manciper. Comme le note Le Monde, Europe\u00a01\u00a0TV aurait seulement fait l\u2019objet d\u2019une simple d\u00e9claration \u2013 obligatoire \u2013 aupr\u00e8s de l\u2019Arcom, le gendarme de l\u2019audiovisuel, mais sans \u00eatre conventionn\u00e9e.<\/p>\n<p>    Une volont\u00e9 d\u2019\u00e9mancipation future\u00a0?    <\/p>\n<p class=\"asset asset-text\">Elle devra donc respecter les r\u00e8gles g\u00e9n\u00e9rales (protection de l\u2019enfance, dignit\u00e9 humaine&#8230;), mais \u00e9chappera pour le moment aux obligations strictes de pluralisme qui s\u2019appliquent aux cha\u00eenes de la TNT.<\/p>\n<p class=\"asset asset-text\">Europe 1\u00a0TV marchera-t-elle dans les pas de CNews Prime, la d\u00e9clinaison en streaming de la cha\u00eene CNews\u00a0? La <a href=\"https:\/\/www.nouvelobs.com\/societe\/20251205.OBS110385\/on-a-regarde-cnews-prime-la-petite-s-ur-de-cnews-qui-rediffuse-ad-nauseam-les-marottes-de-l-extreme-droite-sur-le-net.html\" target=\"_blank\" rel=\"noopener\" title=\"Nouvelle fen\u00eatre\">petite s\u0153ur de CNews<\/a> s\u2019est d\u00e9j\u00e0 fait remarquer en diffusant des programmes \u00ab\u00a0in\u00e9dits\u00a0\u00bb comme les auditions de la commission d\u2019enqu\u00eate parlementaire sur la neutralit\u00e9 de l\u2019audiovisuel public, ou r\u00e9cemment <a href=\"https:\/\/www.huffingtonpost.fr\/france\/video\/a-paris-on-a-suivi-la-nuit-du-bien-commun-ces-galas-de-charite-a-la-sauce-pierre-edouard-sterin_257906.html\" target=\"_blank\" rel=\"noopener\" title=\"Nouvelle fen\u00eatre\">la neuvi\u00e8me \u00e9dition de La Nuit du bien commun<\/a>, \u00ab\u00a0une soir\u00e9e de lev\u00e9e de fonds au service de projets associatifs\u00a0\u00bb cofond\u00e9e par le milliardaire ultraconservateur Pierre-\u00c9douard Sterin.<\/p>\n","protected":false},"excerpt":{"rendered":"MARCUS BRANDT \/ dpa Picture-Alliance via AFP Europe 1\u00a0TV\u00a0est d\u00e9sormais accessible sur les boxs des fournisseurs d\u2019acc\u00e8s \u00e0&hellip;\n","protected":false},"author":2,"featured_media":586711,"comment_status":"","ping_status":"","sticky":false,"template":"","format":"standard","meta":{"footnotes":""},"categories":[1356],"tags":[4690,58,59,1473,1011,27,500,252,1364],"class_list":{"0":"post-586710","1":"post","2":"type-post","3":"status-publish","4":"format-standard","5":"has-post-thumbnail","7":"category-television","8":"tag-arcom","9":"tag-divertissement","10":"tag-entertainment","11":"tag-europe-1","12":"tag-fr","13":"tag-france","14":"tag-medias","15":"tag-television","16":"tag-tv"},"share_on_mastodon":{"url":"https:\/\/pubeurope.com\/@fr\/115684926925292787","error":""},"_links":{"self":[{"href":"https:\/\/www.europesays.com\/fr\/wp-json\/wp\/v2\/posts\/586710","targetHints":{"allow":["GET"]}}],"collection":[{"href":"https:\/\/www.europesays.com\/fr\/wp-json\/wp\/v2\/posts"}],"about":[{"href":"https:\/\/www.europesays.com\/fr\/wp-json\/wp\/v2\/types\/post"}],"author":[{"embeddable":true,"href":"https:\/\/www.europesays.com\/fr\/wp-json\/wp\/v2\/users\/2"}],"replies":[{"embeddable":true,"href":"https:\/\/www.europesays.com\/fr\/wp-json\/wp\/v2\/comments?post=586710"}],"version-history":[{"count":0,"href":"https:\/\/www.europesays.com\/fr\/wp-json\/wp\/v2\/posts\/586710\/revisions"}],"wp:featuredmedia":[{"embeddable":true,"href":"https:\/\/www.europesays.com\/fr\/wp-json\/wp\/v2\/media\/586711"}],"wp:attachment":[{"href":"https:\/\/www.europesays.com\/fr\/wp-json\/wp\/v2\/media?parent=586710"}],"wp:term":[{"taxonomy":"category","embeddable":true,"href":"https:\/\/www.europesays.com\/fr\/wp-json\/wp\/v2\/categories?post=586710"},{"taxonomy":"post_tag","embeddable":true,"href":"https:\/\/www.europesays.com\/fr\/wp-json\/wp\/v2\/tags?post=586710"}],"curies":[{"name":"wp","href":"https:\/\/api.w.org\/{rel}","templated":true}]}}