{"id":586712,"date":"2025-12-08T16:37:13","date_gmt":"2025-12-08T16:37:13","guid":{"rendered":"https:\/\/www.europesays.com\/fr\/586712\/"},"modified":"2025-12-08T16:37:13","modified_gmt":"2025-12-08T16:37:13","slug":"les-familles-recomposees-cest-toujours-complique","status":"publish","type":"post","link":"https:\/\/www.europesays.com\/fr\/586712\/","title":{"rendered":"\u00ab\u00a0Les familles recompos\u00e9es, c\u2019est toujours compliqu\u00e9\u00a0\u00bb"},"content":{"rendered":"<p>Tr\u00e8s discr\u00e8te, Alexandra Pastor a accept\u00e9 de se confier sur sa relation qui dure depuis plus de 20 ans avec David Hallyday et sur leur famille recompos\u00e9e, dans le documentaire \u00ab\u00a0Hallyday par David\u00a0\u00bb, diffus\u00e9 sur M6, mercredi 10 d\u00e9cembre.<\/p>\n<p>Si Sylvie Vartan et Johnny Hallyday se sont ind\u00e9niablement follement aim\u00e9s, David Hallyday n\u2019en a pas vraiment \u00e9t\u00e9 t\u00e9moin. Par contre, il a pu constater le bonheur qu\u2019a trouv\u00e9 sa m\u00e8re avec son beau-p\u00e8re Tony Scotti. Et ils sont devenus son mod\u00e8le. \u00ab\u00a0Je me suis toujours dit que c\u2019\u00e9tait cet \u00e9quilibre que je voulais dans ma vie future\u00a0\u00bb, a-t-il confi\u00e9 <a href=\"https:\/\/www.parismatch.com\/People\/david-hallyday-se-raconte-en-documentaire-et-en-famille-cest-bien-de-mettre-les-points-sur-les-i-261024\" target=\"_blank\" rel=\"noopener\">dans le documentaire qui lui est consacr\u00e9, \u00ab\u00a0Hallyday par David\u00a0\u00bb<\/a>, diffus\u00e9 sur M6, mercredi 10\u00a0d\u00e9cembre 2025. \u00c9quilibre qu\u2019il n\u2019a pas vraiment trouv\u00e9 avec Estelle Lef\u00e9bure &#8211; m\u00e8re de ses filles Ilona, n\u00e9e en 1995, et <a href=\"https:\/\/www.parismatch.com\/People\/emma-smet-maman-pour-la-premiere-fois-les-indiscretions-des-david-hallyday-256995\" target=\"_blank\" rel=\"noopener\">Emma, en 1997<\/a>, avec qui il a \u00e9t\u00e9 mari\u00e9 de 1989 \u00e0 2001 \u2013 mais avec Alexandra Pastor, avec qui il est en couple depuis 22\u00a0ans.<\/p>\n<p>D\u2019ordinaire tr\u00e8s discrets sur leur vie priv\u00e9e, <a href=\"https:\/\/www.parismatch.com\/bio\/david-hallyday\" target=\"_blank\" rel=\"noopener\">David Hallyday<\/a> et Alexandre Pastor \u2013 qui se fait appeler Smet depuis leur mariage \u2013 ont re\u00e7u les \u00e9quipes du documentaire dans leur chalet dans les Alpes, o\u00f9 ils se ressourcent, notamment apr\u00e8s les tourn\u00e9es du chanteur. \u00ab\u00a0Quand on vient l\u00e0, on est peinards\u00a0\u00bb, a-t-il assur\u00e9. \u00ab\u00a0Passer de l\u2019euphorie et d\u2019un truc compl\u00e8tement dingue, \u00e0 la nature, sans un bruit, j\u2019adore cette solitude-l\u00e0.\u00a0\u00bb M\u00eame s\u2019ils ne sont jamais vraiment seuls. Ici ou sur la C\u00f4te d\u2019Azur o\u00f9 ils ont une propri\u00e9t\u00e9. \u00ab\u00a0On aime bien que les maisons soient ouvertes, ce sont un peu les maisons du bonheur. On adore les moments en famille, on est tr\u00e8s famille, on est tr\u00e8s proches de nos enfants.\u00a0\u00bb<\/p>\n<p>    La suite apr\u00e8s cette publicit\u00e9<\/p>\n<p>Un bonheur familial que David Hallyday et Alexandra Smet, parents d\u2019un gar\u00e7on<a href=\"https:\/\/www.parismatch.com\/People\/etre-beau-ne-suffit-pas-david-hallyday-evoque-son-fils-cameron-21-ans-259155\" target=\"_blank\" rel=\"noopener\">, Cameron, n\u00e9 en 2004<\/a>, ont mis du temps \u00e0 construire\u00a0: \u00ab\u00a0Les familles recompos\u00e9es, c\u2019est toujours compliqu\u00e9\u00a0\u00bb, a confi\u00e9 David Hallyday. Et d\u2019ajouter\u00a0: \u00ab\u00a0Il faut avoir la patience quand on pr\u00e9sente quelqu\u2019un\u00a0: \u00eatre plus ou moins s\u00fbr que c\u2019est une relation qui est stable. Mes filles, je me suis s\u00e9par\u00e9e de leur maman quand elles \u00e9taient tr\u00e8s tr\u00e8s petites. Et pendant tr\u00e8s longtemps, Alexandra c\u2019\u00e9tait ma meilleure pote, hein.\u00a0\u00bb Et cela ne la d\u00e9rangeait pas, au contraire\u00a0: \u00ab\u00a0Elles \u00e9taient vraiment petites quand je les ai rencontr\u00e9es. Si tout de suite tu te pr\u00e9sentes comme la copine de leur papa, c\u2019est difficile.\u00a0\u00bb<\/p>\n<p>    La suite apr\u00e8s cette publicit\u00e9<\/p>\n<p>Alexandra Smet\u00a0: \u00ab\u00a0Elles n\u2019ont pas \u00e9t\u00e9 oblig\u00e9es et forc\u00e9es de me choisir\u00a0\u00bb<\/p>\n<p>Alexandra Smet a donc pris le temps d\u2019apprivoiser ses belles-filles. \u00ab\u00a0On faisait plein de jeux ensemble, de la p\u00e2te \u00e0 modeler, elles me maquillaient. [\u2026] Une fois qu\u2019elles m\u2019ont adopt\u00e9e, on a officialis\u00e9 avec David. Elles n\u2019ont pas \u00e9t\u00e9 oblig\u00e9es et forc\u00e9es de me choisir. Aujourd\u2019hui, on a un lien tr\u00e8s tr\u00e8s fort, je les aime comme mes filles. Et pour Cameron, ce sont ses s\u0153urs.\u00a0\u00bb Sur leur relation, elle a ajout\u00e9\u00a0: \u00ab\u00a0\u00c7a fait 22\u00a0ans que je suis avec David, donc on a travers\u00e9 beaucoup de choses ensemble qui nous ont renforc\u00e9s. Et on se soutient l\u2019un et l\u2019autre. David est quelqu\u2019un qui est tr\u00e8s pudique, ce n\u2019est pas quelqu\u2019un qui va d\u00e9voiler ses \u00e9motions facilement. Moi, je n\u2019aime pas trop la lumi\u00e8re, je suis quelqu\u2019un d\u2019hyper timide, et je pense que c\u2019est important qu\u2019on pr\u00e9serve notre intimit\u00e9 \u00e0 tous les deux. Vivons cach\u00e9s, vivons heureux, comme on dit.\u00a0\u00bb<\/p>\n","protected":false},"excerpt":{"rendered":"Tr\u00e8s discr\u00e8te, Alexandra Pastor a accept\u00e9 de se confier sur sa relation qui dure depuis plus de 20&hellip;\n","protected":false},"author":2,"featured_media":586713,"comment_status":"","ping_status":"","sticky":false,"template":"","format":"standard","meta":{"footnotes":""},"categories":[1355],"tags":[58,59,1011,27,1361,873],"class_list":{"0":"post-586712","1":"post","2":"type-post","3":"status-publish","4":"format-standard","5":"has-post-thumbnail","7":"category-musique","8":"tag-divertissement","9":"tag-entertainment","10":"tag-fr","11":"tag-france","12":"tag-music","13":"tag-musique"},"share_on_mastodon":{"url":"https:\/\/pubeurope.com\/@fr\/115684930110250124","error":""},"_links":{"self":[{"href":"https:\/\/www.europesays.com\/fr\/wp-json\/wp\/v2\/posts\/586712","targetHints":{"allow":["GET"]}}],"collection":[{"href":"https:\/\/www.europesays.com\/fr\/wp-json\/wp\/v2\/posts"}],"about":[{"href":"https:\/\/www.europesays.com\/fr\/wp-json\/wp\/v2\/types\/post"}],"author":[{"embeddable":true,"href":"https:\/\/www.europesays.com\/fr\/wp-json\/wp\/v2\/users\/2"}],"replies":[{"embeddable":true,"href":"https:\/\/www.europesays.com\/fr\/wp-json\/wp\/v2\/comments?post=586712"}],"version-history":[{"count":0,"href":"https:\/\/www.europesays.com\/fr\/wp-json\/wp\/v2\/posts\/586712\/revisions"}],"wp:featuredmedia":[{"embeddable":true,"href":"https:\/\/www.europesays.com\/fr\/wp-json\/wp\/v2\/media\/586713"}],"wp:attachment":[{"href":"https:\/\/www.europesays.com\/fr\/wp-json\/wp\/v2\/media?parent=586712"}],"wp:term":[{"taxonomy":"category","embeddable":true,"href":"https:\/\/www.europesays.com\/fr\/wp-json\/wp\/v2\/categories?post=586712"},{"taxonomy":"post_tag","embeddable":true,"href":"https:\/\/www.europesays.com\/fr\/wp-json\/wp\/v2\/tags?post=586712"}],"curies":[{"name":"wp","href":"https:\/\/api.w.org\/{rel}","templated":true}]}}