{"id":586717,"date":"2025-12-08T16:40:15","date_gmt":"2025-12-08T16:40:15","guid":{"rendered":"https:\/\/www.europesays.com\/fr\/586717\/"},"modified":"2025-12-08T16:40:15","modified_gmt":"2025-12-08T16:40:15","slug":"kylian-mbappe-le-capitaine-des-bleus-victime-dune-fracture-lors-dune-difficile-soiree-avec-le-real-madrid","status":"publish","type":"post","link":"https:\/\/www.europesays.com\/fr\/586717\/","title":{"rendered":"Kylian Mbapp\u00e9\u00a0: le capitaine des Bleus victime d\u2019une fracture lors d\u2019une difficile soir\u00e9e avec le Real Madrid"},"content":{"rendered":"<p>\n                                                                    l&rsquo;essentiel<br \/>\n                                                                L\u2019attaquant vedette de l\u2019\u00e9quipe de France et du club castillan a \u00e9t\u00e9 s\u00e9v\u00e8rement touch\u00e9, dimanche 7\u00a0d\u00e9cembre, lors de la rencontre de championnat d\u2019Espagne perdue par les Madril\u00e8nes. Il souffre d\u2019une main.\n                            <\/p>\n<p>Deux cartons rouges, une d\u00e9faite et\u2026 un doigt meurtri\u00a0! Ce dimanche 7\u00a0d\u00e9cembre, dans leur antre de Santiago-Bernabeu, les footballeurs du Real Madrid ont travers\u00e9 une soir\u00e9e bien difficile.<\/p>\n<p>Battus sur leur terrain lors de cette rencontre de la 15e journ\u00e9e championnat d\u2019Espagne par le Celta Vigo (2-0), les \u00ab\u00a0Merengue\u00a0\u00bb ont qui plus est achev\u00e9 cette rencontre \u00e0 9 apr\u00e8s les cartons rouges de Fran Garcia et Alvaro Carreras mais aussi, avec leur attaquant vedette touch\u00e9.<\/p>\n<p class=\"std-elt__inline\">\n        <strong>\u00c0 lire aussi :<\/strong><br \/>\n        <a href=\"https:\/\/www.ladepeche.fr\/2025\/12\/05\/kylian-mbappe-il-na-jamais-pu-conduire-son-bolide-pourquoi-le-joueur-star-se-separe-dune-bmw-surpuissante-qui-est-remise-a-la-vente-13093945.php\" target=\"_blank\" rel=\"noopener\">Kylian Mbapp\u00e9\u00a0: il n\u2019a jamais pu conduire son bolide, pourquoi le joueur star se s\u00e9pare d\u2019une BMW surpuissante qui est remise \u00e0 la vente<\/a>\n    <\/p>\n<p>Comme le note <a href=\"https:\/\/rmcsport.bfmtv.com\/football\/kylian-mbappe\/real-madrid-kylian-mbappe-victime-d-une-fracture-a-la-main-apres-la-defaite-face-au-celta-vigo_AV-202512080596.html\" target=\"_blank\" rel=\"noopener\">RMC<\/a>, Kylian Mbapp\u00e9 a subi, lors de cette rencontre, une fracture. Le capitaine de l\u2019\u00e9quipe de France a \u00e9t\u00e9 touch\u00e9 \u00e0 l\u2019annulaire de la main gauche. Pendan la rencontre, il a ainsi d\u00fb \u00eatre strapp\u00e9 (\u00e9quipe d\u2019un pansement), protection qu\u2019il devrait conserver lors des prochaines rencontres.<\/p>\n<p>Selon nos confr\u00e8res, le buteur vedette devrait toutefois \u00eatre disponible pour la grande \u00e9ch\u00e9ance de ce mercredi 10\u00a0d\u00e9cembre en Ligue des champions\u00a0: un choc face \u00e0 Manchester City.<\/p>\n<p class=\"std-elt__inline\">\n        <strong>\u00c0 lire aussi :<\/strong><br \/>\n        <a href=\"https:\/\/www.ladepeche.fr\/2025\/12\/02\/il-pensait-que-je-mentais-un-sportif-star-prend-un-taxi-il-est-oblige-de-prouver-son-identite-au-chauffeur-persuade-de-transporter-kylian-mbappe-13086545.php\" target=\"_blank\" rel=\"noopener\">\u00ab\u00a0Il pensait que je mentais\u00a0!\u00a0\u00bb Un sportif star prend un taxi, il est oblig\u00e9 de prouver son identit\u00e9 au chauffeur persuad\u00e9 de transporter Kylian Mbapp\u00e9<\/a>\n    <\/p>\n<p>Pour l\u2019heure, les Madril\u00e8nes occupent la 5e place (sur 36) du classement de la grande Coupe d\u2019Europe apr\u00e8s 5 matches disput\u00e9s. En championnat, ils sont 2es, \u00e0 4 points du FC Barcelone (36 contre 40).<\/p>\n<p>Le contexte est actuellement d\u00e9licat au sein de la \u00ab\u00a0Maison Blanche\u00a0\u00bb, l\u2019entra\u00eeneur Xabi Alonso, arriv\u00e9 en d\u00e9but de saison, ne fait pas l\u2019unanimit\u00e9 dans le vestiaire et sa fonction pourrait \u00eatre remise en cause.<\/p>\n","protected":false},"excerpt":{"rendered":"l&rsquo;essentiel L\u2019attaquant vedette de l\u2019\u00e9quipe de France et du club castillan a \u00e9t\u00e9 s\u00e9v\u00e8rement touch\u00e9, dimanche 7\u00a0d\u00e9cembre, lors&hellip;\n","protected":false},"author":2,"featured_media":586718,"comment_status":"","ping_status":"","sticky":false,"template":"","format":"standard","meta":{"footnotes":""},"categories":[9],"tags":[63,1011,27,42154,517,60],"class_list":{"0":"post-586717","1":"post","2":"type-post","3":"status-publish","4":"format-standard","5":"has-post-thumbnail","7":"category-sports","8":"tag-football","9":"tag-fr","10":"tag-france","11":"tag-kylian-mbappu00e9","12":"tag-sport","13":"tag-sports"},"share_on_mastodon":{"url":"https:\/\/pubeurope.com\/@fr\/115684941931096779","error":""},"_links":{"self":[{"href":"https:\/\/www.europesays.com\/fr\/wp-json\/wp\/v2\/posts\/586717","targetHints":{"allow":["GET"]}}],"collection":[{"href":"https:\/\/www.europesays.com\/fr\/wp-json\/wp\/v2\/posts"}],"about":[{"href":"https:\/\/www.europesays.com\/fr\/wp-json\/wp\/v2\/types\/post"}],"author":[{"embeddable":true,"href":"https:\/\/www.europesays.com\/fr\/wp-json\/wp\/v2\/users\/2"}],"replies":[{"embeddable":true,"href":"https:\/\/www.europesays.com\/fr\/wp-json\/wp\/v2\/comments?post=586717"}],"version-history":[{"count":0,"href":"https:\/\/www.europesays.com\/fr\/wp-json\/wp\/v2\/posts\/586717\/revisions"}],"wp:featuredmedia":[{"embeddable":true,"href":"https:\/\/www.europesays.com\/fr\/wp-json\/wp\/v2\/media\/586718"}],"wp:attachment":[{"href":"https:\/\/www.europesays.com\/fr\/wp-json\/wp\/v2\/media?parent=586717"}],"wp:term":[{"taxonomy":"category","embeddable":true,"href":"https:\/\/www.europesays.com\/fr\/wp-json\/wp\/v2\/categories?post=586717"},{"taxonomy":"post_tag","embeddable":true,"href":"https:\/\/www.europesays.com\/fr\/wp-json\/wp\/v2\/tags?post=586717"}],"curies":[{"name":"wp","href":"https:\/\/api.w.org\/{rel}","templated":true}]}}