{"id":586719,"date":"2025-12-08T16:41:20","date_gmt":"2025-12-08T16:41:20","guid":{"rendered":"https:\/\/www.europesays.com\/fr\/586719\/"},"modified":"2025-12-08T16:41:20","modified_gmt":"2025-12-08T16:41:20","slug":"miss-aquitaine-sexcuse-apres-avoir-insulte-le-top-12-de-miss-france","status":"publish","type":"post","link":"https:\/\/www.europesays.com\/fr\/586719\/","title":{"rendered":"Miss Aquitaine s&rsquo;excuse apr\u00e8s avoir insult\u00e9 le top 12 de Miss France"},"content":{"rendered":"<p class=\"article-p mdl\">Samedi 6 d\u00e9cembre, Hinaupoko Dev\u00e8ze a \u00e9t\u00e9 couronn\u00e9e Miss France 2026. La candidate tahitienne de 23 ans a conquis le public lors de la c\u00e9r\u00e9monie au Z\u00e9nith d&rsquo;Amiens gr\u00e2ce \u00e0 son \u00e9loquence, son aisance et son \u00e9l\u00e9gance.<\/p>\n<p class=\"article-p mdl\">Cependant, cette victoire n&rsquo;a pas fait l&rsquo;unanimit\u00e9 parmi ses concurrentes, notamment\u00a0<a class=\"link\" href=\"https:\/\/www.rtl.fr\/culture\/medias-people\/miss-france-2026-qui-est-julie-zitouni-elue-miss-provence-7900534327\" target=\"_blank\" rel=\"noopener\">Julie Zitouni<\/a>, Miss Provence, et\u00a0<a class=\"link\" href=\"https:\/\/www.rtl.fr\/culture\/medias-people\/miss-france-2026-qui-est-ainhoa-lahitete-elue-miss-aquitaine-7900549475\" target=\"_blank\" rel=\"noopener\">Ainhoa Lahitete<\/a>, Miss Aquitaine. Une vid\u00e9o, apparemment issue du compte priv\u00e9 de l&rsquo;une des deux candidates, les a montr\u00e9es critiquant grossi\u00e8rement les demi-finalistes, remettant en question les r\u00e9sultats. La Marseillaise de 26 ans a m\u00eame qualifi\u00e9 les jeunes filles s\u00e9lectionn\u00e9es de \u00ab\u00a0putes\u00a0\u00bb, provoquant l&rsquo;indignation des internautes.<\/p>\n<p class=\"article-p mdl\">Dimanche apr\u00e8s-midi,<a class=\"link\" href=\"https:\/\/www.rtl.fr\/culture\/medias-people\/miss-france-2026-julie-zitouni-miss-provence-presente-ses-excuses-apres-avoir-insulte-d-autres-candidates-7900575049\" target=\"_blank\" rel=\"noopener\"> Miss Provence a r\u00e9agi<\/a>\u00a0sur Instagram, affirmant que l&rsquo;insulte avait \u00e9t\u00e9 utilis\u00e9e \u00ab\u00a0dans un sens familier, signifiant simplement &lsquo;les veinardes&rsquo;, &lsquo;les chanceuses'\u00a0\u00bb, tout en reconnaissant que \u00ab\u00a0ce n&rsquo;est pas un vocabulaire qui a sa place dans\u00a0<a class=\"link\" href=\"https:\/\/www.rtl.fr\/culture\/medias-people\/de-l-improvisation-mais-preparee-dans-les-coulisses-des-derniers-preparatifs-de-la-96e-edition-de-miss-france-7900574806\" target=\"_blank\" rel=\"noopener\">Miss France<\/a>\u00ab\u00a0.<\/p>\n<blockquote class=\"twitter-tweet\" data-media-max-width=\"560\">\n<p lang=\"fr\" dir=\"ltr\">Le comportement de Miss Provence et Miss Aquitaine&#8230;Voil\u00e0 prq elles n&rsquo;\u00e9taient pas dans le top 12, Elles n&rsquo;avaient rien \u00e0 y faire&#8230;<br \/>La honte pour leur r\u00e9gion ! <a href=\"https:\/\/twitter.com\/hashtag\/MissFrance2026?src=hash&amp;ref_src=twsrc%5Etfw\" target=\"_blank\" rel=\"noopener\">#MissFrance2026<\/a> <br \/>Bravo encore \u00e0 Tahiti et Nouvelle Cal\u00e9donie, une belle image qu&rsquo;on gardera ce t\u00eate \u00e0 t\u00eate de Reines <a href=\"https:\/\/t.co\/XfPFPTm2pJ\">pic.twitter.com\/XfPFPTm2pJ<\/a><\/p>\n<p>\u2014 Valou__\ud83c\udf38 (@valerie_Bastet) <a href=\"https:\/\/twitter.com\/valerie_Bastet\/status\/1997708150657765649?ref_src=twsrc%5Etfw\" target=\"_blank\" rel=\"noopener\">December 7, 2025<\/a><\/p><\/blockquote>\n<p class=\"article-p mdl\">Julie Zitouni a ajout\u00e9 que \u00ab\u00a0ce qui rend cette situation encore plus regrettable, c&rsquo;est que la grande majorit\u00e9 du Top 12 est compos\u00e9e de candidates que j&rsquo;affectionne profond\u00e9ment\u00a0\u00bb.<\/p>\n<p>            Miss Aquitaine \u00ab\u00a0prends l&rsquo;enti\u00e8re responsabilit\u00e9 de ce qui s&rsquo;est pass\u00e9\u00a0\u00bb<\/p>\n<p class=\"article-p mdl\">Apr\u00e8s la r\u00e9action de sa cons\u0153ur, Ainhoa Lahitete s&rsquo;est exprim\u00e9e sur\u00a0<a class=\"link\" href=\"https:\/\/www.instagram.com\/p\/DR-Jj2ECC29\/?img_index=4&amp;igsh=MmVneWZodjNlaDIz\" target=\"_blank\" rel=\"noopener\">Instagram<\/a>. Elle a \u00e9voqu\u00e9 la vid\u00e9o \u00ab\u00a0destin\u00e9e \u00e0 un cercle priv\u00e9\u00a0\u00bb et a admis avoir \u00ab\u00a0approuv\u00e9 des propos inacceptables\u00a0\u00bb, pr\u00e9cisant qu&rsquo;ils avaient \u00e9t\u00e9 \u00ab\u00a0tenus par une autre miss\u00a0\u00bb.\u00a0<\/p>\n<p class=\"article-p mdl\">\u00ab\u00a0Je tiens \u00e0 dire clairement que je regrette profond\u00e9ment mon attitude. Je pr\u00e9sente mes excuses les plus sinc\u00e8res \u00e0 toutes les candidates de la promotion Miss France 2026, aux comit\u00e9s d\u00e9partementaux et r\u00e9gionaux, aux familles des Miss R\u00e9gionales, aux spectateurs, ainsi qu&rsquo;\u00e0 la soci\u00e9t\u00e9\u00a0<a class=\"link\" href=\"https:\/\/www.rtl.fr\/culture\/medias-people\/miss-france-2026-qui-est-hinaupoko-deveze-miss-tahiti-7900574928\" target=\"_blank\" rel=\"noopener\">Miss France<\/a>\u00ab\u00a0, a \u00e9crit Ainhoa Lahitete.<\/p>\n<p class=\"article-p mdl\">Elle a affirm\u00e9 que ces mots et cette r\u00e9action \u00ab\u00a0ne refl\u00e8tent absolument pas les valeurs humaines que l&rsquo;on m&rsquo;a transmises, ni celles que je souhaite d\u00e9fendre\u00a0\u00bb. La candidate a reconnu \u00eatre \u00ab\u00a0pleinement consciente que, sur le moment, je n&rsquo;ai pas \u00e9t\u00e9 \u00e0 la hauteur de ces valeurs\u00a0\u00bb, en faisant r\u00e9f\u00e9rence au \u00ab\u00a0respect, \u00e0 la bienveillance, \u00e0 la sororit\u00e9 et \u00e0 la dignit\u00e9\u00a0\u00bb inculqu\u00e9es par le comit\u00e9 Miss France.<\/p>\n<p class=\"article-p mdl\">Elle a poursuivi son message en reconnaissant qu&rsquo;elle \u00ab\u00a0n&rsquo;a pas mesur\u00e9 la gravit\u00e9 de ce qu&rsquo;il se passait\u00a0\u00bb. Ainhoa Lahitete a confi\u00e9 regretter \u00ab\u00a0profond\u00e9ment (&#8230;) de ne pas avoir imm\u00e9diatement condamn\u00e9 ces propos\u00a0\u00bb. \u00ab\u00a0Je prends l&rsquo;enti\u00e8re responsabilit\u00e9 de ce qui s&rsquo;est pass\u00e9\u00a0\u00bb, a r\u00e9sum\u00e9 la Miss, esp\u00e9rant que \u00ab\u00a0celles et ceux qui ont \u00e9t\u00e9 touch\u00e9s par cette situation pourront, avec le temps, accepter mes excuses\u00a0\u00bb.<\/p>\n<p>    La r\u00e9daction vous recommande<\/p>\n<p class=\"s-newsletter__title\">\n                L\u2019actualit\u00e9 par la r\u00e9daction de RTL dans votre bo\u00eete mail.\n            <\/p>\n<p class=\"s-newsletter__subtitle\">\n                Gr\u00e2ce \u00e0 votre compte RTL abonnez-vous \u00e0 la newsletter RTL info pour suivre toute l&rsquo;actualit\u00e9 au quotidien\n            <\/p>\n<p>\n                                    Lire la suite\n                                <\/p>\n<p>                            <script async src=\"https:\/\/platform.twitter.com\/widgets.js\" charset=\"utf-8\"><\/script><script async src=\"\/\/www.instagram.com\/embed.js\"><\/script><\/p>\n","protected":false},"excerpt":{"rendered":"Samedi 6 d\u00e9cembre, Hinaupoko Dev\u00e8ze a \u00e9t\u00e9 couronn\u00e9e Miss France 2026. La candidate tahitienne de 23 ans a&hellip;\n","protected":false},"author":2,"featured_media":586720,"comment_status":"","ping_status":"","sticky":false,"template":"","format":"standard","meta":{"footnotes":""},"categories":[8],"tags":[3177,58,59,2414,1011,27,3034,1062,882],"class_list":{"0":"post-586719","1":"post","2":"type-post","3":"status-publish","4":"format-standard","5":"has-post-thumbnail","7":"category-divertissement","8":"tag-aquitaine","9":"tag-divertissement","10":"tag-entertainment","11":"tag-fil-culture","12":"tag-fr","13":"tag-france","14":"tag-miss-france","15":"tag-polemique","16":"tag-provence-alpes-cote-dazur"},"share_on_mastodon":{"url":"https:\/\/pubeurope.com\/@fr\/115684945826503189","error":""},"_links":{"self":[{"href":"https:\/\/www.europesays.com\/fr\/wp-json\/wp\/v2\/posts\/586719","targetHints":{"allow":["GET"]}}],"collection":[{"href":"https:\/\/www.europesays.com\/fr\/wp-json\/wp\/v2\/posts"}],"about":[{"href":"https:\/\/www.europesays.com\/fr\/wp-json\/wp\/v2\/types\/post"}],"author":[{"embeddable":true,"href":"https:\/\/www.europesays.com\/fr\/wp-json\/wp\/v2\/users\/2"}],"replies":[{"embeddable":true,"href":"https:\/\/www.europesays.com\/fr\/wp-json\/wp\/v2\/comments?post=586719"}],"version-history":[{"count":0,"href":"https:\/\/www.europesays.com\/fr\/wp-json\/wp\/v2\/posts\/586719\/revisions"}],"wp:featuredmedia":[{"embeddable":true,"href":"https:\/\/www.europesays.com\/fr\/wp-json\/wp\/v2\/media\/586720"}],"wp:attachment":[{"href":"https:\/\/www.europesays.com\/fr\/wp-json\/wp\/v2\/media?parent=586719"}],"wp:term":[{"taxonomy":"category","embeddable":true,"href":"https:\/\/www.europesays.com\/fr\/wp-json\/wp\/v2\/categories?post=586719"},{"taxonomy":"post_tag","embeddable":true,"href":"https:\/\/www.europesays.com\/fr\/wp-json\/wp\/v2\/tags?post=586719"}],"curies":[{"name":"wp","href":"https:\/\/api.w.org\/{rel}","templated":true}]}}