{"id":58672,"date":"2025-04-28T07:15:13","date_gmt":"2025-04-28T07:15:13","guid":{"rendered":"https:\/\/www.europesays.com\/fr\/58672\/"},"modified":"2025-04-28T07:15:13","modified_gmt":"2025-04-28T07:15:13","slug":"paris-ville-la-plus-chaude-de-france-et-deurope-mercredi-le-mode-pompe-a-chaleur-est-active","status":"publish","type":"post","link":"https:\/\/www.europesays.com\/fr\/58672\/","title":{"rendered":"Paris, ville la plus chaude de France et d&rsquo;Europe mercredi ? Le mode \u00ab\u00a0pompe \u00e0 chaleur\u00a0\u00bb est activ\u00e9"},"content":{"rendered":"<p> <img decoding=\"async\" fetchpriority=\"high\" src=\"https:\/\/www.europesays.com\/fr\/wp-content\/uploads\/2025\/04\/dailymotion-x9ikom4_1024.jpg\"  width=\"768\" height=\"432\" id=\"x9ikom4\"\/>  <\/p>\n<p>Des temp\u00e9ratures plus qu&rsquo;estivales sont attendues sur la France au cours des prochains jours. Mercredi, Paris pourrait \u00eatre la ville la plus chaude de France, mais aussi la capitale europ\u00e9enne la plus chaude. Comment les temp\u00e9ratures vont-elles \u00e9voluer au cours des prochaines heures ?<\/p>\n<p>    <img decoding=\"async\" fetchpriority=\"high\" src=\"https:\/\/www.europesays.com\/fr\/wp-content\/uploads\/2025\/04\/marc-hay.jpg\" alt=\"Marc Hay\" width=\"40\" height=\"40\"\/>    <a class=\"nombre text-hv\" href=\"https:\/\/www.tameteo.com\/auteur\/marc-hay\/\" title=\"Marc Hay\" rel=\"nofollow noopener\" target=\"_blank\">Marc Hay<\/a>         28\/04\/2025 07:00   4 min   <\/p>\n<p><strong>Cette semaine s&rsquo;annonce assez incroyable <\/strong>\u00e0 l&rsquo;\u00e9chelle de la France avec des temp\u00e9ratures dignes d&rsquo;un mois de juillet, plut\u00f4t que d&rsquo;une fin avril\/d\u00e9but mai. Si une belle douceur printani\u00e8re va s&rsquo;imposer sur tout le pays d\u00e8s cet apr\u00e8s-midi, les temp\u00e9ratures devraient monter d&rsquo;un cran suppl\u00e9mentaire demain <strong>pour atteindre, voire d\u00e9passer, les 25 degr\u00e9s dans plusieurs villes de France.<\/strong><\/p>\n<p>La hausse des temp\u00e9ratures se poursuivra mercredi avec des valeurs pleinement estivales dans de nombreuses r\u00e9gions. <strong>C&rsquo;est en \u00cele-de-France qu&rsquo;il pourrait faire le plus chaud, <\/strong>avec jusqu&rsquo;\u00e0 28 degr\u00e9s attendus dans la capitale. Mercredi apr\u00e8s-midi, <strong>Paris pourrait \u00eatre la ville la plus chaude de France.<\/strong><\/p>\n<p>Et ce n&rsquo;est pas tout,<strong> ces temp\u00e9ratures plus qu&rsquo;estivales vont se maintenir \u00e9galement pour le jeudi 1er mai, mais aussi pour vendredi. <\/strong>Si les valeurs auront tendance \u00e0 baisser samedi, les maximales d\u00e9passeront toujours les 25 degr\u00e9s. <strong>Avec l&rsquo;arriv\u00e9e pr\u00e9vue d&rsquo;orages dimanche, <\/strong>les temp\u00e9ratures devraient plus franchement baisser.<\/p>\n<p>Pr\u00e8s de 30 degr\u00e9s attendus cette semaine \u00e0 Paris. Comment vont \u00e9voluer les temp\u00e9ratures au fil des jours ? <strong>La France, pays le plus chaud d&rsquo;Europe ?<\/strong> Retrouvez nos toutes derni\u00e8res pr\u00e9visions dans cet article.<\/p>\n<p>Le mode \u00ab\u00a0pompe \u00e0 chaleur\u00a0\u00bb activ\u00e9 !<\/p>\n<p>Cette semaine, <strong>le soleil va largement s&rsquo;imposer sur toute la <a href=\"https:\/\/www.tameteo.com\/actualites\/previsions\/tameteo.com\" rel=\"nofollow noopener\" target=\"_blank\">France<\/a>,<\/strong> avec \u00e9ventuellement quelques averses orageuses sur les reliefs du centre-est du pays jusqu&rsquo;en milieu de semaine.<\/p>\n<p>Une d\u00e9gradation du temps est envisag\u00e9e en toute fin de semaine, <strong>avec l&rsquo;arriv\u00e9e d&rsquo;orages par l&rsquo;ouest pour la journ\u00e9e de dimanche.<\/strong><\/p>\n<p><img loading=\"lazy\" decoding=\"async\" fetchpriority=\"low\" class=\"lazy \" src=\"https:\/\/www.europesays.com\/fr\/wp-content\/uploads\/2025\/04\/meteo-paris-ville-la-plus-chaude-de-france-et-d-europe-mercredi-le-mode-pompe-a-chaleur-est-active-1.png\"  width=\"768\" height=\"432\" alt=\"Tr\u00e8s forte hausse des temp\u00e9ratures cette semaine en France !\" title=\"Tr\u00e8s forte hausse des temp\u00e9ratures cette semaine en France !\" data-image=\"71ytxvmtco5j\"\/>Tr\u00e8s forte hausse des temp\u00e9ratures cette semaine en France !<\/p>\n<p>La pr\u00e9sence d&rsquo;un ensoleillement g\u00e9n\u00e9reux et d&rsquo;une goutte froide positionn\u00e9e au large du Portugal va favoriser une tr\u00e8s forte remont\u00e9e des temp\u00e9ratures. En effet, <strong>la d\u00e9pression situ\u00e9e au large du Portugal agira comme une pompe \u00e0 chaleur, faisant remonter de l&rsquo;air tr\u00e8s chaud pour la saison vers la France.<\/strong><\/p>\n<p><a class=\"imagen \" href=\"https:\/\/www.tameteo.com\/actualites\/actualite\/le-deficit-de-pluie-s-accentue-sur-le-nord-hauts-de-france-faut-il-pour-autant-craindre-une-secheresse-manque-eau-sols-agriculture-nappes-anticyclone-printemps.html\" title=\"Le d\u00e9ficit de pluie s&#039;accentue sur le Nord de la France : faut-il pour autant craindre une s\u00e9cheresse ?\" rel=\"nofollow noopener\" target=\"_blank\"><img loading=\"lazy\" decoding=\"async\" fetchpriority=\"low\" class=\"lazy img-body non-editable\" src=\"https:\/\/www.europesays.com\/fr\/wp-content\/uploads\/2025\/04\/le-deficit-de-pluie-s-accentue-sur-le-nord-de-la-france-faut-il-pour-autant-craindre-une-secheresse-.jpeg\"  width=\"320\" height=\"225\" alt=\"Le d\u00e9ficit de pluie s'accentue sur le Nord de la France : faut-il pour autant craindre une s\u00e9cheresse ?\"\/><\/a>De plus en plus chaud ! <\/p>\n<p>Les temp\u00e9ratures s&rsquo;annoncent donc de plus en plus chaudes au fil des journ\u00e9es. D\u00e8s cet apr\u00e8s-midi,<strong> il fera souvent plus chaud dans l&rsquo;ouest et sur le nord que pr\u00e8s de la M\u00e9diterran\u00e9e. <\/strong><a href=\"https:\/\/www.tameteo.com\/meteo_Paris-Europe-France-Paris-LFPB-1-26048.html\" data-mrf-recirculation=\"cuerpo_intext\" rel=\"nofollow noopener\" target=\"_blank\">Paris<\/a> devrait afficher 24 degr\u00e9s cet apr\u00e8s-midi.<\/p>\n<p><img loading=\"lazy\" decoding=\"async\" fetchpriority=\"low\" class=\"lazy \" src=\"https:\/\/www.europesays.com\/fr\/wp-content\/uploads\/2025\/04\/1745824513_897_meteo-paris-ville-la-plus-chaude-de-france-et-d-europe-mercredi-le-mode-pompe-a-chaleur-est-active-1.png\"  width=\"768\" height=\"432\" alt=\"Temp\u00e9ratures dignes d'un mois de juillet d\u00e8s mercredi.\" title=\"Temp\u00e9ratures dignes d'un mois de juillet d\u00e8s mercredi.\" data-image=\"kz52y5wlw8sp\"\/>Temp\u00e9ratures dignes d&rsquo;un mois de juillet d\u00e8s mercredi. <\/p>\n<p>La hausse des temp\u00e9ratures va se poursuivre demain, avec des maximales qui d\u00e9passeront les 25 degr\u00e9s dans de nombreuses villes de France. Il est pr\u00e9vu pour mardi apr\u00e8s-midi :<strong> 24\u00b0C \u00e0 Lille et N\u00eemes, 25\u00b0C \u00e0 Brest, Auch et Rennes, et 26\u00b0C \u00e0 Paris, <a href=\"https:\/\/www.tameteo.com\/meteo_Agen-Europe-France-Lot+et+Garonne-LFBA-1-26089.html\" data-mrf-recirculation=\"cuerpo_intext\" rel=\"nofollow noopener\" target=\"_blank\">Agen<\/a> et Biarritz.<\/strong><\/p>\n<p>Paris : ville la plus chaude de France mercredi <\/p>\n<p>Les temp\u00e9ratures monteront encore d&rsquo;un cran mercredi apr\u00e8s-midi. Avec 28 degr\u00e9s attendus dans la capitale,<strong> Paris pourrait \u00eatre l&rsquo;une des villes les plus chaudes de France. <\/strong>D&rsquo;ailleurs, \u00e0 cette heure, il semblerait que Paris soit mercredi la capitale europ\u00e9enne la plus chaude. <\/p>\n<p><a class=\"imagen \" href=\"https:\/\/www.tameteo.com\/actualites\/previsions\/chaleur-a-prevoir-en-france-jusqu-a-30-c-au-nord-decouvrez-les-previsions-meteo-pour-cette-nouvelle-semaine-printemps-ete.html\" title=\"Chaleur \u00e0 pr\u00e9voir en France ! Jusqu&#039;\u00e0 30\u00b0C au nord ? D\u00e9couvrez les pr\u00e9visions m\u00e9t\u00e9o pour cette nouvelle semaine !\" rel=\"nofollow noopener\" target=\"_blank\"><img loading=\"lazy\" decoding=\"async\" fetchpriority=\"low\" class=\"lazy img-body non-editable\" src=\"https:\/\/www.europesays.com\/fr\/wp-content\/uploads\/2025\/04\/chaleur-a-prevoir-en-france-jusqu-a-30-c-au-nord-decouvrez-les-previsions-meteo-pour-cette-nouvelle-.png\"  width=\"320\" height=\"225\" alt=\"Chaleur \u00e0 pr\u00e9voir en France ! Jusqu'\u00e0 30\u00b0C au nord ? D\u00e9couvrez les pr\u00e9visions m\u00e9t\u00e9o pour cette nouvelle semaine !\"\/><\/a><\/p>\n<p><strong>La barre des 30 degr\u00e9s pourrait \u00eatre approch\u00e9e en <a href=\"https:\/\/www.tameteo.com\/meteo-Europe-France-Ile+de+France-1-1-135-29.html\" data-mrf-recirculation=\"cuerpo_intext\" rel=\"nofollow noopener\" target=\"_blank\">\u00cele-de-France<\/a> lors des journ\u00e9es de jeudi et de vendredi.<\/strong><\/p>\n<p>Cette s\u00e9quence anormalement chaude devrait se poursuivre lors des journ\u00e9es de jeudi et de vendredi, avec de possibles records de chaleur \u00e0 la cl\u00e9. <strong>Une tr\u00e8s nette baisse des temp\u00e9ratures est attendue dimanche.<\/strong><\/p>\n","protected":false},"excerpt":{"rendered":"Des temp\u00e9ratures plus qu&rsquo;estivales sont attendues sur la France au cours des prochains jours. Mercredi, Paris pourrait \u00eatre&hellip;\n","protected":false},"author":2,"featured_media":58673,"comment_status":"","ping_status":"","sticky":false,"template":"","format":"standard","meta":{"footnotes":""},"categories":[1888],"tags":[1111,1928,11,1927,15121,15519,13208,1777,674,1011,27,2487,12,1926,626,1925,14901,15518,25,13209],"class_list":{"0":"post-58672","1":"post","2":"type-post","3":"status-publish","4":"format-standard","5":"has-post-thumbnail","7":"category-paris","8":"tag-actu","9":"tag-actu-paris","10":"tag-actualites","11":"tag-actualites-paris","12":"tag-anticyclone","13":"tag-capitale-europeenne","14":"tag-chaleur","15":"tag-eu","16":"tag-europe","17":"tag-fr","18":"tag-france","19":"tag-meteo","20":"tag-news","21":"tag-news-paris","22":"tag-paris","23":"tag-paris-news","24":"tag-plume-de-chaleur","25":"tag-pompe-a-chaleur","26":"tag-republique-francaise","27":"tag-temperatures"},"share_on_mastodon":{"url":"https:\/\/pubeurope.com\/@fr\/114414362754108827","error":""},"_links":{"self":[{"href":"https:\/\/www.europesays.com\/fr\/wp-json\/wp\/v2\/posts\/58672","targetHints":{"allow":["GET"]}}],"collection":[{"href":"https:\/\/www.europesays.com\/fr\/wp-json\/wp\/v2\/posts"}],"about":[{"href":"https:\/\/www.europesays.com\/fr\/wp-json\/wp\/v2\/types\/post"}],"author":[{"embeddable":true,"href":"https:\/\/www.europesays.com\/fr\/wp-json\/wp\/v2\/users\/2"}],"replies":[{"embeddable":true,"href":"https:\/\/www.europesays.com\/fr\/wp-json\/wp\/v2\/comments?post=58672"}],"version-history":[{"count":0,"href":"https:\/\/www.europesays.com\/fr\/wp-json\/wp\/v2\/posts\/58672\/revisions"}],"wp:featuredmedia":[{"embeddable":true,"href":"https:\/\/www.europesays.com\/fr\/wp-json\/wp\/v2\/media\/58673"}],"wp:attachment":[{"href":"https:\/\/www.europesays.com\/fr\/wp-json\/wp\/v2\/media?parent=58672"}],"wp:term":[{"taxonomy":"category","embeddable":true,"href":"https:\/\/www.europesays.com\/fr\/wp-json\/wp\/v2\/categories?post=58672"},{"taxonomy":"post_tag","embeddable":true,"href":"https:\/\/www.europesays.com\/fr\/wp-json\/wp\/v2\/tags?post=58672"}],"curies":[{"name":"wp","href":"https:\/\/api.w.org\/{rel}","templated":true}]}}