{"id":586721,"date":"2025-12-08T16:42:13","date_gmt":"2025-12-08T16:42:13","guid":{"rendered":"https:\/\/www.europesays.com\/fr\/586721\/"},"modified":"2025-12-08T16:42:13","modified_gmt":"2025-12-08T16:42:13","slug":"lun-des-modeles-les-plus-seduisants-pour-2026","status":"publish","type":"post","link":"https:\/\/www.europesays.com\/fr\/586721\/","title":{"rendered":"l&rsquo;un des mod\u00e8les les plus s\u00e9duisants pour 2026 ?"},"content":{"rendered":"<p><strong>La tendance des petits projecteurs \u00e0 ultra-courte focale se porte plut\u00f4t bien, comme le montre JMGO avec son nouveau mod\u00e8le \u00ab\u00a0O3\u00a0\u00bb.<\/strong><\/p>\n<p>Depuis plusieurs ann\u00e9es, les fabricants redoublent d\u2019efforts pour concevoir des projecteurs lifestyle <strong>capables de se fondre dans le d\u00e9cor<\/strong>, et de s\u2019adapter parfaitement aux petits espaces. Si <strong>les mod\u00e8les nomades ont la cote<\/strong> sous l\u2019impulsion de fabricants comme XGIMI, Dangbei ou encore Nebula, il faut aussi savoir que les vid\u00e9oprojecteurs \u00e0 ultra-courte focale se placent comme de <a href=\"https:\/\/www.ecranlarge.com\/high-tech\/conseils\/1461294-videoprojecteur-vs-ecran-tv\" target=\"_blank\" rel=\"noopener\">solides alternatives aux TV<\/a>. Avec leur image de qualit\u00e9 et <strong>l\u2019encombrement r\u00e9duit<\/strong> lorsqu\u2019ils sont \u00e9teints, ils ne manquent pas d\u2019arguments pour s\u00e9duire les clients.<\/p>\n<p>Parmi les marques qui se distinguent dans ce secteur, il y a notamment <strong>JMGO qui nous avait d\u00e9j\u00e0 conquis<\/strong> avec <a href=\"https:\/\/www.ecranlarge.com\/high-tech\/test\/test-jmgo-o2s-ultra\" target=\"_blank\" rel=\"noopener\">son O2S Ultra test\u00e9 en novembre dernier<\/a>. Et elle esp\u00e8re s\u2019ouvrir encore plus au grand public avec l\u2019O3, un mod\u00e8le qui suit la m\u00eame philosophie <strong>tout en \u00e9tant plus accessible<\/strong>. Coup de projecteur sur cet appareil qui pourrait \u00eatre l\u2019un des best-sellers en 2026.<\/p>\n<p><img loading=\"lazy\" decoding=\"async\" width=\"1200\" height=\"670\" alt=\"projecteur JMGO O3\" src=\"https:\/\/www.europesays.com\/fr\/wp-content\/uploads\/2025\/12\/projecteur-jmgo-o3.jpg\"  \/><\/p>\n<p>Toujours la m\u00eame bouille attachante que les derniers mod\u00e8les de chez JMGO.Compacit\u00e9, triple laser, options pour le gaming : le JMGO O3 joue sur tous les terrains<\/p>\n<p>\u00c0 l\u2019heure actuelle, bon nombre d\u2019acheteurs s\u2019int\u00e9ressent aux vid\u00e9oprojecteurs <strong>capables de tout faire ou presque<\/strong>. Et s\u2019il y a bien une marque qui s\u2019efforce de cr\u00e9er des mod\u00e8les <strong>les plus polyvalents possibles<\/strong>, c\u2019est bien JMGO. Son nouveau mini-projecteur \u00e0 ultra-courte focale O3 le montre d\u2019ailleurs tr\u00e8s bien, puisqu\u2019il dispose d\u2019une source triple laser MALC 3.0 offrant <strong>une luminosit\u00e9 de 1 400 lumens ISO<\/strong> (selon le fabricant). Un bon point pour un appareil d\u2019\u00e0 peine 2,4 kg et aux dimensions aussi compactes (250 x 219 x 107 mm), qui trouvera facilement sa place sur un petit meuble TV.<\/p>\n<p>Contrairement au JMGO O2S Ultra (vendu \u00e0 2 799 \u20ac en d\u00e9cembre 2025), sa d\u00e9finition native se limite au <strong>Full HD (et non 4K)<\/strong> mais il peut toujours compter sur un tr\u00e8s bon rapport de projection (0,18:1) pour projeter <strong>une image de 100 pouces \u00e0 22 cm du mur<\/strong>, comme le confirme <a href=\"https:\/\/www.notebookcheck.net\/Jmgo-reveals-new-brighter-O3-Ultra-Short-Throw-Projector.1176588.0.html\" target=\"_blank\" rel=\"noreferrer noopener nofollow\">Notebook Check<\/a>. La marque asiatique a \u00e9galement pens\u00e9 aux gamers avec des options comme le <strong>VRR<\/strong> (taux de rafra\u00eechissement variable), des <strong>modes de faible latence<\/strong>, ainsi qu\u2019une connectique adapt\u00e9e avec 2 ports HDMI 2.1 (dont un <a href=\"https:\/\/www.ecranlarge.com\/high-tech\/conseils\/hdmi-arc-ou-earc\" target=\"_blank\" rel=\"noopener\">eARC<\/a>) pour <strong>pouvoir jouer en 120 Hz<\/strong>.<\/p>\n<p>Et enfin, il ne faudrait pas oublier sa partie \u00ab\u00a0Smart TV\u00a0\u00bb qui tournera <strong>vraisemblablement sur Google TV<\/strong>, comme l\u2019O2S Ultra (m\u00eame si cela n\u2019a pas \u00e9t\u00e9 confirm\u00e9), ainsi que <strong>son syst\u00e8me audio de 2 x 10 W<\/strong> compatible Dolby Audio et DTS-HD \/ DTS:X. Il ne faudra probablement pas s\u2019attendre \u00e0 un rendu sonore digne de <a href=\"https:\/\/www.ecranlarge.com\/high-tech\/actu\/1464954-meilleures-enceintes-home-cinema\" target=\"_blank\" rel=\"noopener\">vraies enceintes de home-cin\u00e9ma<\/a>, mais JMGO promet tout de m\u00eame <strong>des basses qui descendent jusqu\u2019\u00e0 40 Hz<\/strong>. On attend de voir.<\/p>\n<p><a href=\"https:\/\/www.ecranlarge.com\/content\/uploads\/2025\/12\/jmgo-o3-et-ses-accessoires.jpg\" target=\"_blank\" rel=\"noopener\"><\/p>\n<p><img loading=\"lazy\" decoding=\"async\" alt=\"JMGO O3 et ses accessoires\" src=\"https:\/\/www.europesays.com\/fr\/wp-content\/uploads\/2025\/12\/jmgo-o3-et-ses-accessoires-1260x709.jpg\" width=\"1260\" height=\"709\"  \/><\/p>\n<p><\/a>Il y a m\u00eame tout le n\u00e9cessaire pour l\u2019emmener en voyage.Un lancement pr\u00e9vu en Europe pour 2026 ?<\/p>\n<p>D\u00e9j\u00e0 commercialis\u00e9 en Chine \u00e0 <strong>3 749 yuans (environ 454 \u20ac)<\/strong>, le JMGO O3 devrait \u00eatre l\u2019un des mod\u00e8les \u00e0 ultra-courte focale <strong>les plus abordables sur le march\u00e9 actuel<\/strong>. Pour en savoir plus sur son tarif de lancement, la marque donne rendez-vous en janvier prochain pour <strong>le salon CES de Las Vegas<\/strong>.<\/p>\n<p>Dans tous les cas, il nous tarde d\u00e9j\u00e0 de pouvoir <strong>tester ce nouveau projecteur<\/strong> pour se faire un v\u00e9ritable avis, et voir s\u2019il m\u00e9riterait de rejoindre notre s\u00e9lection des <a href=\"https:\/\/www.ecranlarge.com\/high-tech\/conseils\/videoprojecteurs-moins-de-500-euros\" target=\"_blank\" rel=\"noopener\">meilleurs mod\u00e8les \u00e0 moins de 500 \u20ac<\/a>. Sur le papier, il coche d\u00e9j\u00e0 de nombreuses cases et semble parfaitement arm\u00e9 pour <strong>s\u2019imposer sur le march\u00e9 en 2026<\/strong>.<\/p>\n","protected":false},"excerpt":{"rendered":"La tendance des petits projecteurs \u00e0 ultra-courte focale se porte plut\u00f4t bien, comme le montre JMGO avec son&hellip;\n","protected":false},"author":2,"featured_media":586722,"comment_status":"","ping_status":"","sticky":false,"template":"","format":"standard","meta":{"footnotes":""},"categories":[7],"tags":[1011,27,43,40,41,39,42,44],"class_list":{"0":"post-586721","1":"post","2":"type-post","3":"status-publish","4":"format-standard","5":"has-post-thumbnail","7":"category-sciences-et-technologies","8":"tag-fr","9":"tag-france","10":"tag-science","11":"tag-science-and-technology","12":"tag-sciences","13":"tag-sciences-et-technologies","14":"tag-technologies","15":"tag-technology"},"share_on_mastodon":{"url":"https:\/\/pubeurope.com\/@fr\/115684950928147359","error":""},"_links":{"self":[{"href":"https:\/\/www.europesays.com\/fr\/wp-json\/wp\/v2\/posts\/586721","targetHints":{"allow":["GET"]}}],"collection":[{"href":"https:\/\/www.europesays.com\/fr\/wp-json\/wp\/v2\/posts"}],"about":[{"href":"https:\/\/www.europesays.com\/fr\/wp-json\/wp\/v2\/types\/post"}],"author":[{"embeddable":true,"href":"https:\/\/www.europesays.com\/fr\/wp-json\/wp\/v2\/users\/2"}],"replies":[{"embeddable":true,"href":"https:\/\/www.europesays.com\/fr\/wp-json\/wp\/v2\/comments?post=586721"}],"version-history":[{"count":0,"href":"https:\/\/www.europesays.com\/fr\/wp-json\/wp\/v2\/posts\/586721\/revisions"}],"wp:featuredmedia":[{"embeddable":true,"href":"https:\/\/www.europesays.com\/fr\/wp-json\/wp\/v2\/media\/586722"}],"wp:attachment":[{"href":"https:\/\/www.europesays.com\/fr\/wp-json\/wp\/v2\/media?parent=586721"}],"wp:term":[{"taxonomy":"category","embeddable":true,"href":"https:\/\/www.europesays.com\/fr\/wp-json\/wp\/v2\/categories?post=586721"},{"taxonomy":"post_tag","embeddable":true,"href":"https:\/\/www.europesays.com\/fr\/wp-json\/wp\/v2\/tags?post=586721"}],"curies":[{"name":"wp","href":"https:\/\/api.w.org\/{rel}","templated":true}]}}