{"id":586728,"date":"2025-12-08T16:47:14","date_gmt":"2025-12-08T16:47:14","guid":{"rendered":"https:\/\/www.europesays.com\/fr\/586728\/"},"modified":"2025-12-08T16:47:14","modified_gmt":"2025-12-08T16:47:14","slug":"malgre-lemergence-dun-adversaire-surprise-tondelier-remporte-la-primaire-des-ecologistes","status":"publish","type":"post","link":"https:\/\/www.europesays.com\/fr\/586728\/","title":{"rendered":"Malgr\u00e9 l\u2019\u00e9mergence d\u2019un adversaire surprise, Tondelier remporte la primaire des Ecologistes"},"content":{"rendered":"<p>Il n\u2019y avait pas de grand suspense, malgr\u00e9 la candidature d\u2019un adversaire surprise\u00a0: <a href=\"https:\/\/www.20minutes.fr\/politique\/marine-tondelier\/\" class=\"c-link c-link--is-underlined\" target=\"_blank\" rel=\"noopener\">Marine Tondelie<\/a>r a remport\u00e9 la primaire interne des <a href=\"https:\/\/www.20minutes.fr\/politique\/eelv\/\" class=\"c-link c-link--is-underlined\" target=\"_blank\" rel=\"noopener\">Ecologistes<\/a>, avec 86\u00a0% des suffrages exprim\u00e9s, pour repr\u00e9senter son parti \u00e0 la primaire de la gauche pour la <a href=\"https:\/\/www.20minutes.fr\/elections\/presidentielle\/\" class=\"c-link c-link--is-underlined\" target=\"_blank\" rel=\"noopener\">pr\u00e9sidentielle de\u00a02027<\/a>.<\/p>\n<p>Son adversaire, Waleed Mouhali, conseiller municipal \u00e0 La Garenne-Colombes (<a href=\"https:\/\/www.20minutes.fr\/dossier\/hauts-de-seine\" class=\"c-link c-link--is-underlined\" target=\"_blank\" rel=\"noopener\">Hauts-de-Seine<\/a>), quasi inconnu, a remport\u00e9 14\u00a0% des suffrages exprim\u00e9s des 54\u00a0% des militants qui ont particip\u00e9 au vote, ouvert depuis vendredi, a annonc\u00e9 lundi le parti.<\/p>\n<\/p>\n<p>Environ 12.800 adh\u00e9rents (ceux \u00e0 jour de cotisation et avec plus de six mois d\u2019anciennet\u00e9) sur les quelque 16.000 que compte le parti pouvaient participer au vote. Marine Tondelier a recueilli un total de 5.341 voix.<\/p>\n<p>\u00ab\u00a0Une d\u00e9signation pour l\u2019\u00e9lection pr\u00e9sidentielle qui se passe bien et sereinement, c\u2019est assez historique dans ce mouvement\u00a0\u00bb, a soulign\u00e9 devant la presse la cheffe des Ecologistes, qui sera donc la seule repr\u00e9sentante du parti \u00e0 la primaire de la gauche. \u00ab\u00a0Tout invite \u00e0 l\u2019humilit\u00e9\u00a0\u00bb, en raison de la mont\u00e9e de l\u2019extr\u00eame droite dans le pays, a ajout\u00e9 Marine Tondelier, dont le slogan pour la primaire sera\u00a0: \u00ab\u00a0Tenez bon, nous arrivons\u00a0\u00bb.<\/p>\n<p>\u00ab\u00a0Rien ne pourra se faire seul (\u2026) il faut se battre ensemble\u00a0\u00bb, a encore ajout\u00e9 cette grande d\u00e9fenseuse de l\u2019union de la gauche, qui a pr\u00e9cis\u00e9 que dans les prochaines semaines, elle \u00ab\u00a0rendrait visite \u00e0 des victimes du budget qui est en train d\u2019\u00eatre examin\u00e9 au S\u00e9nat et \u00e0 l\u2019Assembl\u00e9e nationale\u00a0\u00bb. \u00ab\u00a0Je n\u2019avais rien contre les ambitions pr\u00e9sidentielles de Marine Tondelier\u00a0\u00bb, a pour sa part d\u00e9clar\u00e9 son adversaire d\u00e9fait Waleed Mouhali, qui a pr\u00e9cis\u00e9 qu\u2019il se montrerait \u00ab\u00a0loyal et exigeant\u00a0\u00bb envers la secr\u00e9taire nationale du parti.<\/p>\n<p>Une primaire de la gauche sans ses \u00ab\u00a0poids lourds\u00a0\u00bb<\/p>\n<p>Marine Tondelier, 39 ans, est \u00e0 la t\u00eate des Ecologistes depuis\u00a02022. Elle a \u00e9t\u00e9 r\u00e9\u00e9lue en avril dernier avec 73\u00a0% des voix. La primaire de la gauche est port\u00e9e par le PS, les Ecologistes, G\u00e9n\u00e9ration. s et les ex-d\u00e9put\u00e9s LFI Cl\u00e9mentine Autain (L\u2019Apr\u00e8s) et Fran\u00e7ois Ruffin (Debout\u00a0!).<\/p>\n<p>Mais ni les communistes, ni le dirigeant de Place publique Rapha\u00ebl Glucksmann, ni le leader de La France insoumise, Jean-Luc M\u00e9lenchon &#8211; les deux personnalit\u00e9s de gauche les plus avanc\u00e9es dans les sondages &#8211; ne souhaitent \u00e0 ce stade y participer.<\/p>\n<p>Ses modalit\u00e9s, encore en discussion, tout comme la date de ce scrutin, pr\u00e9vu en principe pour octobre\u00a02026, doivent \u00eatre pr\u00e9sent\u00e9es mi-d\u00e9cembre. Marine Tondelier affrontera dans la primaire Fran\u00e7ois Ruffin et Cl\u00e9mentine Autain, qui ont d\u00e9j\u00e0 fait acte de candidature, et possiblement un repr\u00e9sentant socialiste, peut-\u00eatre le Premier secr\u00e9taire du parti, Olivier Faure, dont elle est proche. \u00ab\u00a0Je fais confiance aux \u00e9lecteurs de gauche et des Ecologistes pour choisir la meilleure candidature\u00a0\u00bb, a d\u00e9clar\u00e9 Marine Tondelier \u00e0 ce sujet lundi.<\/p>\n","protected":false},"excerpt":{"rendered":"Il n\u2019y avait pas de grand suspense, malgr\u00e9 la candidature d\u2019un adversaire surprise\u00a0: Marine Tondelier a remport\u00e9 la&hellip;\n","protected":false},"author":2,"featured_media":586729,"comment_status":"","ping_status":"","sticky":false,"template":"","format":"standard","meta":{"footnotes":""},"categories":[2],"tags":[47,11,18836,3079,1011,27,4483,3081,32356,4729,12,4393,316,16072,15923],"class_list":{"0":"post-586728","1":"post","2":"type-post","3":"status-publish","4":"format-standard","5":"has-post-thumbnail","7":"category-actualites","8":"tag-actualite","9":"tag-actualites","10":"tag-clementine-autain","11":"tag-election-presidentielle-2027","12":"tag-fr","13":"tag-france","14":"tag-francois-ruffin","15":"tag-jean-luc-melenchon","16":"tag-les-ecologistes-eelv","17":"tag-marine-tondelier","18":"tag-news","19":"tag-olivier-faure","20":"tag-politique","21":"tag-primaire","22":"tag-raphael-glucksmann"},"share_on_mastodon":{"url":"https:\/\/pubeurope.com\/@fr\/115684969345363895","error":""},"_links":{"self":[{"href":"https:\/\/www.europesays.com\/fr\/wp-json\/wp\/v2\/posts\/586728","targetHints":{"allow":["GET"]}}],"collection":[{"href":"https:\/\/www.europesays.com\/fr\/wp-json\/wp\/v2\/posts"}],"about":[{"href":"https:\/\/www.europesays.com\/fr\/wp-json\/wp\/v2\/types\/post"}],"author":[{"embeddable":true,"href":"https:\/\/www.europesays.com\/fr\/wp-json\/wp\/v2\/users\/2"}],"replies":[{"embeddable":true,"href":"https:\/\/www.europesays.com\/fr\/wp-json\/wp\/v2\/comments?post=586728"}],"version-history":[{"count":0,"href":"https:\/\/www.europesays.com\/fr\/wp-json\/wp\/v2\/posts\/586728\/revisions"}],"wp:featuredmedia":[{"embeddable":true,"href":"https:\/\/www.europesays.com\/fr\/wp-json\/wp\/v2\/media\/586729"}],"wp:attachment":[{"href":"https:\/\/www.europesays.com\/fr\/wp-json\/wp\/v2\/media?parent=586728"}],"wp:term":[{"taxonomy":"category","embeddable":true,"href":"https:\/\/www.europesays.com\/fr\/wp-json\/wp\/v2\/categories?post=586728"},{"taxonomy":"post_tag","embeddable":true,"href":"https:\/\/www.europesays.com\/fr\/wp-json\/wp\/v2\/tags?post=586728"}],"curies":[{"name":"wp","href":"https:\/\/api.w.org\/{rel}","templated":true}]}}