{"id":586731,"date":"2025-12-08T16:49:15","date_gmt":"2025-12-08T16:49:15","guid":{"rendered":"https:\/\/www.europesays.com\/fr\/586731\/"},"modified":"2025-12-08T16:49:15","modified_gmt":"2025-12-08T16:49:15","slug":"il-na-pas-lage-pour-conduire-et-provoque-un-accident-un-ado-interpelle-dans-la-loire","status":"publish","type":"post","link":"https:\/\/www.europesays.com\/fr\/586731\/","title":{"rendered":"Il n&rsquo;a pas l&rsquo;\u00e2ge pour conduire et provoque un accident : un ado interpell\u00e9 dans la Loire"},"content":{"rendered":"<p>Un adolescent de 16 ans a \u00e9t\u00e9 interpell\u00e9 par la police samedi soir entre Saint-\u00c9tienne et Saint-Chamond (Loire) apr\u00e8s avoir perdu le contr\u00f4le d&rsquo;une voiture.<\/p>\n<p>Les faits remontent \u00e0 la soir\u00e9e du samedi 6 d\u00e9cembre. Sur la route touristique entre Saint-\u00c9tienne et Saint-Chamond, <b>un adolescent de 16 ans<\/b> a perdu le contr\u00f4le d&rsquo;une voiture.<\/p>\n<p>Le v\u00e9hicule a termin\u00e9 sa route dans <b>un foss\u00e9<\/b>. Le conducteur et un autre jeune homme n&rsquo;ont pas \u00e9t\u00e9 bless\u00e9s.<\/p>\n<p>Le jeune de 16 ans conduisait au moment de l&rsquo;accident<\/p>\n<p>Lors de leurs explications, les policiers du Gier comprennent rapidement que l&rsquo;adolescent de 16 ans \u00e9tait au volant lorsque l&rsquo;accident s&rsquo;est produit.<\/p>\n<p>Originaire de Saint-\u00c9tienne, <b>ce mineur a donc \u00e9t\u00e9 interpell\u00e9 et plac\u00e9 en garde \u00e0 vue<\/b> par des policiers, avant d&rsquo;\u00eatre convoqu\u00e9 prochainement devant la justice.<\/p>\n<p><img loading=\"lazy\" decoding=\"async\" src=\"https:\/\/www.europesays.com\/fr\/wp-content\/uploads\/2025\/12\/1765212555_146_img\" width=\"350\" height=\"200\" border=\"0\" title=\"La gendarmerie\"\/><\/p>\n<p>\u25baFaits divers<\/p>\n<p style=\"font-size: 22px;\"><b>Des cambrioleurs interpell\u00e9s \u00e0 Saint-\u00c9tienne, d&rsquo;autres en fuite dans le Roannais<\/b><\/p>\n<p>Plusieurs cambriolages ont \u00e9t\u00e9 commis, ce vendredi&#8230;<\/p>\n<p><\/p>\n","protected":false},"excerpt":{"rendered":"Un adolescent de 16 ans a \u00e9t\u00e9 interpell\u00e9 par la police samedi soir entre Saint-\u00c9tienne et Saint-Chamond (Loire)&hellip;\n","protected":false},"author":2,"featured_media":586732,"comment_status":"","ping_status":"","sticky":false,"template":"","format":"standard","meta":{"footnotes":""},"categories":[9653],"tags":[119,1111,11,2430,1777,674,6017,1011,27,3367,12,25,9920,9669,4001],"class_list":{"0":"post-586731","1":"post","2":"type-post","3":"status-publish","4":"format-standard","5":"has-post-thumbnail","7":"category-saint-etienne","8":"tag-accident","9":"tag-actu","10":"tag-actualites","11":"tag-auvergne-rhone-alpes","12":"tag-eu","13":"tag-europe","14":"tag-fait-divers","15":"tag-fr","16":"tag-france","17":"tag-loire","18":"tag-news","19":"tag-republique-francaise","20":"tag-saint-tienne","21":"tag-saint-chamond","22":"tag-saint-etienne"},"share_on_mastodon":{"url":"https:\/\/pubeurope.com\/@fr\/115684977891068674","error":""},"_links":{"self":[{"href":"https:\/\/www.europesays.com\/fr\/wp-json\/wp\/v2\/posts\/586731","targetHints":{"allow":["GET"]}}],"collection":[{"href":"https:\/\/www.europesays.com\/fr\/wp-json\/wp\/v2\/posts"}],"about":[{"href":"https:\/\/www.europesays.com\/fr\/wp-json\/wp\/v2\/types\/post"}],"author":[{"embeddable":true,"href":"https:\/\/www.europesays.com\/fr\/wp-json\/wp\/v2\/users\/2"}],"replies":[{"embeddable":true,"href":"https:\/\/www.europesays.com\/fr\/wp-json\/wp\/v2\/comments?post=586731"}],"version-history":[{"count":0,"href":"https:\/\/www.europesays.com\/fr\/wp-json\/wp\/v2\/posts\/586731\/revisions"}],"wp:featuredmedia":[{"embeddable":true,"href":"https:\/\/www.europesays.com\/fr\/wp-json\/wp\/v2\/media\/586732"}],"wp:attachment":[{"href":"https:\/\/www.europesays.com\/fr\/wp-json\/wp\/v2\/media?parent=586731"}],"wp:term":[{"taxonomy":"category","embeddable":true,"href":"https:\/\/www.europesays.com\/fr\/wp-json\/wp\/v2\/categories?post=586731"},{"taxonomy":"post_tag","embeddable":true,"href":"https:\/\/www.europesays.com\/fr\/wp-json\/wp\/v2\/tags?post=586731"}],"curies":[{"name":"wp","href":"https:\/\/api.w.org\/{rel}","templated":true}]}}