{"id":586735,"date":"2025-12-08T16:51:16","date_gmt":"2025-12-08T16:51:16","guid":{"rendered":"https:\/\/www.europesays.com\/fr\/586735\/"},"modified":"2025-12-08T16:51:16","modified_gmt":"2025-12-08T16:51:16","slug":"villers-et-nancy-relegue-le-well-nancy-en-sursis","status":"publish","type":"post","link":"https:\/\/www.europesays.com\/fr\/586735\/","title":{"rendered":"Villers et Nancy rel\u00e9gu\u00e9, le Well Nancy en sursis"},"content":{"rendered":"<p>Championnats d\u2019hiver par \u00e9quipes (dames)<\/p>\n<p>Ce week-end<\/p>\n<p>Cela fait maintenant quelques ann\u00e9es que le tennis f\u00e9minin meurthe-et-mosellan traverse une passe difficile. La rel\u00e8ve se faisant attendre chez les secondes s\u00e9ries, les \u00e9quipes engag\u00e9es dans les championnats d\u2019hiver en paient les cons\u00e9quences. Ainsi, le promu villarois ne sera rest\u00e9 qu\u2019une saison dans l\u2019\u00e9lite r\u00e9gionale.<\/p>\n<p>Battues pour la 4e fois en quatre lev\u00e9es, Magali Goesel et ses co\u00e9quipi\u00e8res repartiront \u00e0 l\u2019\u00e9tage inf\u00e9rieur l\u2019an prochain. Face \u00e0 Freyming, les Nanc\u00e9o-Villaroises n\u2019ont pu que sauver l\u2019honneur. \u00ab\u00a0Cette ann\u00e9e, je n\u2019ai malheureusement jamais pu aligner mon \u00e9quipe type\u00a0\u00bb, regrette L\u00e9o-Paul Watelet dont la formation terminera sa saison \u00e0 Cattenom pour du beurre.<\/p>\n<p>De son c\u00f4t\u00e9 le Well Nancy pourrait aussi prendre place dans la charrette des condamn\u00e9s. N\u2019alignant encore une fois que des 15\/1 \u00e0 Thionville, le Well Nancy a subi la loi de Mosellanes bien plus aguerries (5-0). Pour esp\u00e9rer se sauver, le Well Nancy devra battre Freyming Merlebach, lors de l\u2019ultime journ\u00e9e, en essayant de r\u00e9aliser un carton plein en raison d\u2019un match av\u00e9rage d\u00e9favorable.<\/p>\n<p class=\"insetTitle\">Les r\u00e9sultats<\/p>\n<p><strong>\u25b6 \u2002 VNTC \u2013 FREYMING MERLEBACH\u00a0: 1-4<\/strong><\/p>\n<p>Simples\u00a0: Goesel (2\/6, VNTC) bat Kern (3\/6)\u00a0: 7-5, 75\u00a0; D.\u00a0Volkov (4\/6) bat Bellott (15, VNTC)\u00a0: 6-0, 6-1\u00a0; A.\u00a0Volkov (15\/2) bat Gallaire (15\/3, VNTC)\u00a0: 6-1, 6-0.<\/p>\n<p>Double\u00a0:  D.\u00a0Volkov\/Kern batten Goesel\/Bellott (VNTC)\u00a0: 6-1, 6-0.<\/p>\n<p><strong> \u25b6 \u2002 THIONVILLE \u2013 WELL NANCY\u00a0: 5-0<\/strong><\/p>\n<p>Simples\u00a0:  M.\u00a0Zowczak (2\/6) bat Flandre (15\/1)\u00a0: 6-1, 6-0\u00a0; Gallet (4\/6) bat Marchand (15\/1)\u00a0: 6-0, 6-1\u00a0; G.\u00a0Zowczak (5\/6) bat Voydeville (15\/1)\u00a0: 6-0, 6-0.<\/p>\n<p>Doubles\u00a0:  M.\u00a0Zowczak\/Gallet battent Flandre\/Marchand\u00a0: 6-1, 6-1.<\/p>\n","protected":false},"excerpt":{"rendered":"Championnats d\u2019hiver par \u00e9quipes (dames) Ce week-end Cela fait maintenant quelques ann\u00e9es que le tennis f\u00e9minin meurthe-et-mosellan traverse&hellip;\n","protected":false},"author":2,"featured_media":586736,"comment_status":"","ping_status":"","sticky":false,"template":"","format":"standard","meta":{"footnotes":""},"categories":[9635],"tags":[1111,11,1704,1777,674,1701,1011,27,775,1702,1703,12,25,517,1700,1467,10261],"class_list":{"0":"post-586735","1":"post","2":"type-post","3":"status-publish","4":"format-standard","5":"has-post-thumbnail","7":"category-nancy","8":"tag-actu","9":"tag-actualites","10":"tag-edition-nancy-et-agglomeration","11":"tag-eu","12":"tag-europe","13":"tag-fil-info-sport","14":"tag-fr","15":"tag-france","16":"tag-grand-est","17":"tag-nancy","18":"tag-nancy-ville-54b","19":"tag-news","20":"tag-republique-francaise","21":"tag-sport","22":"tag-sport-lorrain","23":"tag-tennis","24":"tag-villers-les-nancy"},"share_on_mastodon":{"url":"https:\/\/pubeurope.com\/@fr\/115684984935815767","error":""},"_links":{"self":[{"href":"https:\/\/www.europesays.com\/fr\/wp-json\/wp\/v2\/posts\/586735","targetHints":{"allow":["GET"]}}],"collection":[{"href":"https:\/\/www.europesays.com\/fr\/wp-json\/wp\/v2\/posts"}],"about":[{"href":"https:\/\/www.europesays.com\/fr\/wp-json\/wp\/v2\/types\/post"}],"author":[{"embeddable":true,"href":"https:\/\/www.europesays.com\/fr\/wp-json\/wp\/v2\/users\/2"}],"replies":[{"embeddable":true,"href":"https:\/\/www.europesays.com\/fr\/wp-json\/wp\/v2\/comments?post=586735"}],"version-history":[{"count":0,"href":"https:\/\/www.europesays.com\/fr\/wp-json\/wp\/v2\/posts\/586735\/revisions"}],"wp:featuredmedia":[{"embeddable":true,"href":"https:\/\/www.europesays.com\/fr\/wp-json\/wp\/v2\/media\/586736"}],"wp:attachment":[{"href":"https:\/\/www.europesays.com\/fr\/wp-json\/wp\/v2\/media?parent=586735"}],"wp:term":[{"taxonomy":"category","embeddable":true,"href":"https:\/\/www.europesays.com\/fr\/wp-json\/wp\/v2\/categories?post=586735"},{"taxonomy":"post_tag","embeddable":true,"href":"https:\/\/www.europesays.com\/fr\/wp-json\/wp\/v2\/tags?post=586735"}],"curies":[{"name":"wp","href":"https:\/\/api.w.org\/{rel}","templated":true}]}}