{"id":586741,"date":"2025-12-08T16:55:13","date_gmt":"2025-12-08T16:55:13","guid":{"rendered":"https:\/\/www.europesays.com\/fr\/586741\/"},"modified":"2025-12-08T16:55:13","modified_gmt":"2025-12-08T16:55:13","slug":"casser-ce-plafond-de-verre-montpellier-se-presente-avec-ambition-en-ligue-des-champions","status":"publish","type":"post","link":"https:\/\/www.europesays.com\/fr\/586741\/","title":{"rendered":"\u00ab\u00a0Casser ce plafond de verre\u00a0\u00bb, Montpellier se pr\u00e9sente avec ambition en Ligue des champions"},"content":{"rendered":"<p>\n                                                                Avant le d\u00e9placement \u00e0 Civitanova en Italie, mardi (20h30), le pr\u00e9sident du MHSC VB Jean-Charles Caylar \u00e9voque son souhait d\u2019installer le club durablement sur la sc\u00e8ne europ\u00e9enne.\n                            <\/p>\n<p class=\"txt-question\">Quel regard portez-vous sur le d\u00e9but de saison de votre \u00e9quipe\u00a0?<\/p>\n<p>Je le juge satisfaisant hormis la grosse d\u00e9ception de l\u2019\u00e9limination en Coupe de France. Le regret est att\u00e9nu\u00e9 puisque Saint-Nazaire va jouer \u00e0 Tours lors du prochain tour, ce d\u00e9placement aurait \u00e9t\u00e9 difficile avec notre effectif du moment. En championnat, je ne pensais pas qu\u2019on en serait l\u00e0, en t\u00eate du classement. On souffre mais il n\u2019y a pas un seul match o\u00f9 nous n\u2019avons pas pris de point.<\/p>\n<p class=\"txt-question\">Le gros point noir de cette premi\u00e8re partie de saison est les blessures de plusieurs joueurs dont le Canadien Jordan Schnitzer qui n\u2019a pas encore pu jouer\u2026<\/p>\n<p>Il \u00e9tait programm\u00e9 pour remplacer au poste de central Nicolas Le Goff dont on savait qu\u2019il allait devoir s\u2019arr\u00eater pour soigner son \u00e9paule. On n\u2019avait pas anticip\u00e9 que Jordan Schnitzer reviendrait bless\u00e9 du championnat du monde. Il faut voir le verre \u00e0 moiti\u00e9 plein, c\u2019est peut-\u00eatre maintenant qu\u2019on pr\u00e9pare la fin de saison. Des joueurs ont du temps de jeu, Lo\u00efc Le Marrec innove, tout le monde travaille et nous avons de bons r\u00e9sultats.<\/p>\n<p class=\"txt-question\">Envisagez-vous de recruter un nouveau joueur pour remplacer les absents de longue date\u00a0?<\/p>\n<p>\u00ab\u00a0Etre en Ligue des champions chaque ann\u00e9e\u00a0\u00bb<\/p>\n<p>On va voir en fonction des retours. Si en janvier, les absents actuels ne sont pas aptes, on pourra envisager le recrutement d\u2019un joueur si on en trouve un qui nous convient.<\/p>\n<p class=\"txt-question\">Le MHSC VB est de retour en Ligue des champions. C\u2019est un moment important pour vous\u00a0?<\/p>\n<p>Le club se structure pour \u00eatre \u00e0 ce niveau-l\u00e0. Nous faisons partie des clubs les mieux structur\u00e9s du championnat comme Tours ou Tourcoing. \u00catre en Ligue des champions, c\u2019est l\u2019objectif qu\u2019on aura chaque ann\u00e9e.<\/p>\n<p class=\"txt-question\">Malgr\u00e9 les blessures, vous ambitionnez toujours de sortir de la poule et vous qualifier pour les phases finales\u00a0?<\/p>\n<p>L\u2019objectif est de sortir du groupe, ce qui concerne les deux premiers ou le meilleur troisi\u00e8me m\u00eame si on sait qu\u2019on ne pourra pas compter sur Nicolas Le Goff, l\u2019un des meilleurs centraux en Europe.<\/p>\n<p class=\"txt-question\">Comme votre derni\u00e8re campagne en Ligue des champions en 2022-2023, serez-vous encore attentif \u00e0 la mani\u00e8re dont travaillent les clubs europ\u00e9ens que vous allez croiser\u00a0?<\/p>\n<p>\u00c0 l\u2019\u00e9poque, j\u2019ai vu ce qu\u2019il s\u2019y passait, la mani\u00e8re dont les meilleurs clubs \u00e9taient structur\u00e9s. Je pense qu\u2019on est dans les standards de ces clubs. La preuve avec l\u2019invitation re\u00e7ue de la part de la Conf\u00e9d\u00e9ration Europ\u00e9enne de Volley-ball (CEV). On a un effectif qui devrait \u00eatre capable de se qualifier. Place au sportif pour le prouver, c\u2019est le moment pour les joueurs de se montrer. Je suis convaincu qu\u2019on peut y arriver.<\/p>\n<p class=\"txt-question\">Comment les clubs fran\u00e7ais peuvent se rapprocher des meilleurs du continent\u00a0?<\/p>\n<p>Si on arrive \u00e0 performer en Ligue des champions, des joueurs vont vouloir venir. \u00c0 Montpellier, on peut aussi offrir une qualit\u00e9 de vie qu\u2019il n\u2019y a pas ailleurs. Si sportivement, on tient la route, on doit \u00eatre capable d\u2019attirer des joueurs. Il faut qu\u2019on arrive \u00e0 casser ce plafond de verre sur la sc\u00e8ne europ\u00e9enne.<\/p>\n<p>    Le match<\/p>\n<p>Pour lancer son aventure en Ligue des champions, le MHSC VB se rend sur le parquet d\u2019un cador du championnat italien. Depuis qu\u2019elle est install\u00e9e \u00e0 Civitanova (2015), l\u2019AS Volley Lube a remport\u00e9 trois fois le championnat italien (2017, 2019, 2021) et la Coupe d\u2019Italie (2017, 2020, 2021). Le club transalpin s\u2019est m\u00eame adjug\u00e9 la Ligue des champions en 2019 apr\u00e8s avoir perdu en finale l\u2019ann\u00e9e pr\u00e9c\u00e9dente. D\u00e9faits \u00e0 Mod\u00e8ne samedi dernier (3-1), les adversaires de Montpellier restent sur quatre d\u00e9faites en cinq matchs en SuperLega et sont actuellement sixi\u00e8mes du classement. Ils comptent, dans leur rang, un joueur fran\u00e7ais Noah Duflos-Rossi (18 ans) mais aussi des joueurs internationaux de renom comme le ph\u00e9nom\u00e8ne bulgare Aleksandar Nikolov. L\u2019\u00e9quipe est entra\u00een\u00e9e par l\u2019Italien Giampaolo Medei pass\u00e9 par Narbonne, Beauvais ou encore Tours. Sans Nicolas Le Goff, absent, le MHSC VB fait face \u00e0 un immense d\u00e9fi mais, en Italie, il\u00a0n\u2019aura rien \u00e0 perdre.<\/p>\n","protected":false},"excerpt":{"rendered":"Avant le d\u00e9placement \u00e0 Civitanova en Italie, mardi (20h30), le pr\u00e9sident du MHSC VB Jean-Charles Caylar \u00e9voque son&hellip;\n","protected":false},"author":2,"featured_media":586742,"comment_status":"","ping_status":"","sticky":false,"template":"","format":"standard","meta":{"footnotes":""},"categories":[9599],"tags":[1111,11,1777,674,1011,27,7089,2208,12,2680,25,517,1632],"class_list":{"0":"post-586741","1":"post","2":"type-post","3":"status-publish","4":"format-standard","5":"has-post-thumbnail","7":"category-montpellier","8":"tag-actu","9":"tag-actualites","10":"tag-eu","11":"tag-europe","12":"tag-fr","13":"tag-france","14":"tag-herault","15":"tag-montpellier","16":"tag-news","17":"tag-occitanie","18":"tag-republique-francaise","19":"tag-sport","20":"tag-volley-ball"},"share_on_mastodon":{"url":"https:\/\/pubeurope.com\/@fr\/115685000840927779","error":""},"_links":{"self":[{"href":"https:\/\/www.europesays.com\/fr\/wp-json\/wp\/v2\/posts\/586741","targetHints":{"allow":["GET"]}}],"collection":[{"href":"https:\/\/www.europesays.com\/fr\/wp-json\/wp\/v2\/posts"}],"about":[{"href":"https:\/\/www.europesays.com\/fr\/wp-json\/wp\/v2\/types\/post"}],"author":[{"embeddable":true,"href":"https:\/\/www.europesays.com\/fr\/wp-json\/wp\/v2\/users\/2"}],"replies":[{"embeddable":true,"href":"https:\/\/www.europesays.com\/fr\/wp-json\/wp\/v2\/comments?post=586741"}],"version-history":[{"count":0,"href":"https:\/\/www.europesays.com\/fr\/wp-json\/wp\/v2\/posts\/586741\/revisions"}],"wp:featuredmedia":[{"embeddable":true,"href":"https:\/\/www.europesays.com\/fr\/wp-json\/wp\/v2\/media\/586742"}],"wp:attachment":[{"href":"https:\/\/www.europesays.com\/fr\/wp-json\/wp\/v2\/media?parent=586741"}],"wp:term":[{"taxonomy":"category","embeddable":true,"href":"https:\/\/www.europesays.com\/fr\/wp-json\/wp\/v2\/categories?post=586741"},{"taxonomy":"post_tag","embeddable":true,"href":"https:\/\/www.europesays.com\/fr\/wp-json\/wp\/v2\/tags?post=586741"}],"curies":[{"name":"wp","href":"https:\/\/api.w.org\/{rel}","templated":true}]}}